{"id":116530,"date":"2020-09-13T22:28:25","date_gmt":"2020-09-14T01:28:25","guid":{"rendered":"http:\/\/www.hoymercedes.com.ar\/principal\/?p=116530"},"modified":"2020-09-14T16:52:36","modified_gmt":"2020-09-14T19:52:36","slug":"coronavirus-30-pacientes-esperan-el-resultado-de-sus-hisopados","status":"publish","type":"post","link":"https:\/\/www.hoymercedes.com.ar\/principal\/2020\/09\/13\/coronavirus-30-pacientes-esperan-el-resultado-de-sus-hisopados\/","title":{"rendered":"Coronavirus: 30 pacientes esperan el resultado de sus hisopados"},"content":{"rendered":"\n<p>Informe oficial de Mercedes &#8211; En el d\u00eda de la fecha el Laboratorio de Virolog\u00eda Molecular Municipal no emiti\u00f3 resultados, aunque si efectu\u00f3 tareas de mantenimiento, seguimiento y acciones propias de los procesos cient\u00edficos que lleva adelante cotidianamente. Los test e hisopados de la jornada tendr\u00e1n su resultado el pr\u00f3ximo lunes. <br>Situaci\u00f3n epidemiol\u00f3gica: <br>Al d\u00eda de la fecha tenemos 187 casos activos y 860 desde iniciada la pandemia<br>En seguimiento por contacto estrecho contin\u00faan a instancias del Centro de Teleseguimiento con 93 operadores socio sanitarios a 854 mercedinos.<br>En cuanto al Centro de Aislamiento Sanitario II con todas las normas socio sanitarias y un fuerte trabajo de Salud, Protecci\u00f3n Civil, SAME, Seguridad, Desarrollo Social y Servicios P\u00fablicos tiene a 1 pacientes alojados, aislados y monitoreados.<\/p>\n\n\n\n<div class=\"wp-block-image\"><figure class=\"aligncenter size-large\"><img loading=\"lazy\" decoding=\"async\" width=\"800\" height=\"800\" data-attachment-id=\"116532\" data-permalink=\"https:\/\/www.hoymercedes.com.ar\/principal\/2020\/09\/13\/coronavirus-30-pacientes-esperan-el-resultado-de-sus-hisopados\/whatsapp-image-2020-09-13-at-22-10-00\/#main\" data-orig-file=\"https:\/\/www.hoymercedes.com.ar\/principal\/wp-content\/uploads\/2020\/09\/WhatsApp-Image-2020-09-13-at-22.10.00.jpeg\" data-orig-size=\"800,800\" data-comments-opened=\"0\" data-image-meta=\"{&quot;aperture&quot;:&quot;0&quot;,&quot;credit&quot;:&quot;&quot;,&quot;camera&quot;:&quot;&quot;,&quot;caption&quot;:&quot;&quot;,&quot;created_timestamp&quot;:&quot;0&quot;,&quot;copyright&quot;:&quot;&quot;,&quot;focal_length&quot;:&quot;0&quot;,&quot;iso&quot;:&quot;0&quot;,&quot;shutter_speed&quot;:&quot;0&quot;,&quot;title&quot;:&quot;&quot;,&quot;orientation&quot;:&quot;0&quot;}\" data-image-title=\"WhatsApp Image 2020-09-13 at 22.10.00\" data-image-description=\"\" data-image-caption=\"\" data-large-file=\"https:\/\/www.hoymercedes.com.ar\/principal\/wp-content\/uploads\/2020\/09\/WhatsApp-Image-2020-09-13-at-22.10.00.jpeg\" src=\"https:\/\/www.hoymercedes.com.ar\/principal\/wp-content\/uploads\/2020\/09\/WhatsApp-Image-2020-09-13-at-22.10.00.jpeg\" alt=\"\" class=\"wp-image-116532\"\/><\/figure><\/div>\n\n\n\n<p><strong>Informe nacional<\/strong><\/p>\n\n\n\n<p>En el informe nacional confirmaron 9.056 nuevos casos de COVID-19. Del total de la jornada, los positivos pertenecen a: provincia de Buenos Aires 3.689; Ciudad de Buenos Aires 843; Catamarca 4; Chaco 91; Chubut 73; C\u00f3rdoba 552; Corrientes 1; Entre R\u00edos 105; Jujuy 169; La Pampa 46; La Rioja 96; Mendoza 704; Neuqu\u00e9n 286; R\u00edo Negro 130; Salta 340; San Luis 1; Santa Cruz 193; Santa Fe 1.055; Santiago del Estero 79; Tierra del Fuego 22 y Tucum\u00e1n 583. Con estos registros, suman 555.537 positivos en el pa\u00eds.<\/p>\n\n\n\n<p>Asimismo, dieron cuenta del fallecimiento de 89 personas en todo el pa\u00eds con covid-19. En el informe matutino confirmaron las primeras 44: <br>27 hombres: 11 residentes en la provincia de Buenos Aires, 6 residentes en la Ciudad de Buenos Aires, 2 residentes en la provincia de Chaco, 3 residentes en la provincia de Jujuy, 2 residentes en la provincia de Neuqu\u00e9n, 1 residente en la provincia de R\u00edo Negro, 1 residente en la provincia de Santiago del Estero y 1 residente en la provincia de Salta. <br>17 mujeres: 3 residentes en la provincia de Buenos Aires, 7 residentes en la ciudad de Buenos Aires, 2 residentes en la provincia de Jujuy, 1 residente en la provincia de Neuqu\u00e9n, 2 residentes en la provincia de R\u00edo Negro, 1 residente en la provincia de Salta y 1 residente en la provincia de Santa Fe. <\/p>\n\n\n\n<p>En el informe nocturno confirmaron los restantes: <br>26 hombres: 11 residentes en la provincia de Buenos Aires, 4 residentes en la Ciudad de Buenos Aires, 3 residentes en la provincia de C\u00f3rdoba, 1 residente en la provincia de Entre R\u00edos, 1 residente en la provincia de Jujuy, 1 residente en la provincia de La Rioja, 2 residentes en la provincia de Mendoza, 1 residentes en la provincia de Neuqu\u00e9n, 1 residente en la provincia de Santa Fe y 1 residente en la provincia de Tierra del Fuego. <br>19 mujeres: 13 residentes en la provincia de Buenos Aires, 2 residentes en la Ciudad de Buenos Aires, 1 residente en la provincia de C\u00f3rdoba y 3 residentes en la provincia de La Rioja. <br>Al momento la cantidad de personas fallecidas es 11.352.<\/p>\n","protected":false},"excerpt":{"rendered":"<p>Informe oficial de Mercedes &#8211; En el d\u00eda de la fecha el Laboratorio de Virolog\u00eda Molecular Municipal no emiti\u00f3 resultados, &#8230; <a title=\"Coronavirus: 30 pacientes esperan el resultado de sus hisopados\" class=\"read-more\" href=\"https:\/\/www.hoymercedes.com.ar\/principal\/2020\/09\/13\/coronavirus-30-pacientes-esperan-el-resultado-de-sus-hisopados\/\" aria-label=\"Leer m\u00e1s sobre Coronavirus: 30 pacientes esperan el resultado de sus hisopados\">Leer m\u00e1s<\/a><\/p>\n","protected":false},"author":1,"featured_media":116532,"comment_status":"closed","ping_status":"open","sticky":false,"template":"","format":"standard","meta":{"_monsterinsights_skip_tracking":false,"_monsterinsights_sitenote_active":false,"_monsterinsights_sitenote_note":"","_monsterinsights_sitenote_category":0,"jetpack_post_was_ever_published":false,"_jetpack_newsletter_access":"","_jetpack_dont_email_post_to_subs":false,"_jetpack_newsletter_tier_id":0,"_jetpack_memberships_contains_paywalled_content":false,"_jetpack_memberships_contains_paid_content":false,"footnotes":"","jetpack_publicize_message":"","jetpack_publicize_feature_enabled":true,"jetpack_social_post_already_shared":true,"jetpack_social_options":{"image_generator_settings":{"template":"highway","default_image_id":0,"font":"","enabled":false},"version":2},"_wpas_customize_per_network":false},"categories":[9791],"tags":[16561,16175,16313,17064],"class_list":["post-116530","post","type-post","status-publish","format-standard","has-post-thumbnail","hentry","category-salud","tag-cierre-del-dia","tag-coronavirus","tag-covid-19","tag-pacientes-en-espera","generate-columns","tablet-grid-50","mobile-grid-100","grid-parent","grid-50"],"jetpack_publicize_connections":[],"jetpack_featured_media_url":"https:\/\/www.hoymercedes.com.ar\/principal\/wp-content\/uploads\/2020\/09\/WhatsApp-Image-2020-09-13-at-22.10.00.jpeg","wps_subtitle":"Cierre del d\u00eda","jetpack_sharing_enabled":true,"_links":{"self":[{"href":"https:\/\/www.hoymercedes.com.ar\/principal\/wp-json\/wp\/v2\/posts\/116530","targetHints":{"allow":["GET"]}}],"collection":[{"href":"https:\/\/www.hoymercedes.com.ar\/principal\/wp-json\/wp\/v2\/posts"}],"about":[{"href":"https:\/\/www.hoymercedes.com.ar\/principal\/wp-json\/wp\/v2\/types\/post"}],"author":[{"embeddable":true,"href":"https:\/\/www.hoymercedes.com.ar\/principal\/wp-json\/wp\/v2\/users\/1"}],"replies":[{"embeddable":true,"href":"https:\/\/www.hoymercedes.com.ar\/principal\/wp-json\/wp\/v2\/comments?post=116530"}],"version-history":[{"count":0,"href":"https:\/\/www.hoymercedes.com.ar\/principal\/wp-json\/wp\/v2\/posts\/116530\/revisions"}],"wp:featuredmedia":[{"embeddable":true,"href":"https:\/\/www.hoymercedes.com.ar\/principal\/wp-json\/wp\/v2\/media\/116532"}],"wp:attachment":[{"href":"https:\/\/www.hoymercedes.com.ar\/principal\/wp-json\/wp\/v2\/media?parent=116530"}],"wp:term":[{"taxonomy":"category","embeddable":true,"href":"https:\/\/www.hoymercedes.com.ar\/principal\/wp-json\/wp\/v2\/categories?post=116530"},{"taxonomy":"post_tag","embeddable":true,"href":"https:\/\/www.hoymercedes.com.ar\/principal\/wp-json\/wp\/v2\/tags?post=116530"}],"curies":[{"name":"wp","href":"https:\/\/api.w.org\/{rel}","templated":true}]}}