{"id":116535,"date":"2020-09-14T09:04:12","date_gmt":"2020-09-14T12:04:12","guid":{"rendered":"http:\/\/www.hoymercedes.com.ar\/principal\/?p=116535"},"modified":"2020-09-14T09:04:38","modified_gmt":"2020-09-14T12:04:38","slug":"lucas-biglia-jugara-en-karagumruk-de-turquia","status":"publish","type":"post","link":"https:\/\/www.hoymercedes.com.ar\/principal\/2020\/09\/14\/lucas-biglia-jugara-en-karagumruk-de-turquia\/","title":{"rendered":"Lucas Biglia jugar\u00e1 en Karag\u00fcmr\u00fck de Turqu\u00eda"},"content":{"rendered":"\n<p>Ni Betis, ni Sevilla, ni Anderlecht, ni Inglaterra, ni Torino, ni Independiente, ni Qatar, ni Trabzonspor de Turqu\u00eda. Lucas Biglia decidi\u00f3 que su futuro continuara en el pa\u00eds turco, pero en el club Fatih Karag\u00fcmr\u00fck. Su vinculaci\u00f3n fue dada a conocer este domingo y el contrato ser\u00e1 por dos a\u00f1os con opci\u00f3n a renovar por uno m\u00e1s.<\/p>\n\n\n\n<div class=\"wp-block-image\"><figure class=\"aligncenter size-large\"><img loading=\"lazy\" decoding=\"async\" width=\"660\" height=\"371\" data-attachment-id=\"112937\" data-permalink=\"https:\/\/www.hoymercedes.com.ar\/principal\/2020\/07\/01\/lucas-pusineri-va-con-todo-por-lucas-biglia\/lucas-biglia-milan-3-1\/#main\" data-orig-file=\"https:\/\/www.hoymercedes.com.ar\/principal\/wp-content\/uploads\/2020\/07\/Lucas-Biglia-Milan-3-1.jpg\" data-orig-size=\"660,371\" data-comments-opened=\"0\" data-image-meta=\"{&quot;aperture&quot;:&quot;0&quot;,&quot;credit&quot;:&quot;&quot;,&quot;camera&quot;:&quot;&quot;,&quot;caption&quot;:&quot;&quot;,&quot;created_timestamp&quot;:&quot;0&quot;,&quot;copyright&quot;:&quot;&quot;,&quot;focal_length&quot;:&quot;0&quot;,&quot;iso&quot;:&quot;0&quot;,&quot;shutter_speed&quot;:&quot;0&quot;,&quot;title&quot;:&quot;&quot;,&quot;orientation&quot;:&quot;0&quot;}\" data-image-title=\"Lucas-Biglia-Milan-3-1\" data-image-description=\"\" data-image-caption=\"\" data-large-file=\"https:\/\/www.hoymercedes.com.ar\/principal\/wp-content\/uploads\/2020\/07\/Lucas-Biglia-Milan-3-1.jpg\" src=\"https:\/\/www.hoymercedes.com.ar\/principal\/wp-content\/uploads\/2020\/07\/Lucas-Biglia-Milan-3-1.jpg\" alt=\"\" class=\"wp-image-112937\"\/><\/figure><\/div>\n\n\n\n<p>Inesperadamente surgi\u00f3 el nombre de este club y su vinculaci\u00f3n con el volante mercedino de 34 a\u00f1os que qued\u00f3 libre de Milan el 31 de agosto pasado. La danza de clubes en relaci\u00f3n al ex Selecci\u00f3n argentina fue grande, como en cada mercado de pases, sin embargo, todos murieron en rumores y ahora jugar\u00e1 en este club que es uno de los fundadores de la Superliga Turca, pero que hac\u00eda 41 a\u00f1os no estaba en Primera Divisi\u00f3n y volvi\u00f3 en esta edici\u00f3n.<\/p>\n\n\n\n<p>Karag\u00fcmr\u00fck es un club que va rumbo a los cien a\u00f1os de vida (fundado en 1926), del poblado que lleva el mismo nombre y que se encuentra en el distrito Fatih de la ciudad de Estambul. Tras haber sido uno de los fundadores del actual torneo de Primera Divisi\u00f3n, en 1959, descendi\u00f3 en 1963 para volver por una temporada en 1983 y retornar a la m\u00e1xima categor\u00eda en la temporada 20\/21. En el medio lleg\u00f3 a descender hasta Tercera Divisi\u00f3n y jugar en algunas ligas aficionadas.<\/p>\n\n\n\n<p>Biglia es el \u00fanico argentino de este equipo que debut\u00f3 ganando en la primera fecha por 3 a 0 a Yeni Matalyaspor y que en el pr\u00f3ximo domingo jugar\u00e1, posiblemente sin el mercedino, ya que todav\u00eda resta hacerse los chequeos m\u00e9dicos, ante Gazisehir Gaziantep.<\/p>\n\n\n\n<p>El argentino afrontar\u00e1 su sexta experiencia en su carrera, tras los pasos por Argentinos, Independiente, Anderlecht (B\u00e9lgica), Lazio (Italia) y Milan (Italia).<\/p>\n\n\n\n<p>No es la primera vez que un mercedino juega en ese pa\u00eds. Juan Emmanuel Culio visit\u00f3 la camiseta de Galatasaray  en 2011 (19 partidos, 4 goles), Orduspor (31 partidos, 4 goles), Mersin (35 partidos, 6 goles) dejando ese pa\u00eds en 2013.<\/p>\n","protected":false},"excerpt":{"rendered":"<p>Ni Betis, ni Sevilla, ni Anderlecht, ni Inglaterra, ni Torino, ni Independiente, ni Qatar, ni Trabzonspor de Turqu\u00eda. Lucas Biglia &#8230; <a title=\"Lucas Biglia jugar\u00e1 en Karag\u00fcmr\u00fck de Turqu\u00eda\" class=\"read-more\" href=\"https:\/\/www.hoymercedes.com.ar\/principal\/2020\/09\/14\/lucas-biglia-jugara-en-karagumruk-de-turquia\/\" aria-label=\"Leer m\u00e1s sobre Lucas Biglia jugar\u00e1 en Karag\u00fcmr\u00fck de Turqu\u00eda\">Leer m\u00e1s<\/a><\/p>\n","protected":false},"author":1,"featured_media":116536,"comment_status":"closed","ping_status":"open","sticky":false,"template":"","format":"standard","meta":{"_monsterinsights_skip_tracking":false,"_monsterinsights_sitenote_active":false,"_monsterinsights_sitenote_note":"","_monsterinsights_sitenote_category":0,"jetpack_post_was_ever_published":false,"_jetpack_newsletter_access":"","_jetpack_dont_email_post_to_subs":false,"_jetpack_newsletter_tier_id":0,"_jetpack_memberships_contains_paywalled_content":false,"_jetpack_memberships_contains_paid_content":false,"footnotes":"","jetpack_publicize_message":"","jetpack_publicize_feature_enabled":true,"jetpack_social_post_already_shared":true,"jetpack_social_options":{"image_generator_settings":{"template":"highway","default_image_id":0,"font":"","enabled":false},"version":2},"_wpas_customize_per_network":false},"categories":[21,8],"tags":[17057,305,17058],"class_list":["post-116535","post","type-post","status-publish","format-standard","has-post-thumbnail","hentry","category-deportes","category-sociedad","tag-karagumruk","tag-lucas-biglia","tag-superliga-turca","generate-columns","tablet-grid-50","mobile-grid-100","grid-parent","grid-50"],"jetpack_publicize_connections":[],"jetpack_featured_media_url":"https:\/\/www.hoymercedes.com.ar\/principal\/wp-content\/uploads\/2020\/09\/Lucas-Biglia-Milan-3.jpg","wps_subtitle":"La Legi\u00f3n","jetpack_sharing_enabled":true,"_links":{"self":[{"href":"https:\/\/www.hoymercedes.com.ar\/principal\/wp-json\/wp\/v2\/posts\/116535","targetHints":{"allow":["GET"]}}],"collection":[{"href":"https:\/\/www.hoymercedes.com.ar\/principal\/wp-json\/wp\/v2\/posts"}],"about":[{"href":"https:\/\/www.hoymercedes.com.ar\/principal\/wp-json\/wp\/v2\/types\/post"}],"author":[{"embeddable":true,"href":"https:\/\/www.hoymercedes.com.ar\/principal\/wp-json\/wp\/v2\/users\/1"}],"replies":[{"embeddable":true,"href":"https:\/\/www.hoymercedes.com.ar\/principal\/wp-json\/wp\/v2\/comments?post=116535"}],"version-history":[{"count":0,"href":"https:\/\/www.hoymercedes.com.ar\/principal\/wp-json\/wp\/v2\/posts\/116535\/revisions"}],"wp:featuredmedia":[{"embeddable":true,"href":"https:\/\/www.hoymercedes.com.ar\/principal\/wp-json\/wp\/v2\/media\/116536"}],"wp:attachment":[{"href":"https:\/\/www.hoymercedes.com.ar\/principal\/wp-json\/wp\/v2\/media?parent=116535"}],"wp:term":[{"taxonomy":"category","embeddable":true,"href":"https:\/\/www.hoymercedes.com.ar\/principal\/wp-json\/wp\/v2\/categories?post=116535"},{"taxonomy":"post_tag","embeddable":true,"href":"https:\/\/www.hoymercedes.com.ar\/principal\/wp-json\/wp\/v2\/tags?post=116535"}],"curies":[{"name":"wp","href":"https:\/\/api.w.org\/{rel}","templated":true}]}}