{"id":11654,"date":"2012-03-20T16:00:38","date_gmt":"2012-03-20T16:00:38","guid":{"rendered":"http:\/\/www.hoymercedes.com.ar\/principal\/?p=11654"},"modified":"2012-03-20T16:00:38","modified_gmt":"2012-03-20T16:00:38","slug":"las-reinas-estuvieron-en-la-fiesta-del-ternero","status":"publish","type":"post","link":"https:\/\/www.hoymercedes.com.ar\/principal\/2012\/03\/20\/las-reinas-estuvieron-en-la-fiesta-del-ternero\/","title":{"rendered":"Las Reinas estuvieron en la Fiesta del Ternero"},"content":{"rendered":"<p>El pasado fin de semana las Reinas de la Fiesta Nacional del Salame y del Durazno viajaron a la ciudad de Ayacucho para la celebraci\u00f3n de la Fiesta Nacional del Ternero y la Yerra que se lleva a cabo en esa localidad<\/p>\n<p>Roc\u00edo Torres y Camila Ferrari, soberanas de Mercedes, estuvieron presentes en la 40\u00b0 edici\u00f3n de la fiesta junto a las reinas de otras localidades con quienes realizaron intercambio de regalos, tambi\u00e9n le entregaron en representaci\u00f3n del intendente Carlos Selva un presente al Primer Mandatario de Ayacucho Pablo Zubiaurre<\/p>\n<p>El pr\u00f3ximo 27 de abril las chicas volver\u00e1n a viajar para representar a nuestra ciudad pero esta vez a la ciudad de Goya, Corrientes para el festejo de la 37\u00b0Fiesta Nacional del Surub\u00ed.<\/p>\n","protected":false},"excerpt":{"rendered":"<p>El pasado fin de semana las Reinas de la Fiesta Nacional del Salame y del Durazno viajaron a la ciudad &#8230; <a title=\"Las Reinas estuvieron en la Fiesta del Ternero\" class=\"read-more\" href=\"https:\/\/www.hoymercedes.com.ar\/principal\/2012\/03\/20\/las-reinas-estuvieron-en-la-fiesta-del-ternero\/\" aria-label=\"Leer m\u00e1s sobre Las Reinas estuvieron en la Fiesta del Ternero\">Leer m\u00e1s<\/a><\/p>\n","protected":false},"author":1,"featured_media":0,"comment_status":"open","ping_status":"open","sticky":false,"template":"","format":"standard","meta":{"_monsterinsights_skip_tracking":false,"_monsterinsights_sitenote_active":false,"_monsterinsights_sitenote_note":"","_monsterinsights_sitenote_category":0,"jetpack_post_was_ever_published":false,"_jetpack_newsletter_access":"","_jetpack_dont_email_post_to_subs":false,"_jetpack_newsletter_tier_id":0,"_jetpack_memberships_contains_paywalled_content":false,"_jetpack_memberships_contains_paid_content":false,"footnotes":"","jetpack_publicize_message":"","jetpack_publicize_feature_enabled":true,"jetpack_social_post_already_shared":false,"jetpack_social_options":{"image_generator_settings":{"template":"highway","default_image_id":0,"font":"","enabled":false},"version":2},"_wpas_customize_per_network":false},"categories":[30],"tags":[431,1974],"class_list":["post-11654","post","type-post","status-publish","format-standard","hentry","category-municipio","tag-reina-del-durazno","tag-reina-del-salame","generate-columns","tablet-grid-50","mobile-grid-100","grid-parent","grid-50"],"jetpack_publicize_connections":[],"jetpack_featured_media_url":"","wps_subtitle":"","jetpack_sharing_enabled":true,"_links":{"self":[{"href":"https:\/\/www.hoymercedes.com.ar\/principal\/wp-json\/wp\/v2\/posts\/11654","targetHints":{"allow":["GET"]}}],"collection":[{"href":"https:\/\/www.hoymercedes.com.ar\/principal\/wp-json\/wp\/v2\/posts"}],"about":[{"href":"https:\/\/www.hoymercedes.com.ar\/principal\/wp-json\/wp\/v2\/types\/post"}],"author":[{"embeddable":true,"href":"https:\/\/www.hoymercedes.com.ar\/principal\/wp-json\/wp\/v2\/users\/1"}],"replies":[{"embeddable":true,"href":"https:\/\/www.hoymercedes.com.ar\/principal\/wp-json\/wp\/v2\/comments?post=11654"}],"version-history":[{"count":0,"href":"https:\/\/www.hoymercedes.com.ar\/principal\/wp-json\/wp\/v2\/posts\/11654\/revisions"}],"wp:attachment":[{"href":"https:\/\/www.hoymercedes.com.ar\/principal\/wp-json\/wp\/v2\/media?parent=11654"}],"wp:term":[{"taxonomy":"category","embeddable":true,"href":"https:\/\/www.hoymercedes.com.ar\/principal\/wp-json\/wp\/v2\/categories?post=11654"},{"taxonomy":"post_tag","embeddable":true,"href":"https:\/\/www.hoymercedes.com.ar\/principal\/wp-json\/wp\/v2\/tags?post=11654"}],"curies":[{"name":"wp","href":"https:\/\/api.w.org\/{rel}","templated":true}]}}