{"id":116559,"date":"2020-09-14T11:08:15","date_gmt":"2020-09-14T14:08:15","guid":{"rendered":"http:\/\/www.hoymercedes.com.ar\/principal\/?p=116559"},"modified":"2020-09-14T11:08:20","modified_gmt":"2020-09-14T14:08:20","slug":"el-automovilismo-esta-de-luto-por-el-fallecimiento-de-hector-coco-saborido","status":"publish","type":"post","link":"https:\/\/www.hoymercedes.com.ar\/principal\/2020\/09\/14\/el-automovilismo-esta-de-luto-por-el-fallecimiento-de-hector-coco-saborido\/","title":{"rendered":"El automovilismo est\u00e1 de luto por el fallecimiento de H\u00e9ctor \u00abCoco\u00bb Saborido"},"content":{"rendered":"\n<p>El automovilismo mercedino despert\u00f3 en la ma\u00f1ana de este lunes con la noticia del fallecimiento de H\u00e9ctor \u00abCoco\u00bb Saborido, quien fuera durante d\u00e9cadas dirigente del Hurac\u00e1n Mercedes Automovil Club y actualmente miembro de la Comsi\u00f3n Directiva de la entidad que en los dos \u00faltimos a\u00f1os tuviera mucho trabajo con la reactivaci\u00f3n del aut\u00f3dromo Luis Lorenzo Bandoni.<\/p>\n\n\n\n<figure class=\"wp-block-image size-large\"><img loading=\"lazy\" decoding=\"async\" width=\"1200\" height=\"1208\" data-attachment-id=\"116566\" data-permalink=\"https:\/\/www.hoymercedes.com.ar\/principal\/2020\/09\/14\/el-automovilismo-esta-de-luto-por-el-fallecimiento-de-hector-coco-saborido\/hector-coco-saborido-1\/#main\" data-orig-file=\"https:\/\/www.hoymercedes.com.ar\/principal\/wp-content\/uploads\/2020\/09\/Hector-Coco-Saborido-1.jpg\" data-orig-size=\"1200,1208\" data-comments-opened=\"0\" data-image-meta=\"{&quot;aperture&quot;:&quot;0&quot;,&quot;credit&quot;:&quot;&quot;,&quot;camera&quot;:&quot;&quot;,&quot;caption&quot;:&quot;&quot;,&quot;created_timestamp&quot;:&quot;0&quot;,&quot;copyright&quot;:&quot;&quot;,&quot;focal_length&quot;:&quot;0&quot;,&quot;iso&quot;:&quot;0&quot;,&quot;shutter_speed&quot;:&quot;0&quot;,&quot;title&quot;:&quot;&quot;,&quot;orientation&quot;:&quot;0&quot;}\" data-image-title=\"Hector-Coco-Saborido-1\" data-image-description=\"\" data-image-caption=\"\" data-large-file=\"https:\/\/www.hoymercedes.com.ar\/principal\/wp-content\/uploads\/2020\/09\/Hector-Coco-Saborido-1.jpg\" src=\"https:\/\/www.hoymercedes.com.ar\/principal\/wp-content\/uploads\/2020\/09\/Hector-Coco-Saborido-1.jpg\" alt=\"\" class=\"wp-image-116566\"\/><\/figure>\n\n\n\n<p>Saborido se encontraba superando una enfermedad cuando en la madrugada de este lunes falleci\u00f3 a los 85 a\u00f1os. Siempre impulsor del automovilismo, mantuvo la actividad del HMAC y del Rally local durante varias d\u00e9cadas.<\/p>\n\n\n\n<p>En di\u00e1logo con el programa Encuentro, que se emite por FM Universo, Alberto Hassan lo llam\u00f3 \u00abun luchador del automovilismo y un amigo con todas las letras. Un hombre que se la jug\u00f3 a pesar de todo lo que tuvo que superar. Coco Saborido arm\u00f3 la lista de Luis Lorenzo Bandoni cuando compiti\u00f3 con Adri\u00e1n Bani. Yo fui parte de esa lista junto a Pocho Spina y mucha gente inolvidable y ganamos por una diferencia impresionante. <\/p>\n","protected":false},"excerpt":{"rendered":"<p>El automovilismo mercedino despert\u00f3 en la ma\u00f1ana de este lunes con la noticia del fallecimiento de H\u00e9ctor \u00abCoco\u00bb Saborido, quien &#8230; <a title=\"El automovilismo est\u00e1 de luto por el fallecimiento de H\u00e9ctor \u00abCoco\u00bb Saborido\" class=\"read-more\" href=\"https:\/\/www.hoymercedes.com.ar\/principal\/2020\/09\/14\/el-automovilismo-esta-de-luto-por-el-fallecimiento-de-hector-coco-saborido\/\" aria-label=\"Leer m\u00e1s sobre El automovilismo est\u00e1 de luto por el fallecimiento de H\u00e9ctor \u00abCoco\u00bb Saborido\">Leer m\u00e1s<\/a><\/p>\n","protected":false},"author":1,"featured_media":116566,"comment_status":"closed","ping_status":"open","sticky":false,"template":"","format":"standard","meta":{"_monsterinsights_skip_tracking":false,"_monsterinsights_sitenote_active":false,"_monsterinsights_sitenote_note":"","_monsterinsights_sitenote_category":0,"jetpack_post_was_ever_published":false,"_jetpack_newsletter_access":"","_jetpack_dont_email_post_to_subs":false,"_jetpack_newsletter_tier_id":0,"_jetpack_memberships_contains_paywalled_content":false,"_jetpack_memberships_contains_paid_content":false,"footnotes":"","jetpack_publicize_message":"","jetpack_publicize_feature_enabled":true,"jetpack_social_post_already_shared":true,"jetpack_social_options":{"image_generator_settings":{"template":"highway","default_image_id":0,"font":"","enabled":false},"version":2},"_wpas_customize_per_network":false},"categories":[21,8],"tags":[17062],"class_list":["post-116559","post","type-post","status-publish","format-standard","has-post-thumbnail","hentry","category-deportes","category-sociedad","tag-hector-coco-saborido","generate-columns","tablet-grid-50","mobile-grid-100","grid-parent","grid-50"],"jetpack_publicize_connections":[],"jetpack_featured_media_url":"https:\/\/www.hoymercedes.com.ar\/principal\/wp-content\/uploads\/2020\/09\/Hector-Coco-Saborido-1.jpg","wps_subtitle":"Automovilismo","jetpack_sharing_enabled":true,"_links":{"self":[{"href":"https:\/\/www.hoymercedes.com.ar\/principal\/wp-json\/wp\/v2\/posts\/116559","targetHints":{"allow":["GET"]}}],"collection":[{"href":"https:\/\/www.hoymercedes.com.ar\/principal\/wp-json\/wp\/v2\/posts"}],"about":[{"href":"https:\/\/www.hoymercedes.com.ar\/principal\/wp-json\/wp\/v2\/types\/post"}],"author":[{"embeddable":true,"href":"https:\/\/www.hoymercedes.com.ar\/principal\/wp-json\/wp\/v2\/users\/1"}],"replies":[{"embeddable":true,"href":"https:\/\/www.hoymercedes.com.ar\/principal\/wp-json\/wp\/v2\/comments?post=116559"}],"version-history":[{"count":0,"href":"https:\/\/www.hoymercedes.com.ar\/principal\/wp-json\/wp\/v2\/posts\/116559\/revisions"}],"wp:featuredmedia":[{"embeddable":true,"href":"https:\/\/www.hoymercedes.com.ar\/principal\/wp-json\/wp\/v2\/media\/116566"}],"wp:attachment":[{"href":"https:\/\/www.hoymercedes.com.ar\/principal\/wp-json\/wp\/v2\/media?parent=116559"}],"wp:term":[{"taxonomy":"category","embeddable":true,"href":"https:\/\/www.hoymercedes.com.ar\/principal\/wp-json\/wp\/v2\/categories?post=116559"},{"taxonomy":"post_tag","embeddable":true,"href":"https:\/\/www.hoymercedes.com.ar\/principal\/wp-json\/wp\/v2\/tags?post=116559"}],"curies":[{"name":"wp","href":"https:\/\/api.w.org\/{rel}","templated":true}]}}