{"id":116571,"date":"2020-09-14T13:40:21","date_gmt":"2020-09-14T16:40:21","guid":{"rendered":"http:\/\/www.hoymercedes.com.ar\/principal\/?p=116571"},"modified":"2020-09-14T16:52:00","modified_gmt":"2020-09-14T19:52:00","slug":"jxc-mercedes-parece-jugar-entre-las-usurpaciones-privadas-y-publicas","status":"publish","type":"post","link":"https:\/\/www.hoymercedes.com.ar\/principal\/2020\/09\/14\/jxc-mercedes-parece-jugar-entre-las-usurpaciones-privadas-y-publicas\/","title":{"rendered":"JxC: \u00abMercedes parece jugar entre las usurpaciones privadas y p\u00fablicas\u00bb"},"content":{"rendered":"\n<p>A trav\u00e9s de un comunicado enviado a los medios y con fecha del 13 de septiembre, el frente pol\u00edtico Juntos por el Cambio emiti\u00f3 su opinnci\u00f3n sobre las usurpaciones y ocupaciones ilegales en predios p\u00fablicos y privados. <\/p>\n\n\n\n<p>Con el t\u00edtulo \u00abMercedes parece jugar entre las usurpaciones privadas y p\u00fablicas\u00bb, el comunicados expresa: <br>\u00abEn momentos donde muchos mercedinos est\u00e1n sufriendo, por la amenaza sanitaria y las dificultades para trabajar, sus representantes pol\u00edticos debemos buscar acuerdos para solucionar los problemas que arrastramos hace tanto tiempo y que en los \u00faltimos meses se hicieron m\u00e1s profundos y visibles. La sociedad nos pide sensatez pol\u00edtica y cordura institucional.<br>Desde Juntos por el Cambio estamos preocupados y alertamos sobre la gravedad institucional que generan los proyectos ingresados en el Concejo Deliberante. Los mismos refieren la creaci\u00f3n de un registro inmobiliario de tierras, terrenos, bald\u00edos y edificaciones de particulares, y la adquisici\u00f3n de dominio de tierras y\/o inmuebles por parte del municipio en forma absolutamente inconstitucional, afectando el derecho de propiedad consagrado en nuestra CARTA MAGNA y enviando una p\u00e9sima se\u00f1al para la convivencia pol\u00edtica y democr\u00e1tica de los mercedinos.<br>Consideramos importante que el oficialismo deber\u00eda reconocer el derecho de propiedad contra las usurpaciones y las tomas de tierras, y nos preocupa que lejos de ello y frente a la grave problem\u00e1tica habitacional y a la p\u00fablica situaci\u00f3n de tomas organizadas en la provincia y nuestra ciudad, la respuesta del ejecutivo municipal sea la propuesta de proyectos legislativos para la ciudad que atenten contra la PROPIEDAD PRIVADA.<br>En principio y bajo la apariencia del desarrollo de una pol\u00edtica habitacional podr\u00eda adem\u00e1s consagrarse un aumento de Tasas (impuesto encubierto) sin respetar los mecanismos institucionales correspondientes lo cual lo har\u00eda pasible de la tacha de inconstitucionalidad por resultar confiscatorios y violatorios del derecho de propiedad.<br>Por su parte, la posibilidad de los Municipios de adquirir el dominio por prescripci\u00f3n administrativa y mediante actos de posesi\u00f3n a t\u00edtulo de due\u00f1o de la ley 24320, modificatoria de la ley 21477 que se invoca, debe enmarcarse en los t\u00e9rminos y plazos establecidos en el C\u00f3digo Civil y Comercial de la Naci\u00f3n, que resulta ser la ley de fondos que se aplica a esa forma de adquirir el derecho real de dominio para TODOS LOS ARGENTINOS.<br>Estos aspectos y otros que conforman los proyectos de Ordenanzas han de ser propuestas que deben llevarse a cabo a trav\u00e9s de una planificaci\u00f3n integral, responsable, democr\u00e1tica y estrat\u00e9gica, convocando a distintos actores con capacidad para establecer ejes m\u00ednimos de an\u00e1lisis y acuerdo para el desarrollo de un nuevo proyecto de zonificaci\u00f3n que no solo contemple la proyecci\u00f3n de nuestra ciudad sino que sobre todo genere las condiciones para futuros loteos y su acceso para todos los mercedinos, so pena de vulnerar las m\u00e1s m\u00ednimas garant\u00edas constitucionales.<br>Juntos por el Cambio est\u00e1 m\u00e1s unido que nunca en su vocaci\u00f3n para defender la Constituci\u00f3n y las instituciones, representar a sus votantes y estar a disposici\u00f3n de los mercedinos para solucionar nuestros problemas m\u00e1s urgentes y concretamente en lo que concierne a estos proyectos, manifestamos nuestro respaldo a las acciones de nuestros concejales en ese HCD.<br>Juntos por el cambio siempre est\u00e1 del lado del cumplimiento de la ley\u00bb.<\/p>\n\n\n\n<p>Firman los partidos pol\u00edticos que integran juntos por el Cambio: la  Uni\u00f3n C\u00edvica Radical, el PRO y la Coalici\u00f3n C\u00edvica ARI<\/p>\n","protected":false},"excerpt":{"rendered":"<p>A trav\u00e9s de un comunicado enviado a los medios y con fecha del 13 de septiembre, el frente pol\u00edtico Juntos &#8230; <a title=\"JxC: \u00abMercedes parece jugar entre las usurpaciones privadas y p\u00fablicas\u00bb\" class=\"read-more\" href=\"https:\/\/www.hoymercedes.com.ar\/principal\/2020\/09\/14\/jxc-mercedes-parece-jugar-entre-las-usurpaciones-privadas-y-publicas\/\" aria-label=\"Leer m\u00e1s sobre JxC: \u00abMercedes parece jugar entre las usurpaciones privadas y p\u00fablicas\u00bb\">Leer m\u00e1s<\/a><\/p>\n","protected":false},"author":1,"featured_media":114325,"comment_status":"closed","ping_status":"open","sticky":false,"template":"","format":"standard","meta":{"_monsterinsights_skip_tracking":false,"_monsterinsights_sitenote_active":false,"_monsterinsights_sitenote_note":"","_monsterinsights_sitenote_category":0,"jetpack_post_was_ever_published":false,"_jetpack_newsletter_access":"","_jetpack_dont_email_post_to_subs":false,"_jetpack_newsletter_tier_id":0,"_jetpack_memberships_contains_paywalled_content":false,"_jetpack_memberships_contains_paid_content":false,"footnotes":"","jetpack_publicize_message":"","jetpack_publicize_feature_enabled":true,"jetpack_social_post_already_shared":true,"jetpack_social_options":{"image_generator_settings":{"template":"highway","default_image_id":0,"font":"","enabled":false},"version":2},"_wpas_customize_per_network":false},"categories":[5],"tags":[15365,5319,8851],"class_list":["post-116571","post","type-post","status-publish","format-standard","has-post-thumbnail","hentry","category-politica","tag-juntos-por-el-cambio","tag-politica-2","tag-usurpaciones","generate-columns","tablet-grid-50","mobile-grid-100","grid-parent","grid-50"],"jetpack_publicize_connections":[],"jetpack_featured_media_url":"https:\/\/www.hoymercedes.com.ar\/principal\/wp-content\/uploads\/2020\/07\/WhatsApp-Image-2020-07-29-at-17.57.30.jpeg","wps_subtitle":"Comunicado de prensa","jetpack_sharing_enabled":true,"_links":{"self":[{"href":"https:\/\/www.hoymercedes.com.ar\/principal\/wp-json\/wp\/v2\/posts\/116571","targetHints":{"allow":["GET"]}}],"collection":[{"href":"https:\/\/www.hoymercedes.com.ar\/principal\/wp-json\/wp\/v2\/posts"}],"about":[{"href":"https:\/\/www.hoymercedes.com.ar\/principal\/wp-json\/wp\/v2\/types\/post"}],"author":[{"embeddable":true,"href":"https:\/\/www.hoymercedes.com.ar\/principal\/wp-json\/wp\/v2\/users\/1"}],"replies":[{"embeddable":true,"href":"https:\/\/www.hoymercedes.com.ar\/principal\/wp-json\/wp\/v2\/comments?post=116571"}],"version-history":[{"count":0,"href":"https:\/\/www.hoymercedes.com.ar\/principal\/wp-json\/wp\/v2\/posts\/116571\/revisions"}],"wp:featuredmedia":[{"embeddable":true,"href":"https:\/\/www.hoymercedes.com.ar\/principal\/wp-json\/wp\/v2\/media\/114325"}],"wp:attachment":[{"href":"https:\/\/www.hoymercedes.com.ar\/principal\/wp-json\/wp\/v2\/media?parent=116571"}],"wp:term":[{"taxonomy":"category","embeddable":true,"href":"https:\/\/www.hoymercedes.com.ar\/principal\/wp-json\/wp\/v2\/categories?post=116571"},{"taxonomy":"post_tag","embeddable":true,"href":"https:\/\/www.hoymercedes.com.ar\/principal\/wp-json\/wp\/v2\/tags?post=116571"}],"curies":[{"name":"wp","href":"https:\/\/api.w.org\/{rel}","templated":true}]}}