{"id":116588,"date":"2020-09-14T16:49:43","date_gmt":"2020-09-14T19:49:43","guid":{"rendered":"http:\/\/www.hoymercedes.com.ar\/principal\/?p=116588"},"modified":"2020-09-14T16:51:08","modified_gmt":"2020-09-14T19:51:08","slug":"ambiente-de-nacion-clausuro-el-zoologico-de-lujan","status":"publish","type":"post","link":"https:\/\/www.hoymercedes.com.ar\/principal\/2020\/09\/14\/ambiente-de-nacion-clausuro-el-zoologico-de-lujan\/","title":{"rendered":"Ambiente de Naci\u00f3n clausur\u00f3 el zool\u00f3gico de Luj\u00e1n"},"content":{"rendered":"\n<p>La medida responde a los sostenidos incumplimientos del establecimiento en materia de normativa vigente, por no contar con la habilitaci\u00f3n municipal, provincial y nacional, no presentar un plan de reconversi\u00f3n, por inconsistencias en el plantel faun\u00edstico declarado, por entrecruzamiento de especies, y por permitir el contacto entre los visitantes y los animales.<\/p>\n\n\n\n<div class=\"wp-block-image\"><figure class=\"aligncenter size-large\"><img loading=\"lazy\" decoding=\"async\" width=\"800\" height=\"533\" data-attachment-id=\"116590\" data-permalink=\"https:\/\/www.hoymercedes.com.ar\/principal\/2020\/09\/14\/ambiente-de-nacion-clausuro-el-zoologico-de-lujan\/14-zoo-lujan-2\/#main\" data-orig-file=\"https:\/\/www.hoymercedes.com.ar\/principal\/wp-content\/uploads\/2020\/09\/14-zoo-lujan-2.jpeg\" data-orig-size=\"800,533\" data-comments-opened=\"0\" data-image-meta=\"{&quot;aperture&quot;:&quot;0&quot;,&quot;credit&quot;:&quot;&quot;,&quot;camera&quot;:&quot;&quot;,&quot;caption&quot;:&quot;&quot;,&quot;created_timestamp&quot;:&quot;0&quot;,&quot;copyright&quot;:&quot;&quot;,&quot;focal_length&quot;:&quot;0&quot;,&quot;iso&quot;:&quot;0&quot;,&quot;shutter_speed&quot;:&quot;0&quot;,&quot;title&quot;:&quot;&quot;,&quot;orientation&quot;:&quot;0&quot;}\" data-image-title=\"14 zoo lujan 2\" data-image-description=\"\" data-image-caption=\"\" data-large-file=\"https:\/\/www.hoymercedes.com.ar\/principal\/wp-content\/uploads\/2020\/09\/14-zoo-lujan-2.jpeg\" src=\"https:\/\/www.hoymercedes.com.ar\/principal\/wp-content\/uploads\/2020\/09\/14-zoo-lujan-2.jpeg\" alt=\"\" class=\"wp-image-116590\"\/><\/figure><\/div>\n\n\n\n<p>Luego de una resoluci\u00f3n firmada por el ministro de Ambiente y Desarrollo Sostenible, Juan Cabandi\u00e9, y pese a las agresiones sufridas por los inspectores a manos de supuestos empleados del lugar, la Brigada de Control Ambiental (BCA) clausur\u00f3 esta ma\u00f1ana el zool\u00f3gico de Luj\u00e1n en un operativo encabezado por el secretario de Control y Monitoreo Ambiental, Sergio Federovisky.<\/p>\n\n\n\n<p>La decisi\u00f3n de la cartera ambiental nacional fue tomada en base a las numerosas denuncias recibidas a lo largo de los a\u00f1os en relaci\u00f3n al maltrato animal por parte del establecimiento, a las constantes negativas a responder a las intimaciones previas para presentar un plan de reconversi\u00f3n y por las irregularidades detectadas en las sucesivas inspecciones de los agentes de Control y Monitoreo, que acreditaron en repetidas oportunidades las violaciones a la normativa legal vigente en la materia, en especial a la ley provincial de zool\u00f3gicos, y las leyes nacionales de Conservaci\u00f3n de la Fauna y la General del Ambiente.<\/p>\n\n\n\n<p>La medida que dicta la clausura preventiva total del establecimiento obliga al zool\u00f3gico de Luj\u00e1n a presentar un programa de reconversi\u00f3n, a contar con la inscripci\u00f3n y habilitaci\u00f3n de la provincia de Buenos Aires, la cartera de Ambiente nacional y la municipalidad de Luj\u00e1n, a presentar el inventario de todo su plantel faun\u00edstico y a velar por el bienestar y la alimentaci\u00f3n de los animales hasta que se cumpla con lo ordenado. Adem\u00e1s, se exige la presentaci\u00f3n de informaci\u00f3n sobre el marcaje de los ejemplares y el rastreo satelital de todos los animales, ante las numerosas denuncias de decesos y comercio ilegal.<\/p>\n\n\n\n<div class=\"wp-block-image\"><figure class=\"aligncenter size-large\"><img loading=\"lazy\" decoding=\"async\" width=\"800\" height=\"533\" data-attachment-id=\"116591\" data-permalink=\"https:\/\/www.hoymercedes.com.ar\/principal\/2020\/09\/14\/ambiente-de-nacion-clausuro-el-zoologico-de-lujan\/14-zoo-lujan-1\/#main\" data-orig-file=\"https:\/\/www.hoymercedes.com.ar\/principal\/wp-content\/uploads\/2020\/09\/14-zoo-lujan-1.jpeg\" data-orig-size=\"800,533\" data-comments-opened=\"0\" data-image-meta=\"{&quot;aperture&quot;:&quot;0&quot;,&quot;credit&quot;:&quot;&quot;,&quot;camera&quot;:&quot;&quot;,&quot;caption&quot;:&quot;&quot;,&quot;created_timestamp&quot;:&quot;0&quot;,&quot;copyright&quot;:&quot;&quot;,&quot;focal_length&quot;:&quot;0&quot;,&quot;iso&quot;:&quot;0&quot;,&quot;shutter_speed&quot;:&quot;0&quot;,&quot;title&quot;:&quot;&quot;,&quot;orientation&quot;:&quot;0&quot;}\" data-image-title=\"14 zoo lujan 1\" data-image-description=\"\" data-image-caption=\"\" data-large-file=\"https:\/\/www.hoymercedes.com.ar\/principal\/wp-content\/uploads\/2020\/09\/14-zoo-lujan-1.jpeg\" src=\"https:\/\/www.hoymercedes.com.ar\/principal\/wp-content\/uploads\/2020\/09\/14-zoo-lujan-1.jpeg\" alt=\"\" class=\"wp-image-116591\"\/><\/figure><\/div>\n\n\n\n<p>El Ministerio inspeccion\u00f3 el zool\u00f3gico en reiteradas oportunidades, constatando inconsistencias entre el plantel relevado y el declarado, como as\u00ed tambi\u00e9n divergencias entre el libro de altas y de bajas.<\/p>\n\n\n\n<p>El \u00faltimo 2 de septiembre la Reserva Zoo Lujan S.R.L. fue intimada en forma conjunta por el Defensor del Pueblo de la provincia de Buenos Aires, el intendente del Municipio de Luj\u00e1n y el secretario de Control y Monitoreo Ambiental para que en un plazo de 72 horas presente el plan de adecuaci\u00f3n del zool\u00f3gico, acci\u00f3n que se hab\u00eda comprometido a asumir ante las autoridades en febrero y que incumpli\u00f3.<\/p>\n\n\n\n<p>Ante la falta de respuesta a esta \u00faltima intimaci\u00f3n, en el d\u00eda de hoy se realiz\u00f3 el operativo de clausura realizado por los inspectores de la Brigada de Control Ambiental de la cartera nacional y autoridades del Ministerio de Desarrollo Agrario de la provincia de Buenos Aires.<\/p>\n\n\n\n<p>El objetivo final de estas acciones es velar por el bienestar de los animales y transformar un zool\u00f3gico construido con concepciones ya perimidas en un santuario con las mejores condiciones para la preservaci\u00f3n de la fauna silvestre.<\/p>\n\n\n\n<p>Fuente: Prensa Ministerio de Ambiente y Desarrollo Sostenible<\/p>\n\n\n\n<div class=\"wp-block-image\"><figure class=\"aligncenter size-large\"><img loading=\"lazy\" decoding=\"async\" width=\"800\" height=\"533\" data-attachment-id=\"116592\" data-permalink=\"https:\/\/www.hoymercedes.com.ar\/principal\/2020\/09\/14\/ambiente-de-nacion-clausuro-el-zoologico-de-lujan\/14-zoo-lujan-4\/#main\" data-orig-file=\"https:\/\/www.hoymercedes.com.ar\/principal\/wp-content\/uploads\/2020\/09\/14-zoo-lujan-4.jpeg\" data-orig-size=\"800,533\" data-comments-opened=\"0\" data-image-meta=\"{&quot;aperture&quot;:&quot;0&quot;,&quot;credit&quot;:&quot;&quot;,&quot;camera&quot;:&quot;&quot;,&quot;caption&quot;:&quot;&quot;,&quot;created_timestamp&quot;:&quot;0&quot;,&quot;copyright&quot;:&quot;&quot;,&quot;focal_length&quot;:&quot;0&quot;,&quot;iso&quot;:&quot;0&quot;,&quot;shutter_speed&quot;:&quot;0&quot;,&quot;title&quot;:&quot;&quot;,&quot;orientation&quot;:&quot;0&quot;}\" data-image-title=\"14 zoo lujan 4\" data-image-description=\"\" data-image-caption=\"\" data-large-file=\"https:\/\/www.hoymercedes.com.ar\/principal\/wp-content\/uploads\/2020\/09\/14-zoo-lujan-4.jpeg\" src=\"https:\/\/www.hoymercedes.com.ar\/principal\/wp-content\/uploads\/2020\/09\/14-zoo-lujan-4.jpeg\" alt=\"\" class=\"wp-image-116592\"\/><\/figure><\/div>\n","protected":false},"excerpt":{"rendered":"<p>La medida responde a los sostenidos incumplimientos del establecimiento en materia de normativa vigente, por no contar con la habilitaci\u00f3n &#8230; <a title=\"Ambiente de Naci\u00f3n clausur\u00f3 el zool\u00f3gico de Luj\u00e1n\" class=\"read-more\" href=\"https:\/\/www.hoymercedes.com.ar\/principal\/2020\/09\/14\/ambiente-de-nacion-clausuro-el-zoologico-de-lujan\/\" aria-label=\"Leer m\u00e1s sobre Ambiente de Naci\u00f3n clausur\u00f3 el zool\u00f3gico de Luj\u00e1n\">Leer m\u00e1s<\/a><\/p>\n","protected":false},"author":1,"featured_media":116592,"comment_status":"closed","ping_status":"open","sticky":false,"template":"","format":"standard","meta":{"_monsterinsights_skip_tracking":false,"_monsterinsights_sitenote_active":false,"_monsterinsights_sitenote_note":"","_monsterinsights_sitenote_category":0,"jetpack_post_was_ever_published":false,"_jetpack_newsletter_access":"","_jetpack_dont_email_post_to_subs":false,"_jetpack_newsletter_tier_id":0,"_jetpack_memberships_contains_paywalled_content":false,"_jetpack_memberships_contains_paid_content":false,"footnotes":"","jetpack_publicize_message":"","jetpack_publicize_feature_enabled":true,"jetpack_social_post_already_shared":true,"jetpack_social_options":{"image_generator_settings":{"template":"highway","default_image_id":0,"font":"","enabled":false},"version":2},"_wpas_customize_per_network":false},"categories":[5501],"tags":[9001,185,1057,15624],"class_list":["post-116588","post","type-post","status-publish","format-standard","has-post-thumbnail","hentry","category-region","tag-ambiente","tag-nacion","tag-regional","tag-zoo-de-lujan","generate-columns","tablet-grid-50","mobile-grid-100","grid-parent","grid-50"],"jetpack_publicize_connections":[],"jetpack_featured_media_url":"https:\/\/www.hoymercedes.com.ar\/principal\/wp-content\/uploads\/2020\/09\/14-zoo-lujan-4.jpeg","wps_subtitle":"Durante la jornada del lunes","jetpack_sharing_enabled":true,"_links":{"self":[{"href":"https:\/\/www.hoymercedes.com.ar\/principal\/wp-json\/wp\/v2\/posts\/116588","targetHints":{"allow":["GET"]}}],"collection":[{"href":"https:\/\/www.hoymercedes.com.ar\/principal\/wp-json\/wp\/v2\/posts"}],"about":[{"href":"https:\/\/www.hoymercedes.com.ar\/principal\/wp-json\/wp\/v2\/types\/post"}],"author":[{"embeddable":true,"href":"https:\/\/www.hoymercedes.com.ar\/principal\/wp-json\/wp\/v2\/users\/1"}],"replies":[{"embeddable":true,"href":"https:\/\/www.hoymercedes.com.ar\/principal\/wp-json\/wp\/v2\/comments?post=116588"}],"version-history":[{"count":0,"href":"https:\/\/www.hoymercedes.com.ar\/principal\/wp-json\/wp\/v2\/posts\/116588\/revisions"}],"wp:featuredmedia":[{"embeddable":true,"href":"https:\/\/www.hoymercedes.com.ar\/principal\/wp-json\/wp\/v2\/media\/116592"}],"wp:attachment":[{"href":"https:\/\/www.hoymercedes.com.ar\/principal\/wp-json\/wp\/v2\/media?parent=116588"}],"wp:term":[{"taxonomy":"category","embeddable":true,"href":"https:\/\/www.hoymercedes.com.ar\/principal\/wp-json\/wp\/v2\/categories?post=116588"},{"taxonomy":"post_tag","embeddable":true,"href":"https:\/\/www.hoymercedes.com.ar\/principal\/wp-json\/wp\/v2\/tags?post=116588"}],"curies":[{"name":"wp","href":"https:\/\/api.w.org\/{rel}","templated":true}]}}