{"id":116611,"date":"2020-09-14T20:09:47","date_gmt":"2020-09-14T23:09:47","guid":{"rendered":"http:\/\/www.hoymercedes.com.ar\/principal\/?p=116611"},"modified":"2020-09-15T10:32:07","modified_gmt":"2020-09-15T13:32:07","slug":"municipio-y-jefes-policiales-se-reunieron","status":"publish","type":"post","link":"https:\/\/www.hoymercedes.com.ar\/principal\/2020\/09\/14\/municipio-y-jefes-policiales-se-reunieron\/","title":{"rendered":"Municipio y jefes policiales se reunieron"},"content":{"rendered":"\n<p>El intendente Ustarroz convoc\u00f3 a los jefes policiales de todas las fuerzas de seguridad de la ciudad. La reuni\u00f3n fue el pasado viernes en el Teatro Argentino. Hubo un an\u00e1lisis de las \u00faltimas jornadas, sobre los beneficios otorgados por el gobernador Kicillof y lineamientos para seguir trabajando en el cuidado de los mercedinos.<\/p>\n\n\n\n<div class=\"wp-block-image\"><figure class=\"aligncenter size-large\"><img loading=\"lazy\" decoding=\"async\" width=\"800\" height=\"450\" data-attachment-id=\"116612\" data-permalink=\"https:\/\/www.hoymercedes.com.ar\/principal\/2020\/09\/14\/municipio-y-jefes-policiales-se-reunieron\/whatsapp-image-2020-09-14-at-18-36-44\/#main\" data-orig-file=\"https:\/\/www.hoymercedes.com.ar\/principal\/wp-content\/uploads\/2020\/09\/WhatsApp-Image-2020-09-14-at-18.36.44.jpeg\" data-orig-size=\"800,450\" data-comments-opened=\"0\" data-image-meta=\"{&quot;aperture&quot;:&quot;0&quot;,&quot;credit&quot;:&quot;&quot;,&quot;camera&quot;:&quot;&quot;,&quot;caption&quot;:&quot;&quot;,&quot;created_timestamp&quot;:&quot;0&quot;,&quot;copyright&quot;:&quot;&quot;,&quot;focal_length&quot;:&quot;0&quot;,&quot;iso&quot;:&quot;0&quot;,&quot;shutter_speed&quot;:&quot;0&quot;,&quot;title&quot;:&quot;&quot;,&quot;orientation&quot;:&quot;0&quot;}\" data-image-title=\"WhatsApp Image 2020-09-14 at 18.36.44\" data-image-description=\"\" data-image-caption=\"\" data-large-file=\"https:\/\/www.hoymercedes.com.ar\/principal\/wp-content\/uploads\/2020\/09\/WhatsApp-Image-2020-09-14-at-18.36.44.jpeg\" src=\"https:\/\/www.hoymercedes.com.ar\/principal\/wp-content\/uploads\/2020\/09\/WhatsApp-Image-2020-09-14-at-18.36.44.jpeg\" alt=\"\" class=\"wp-image-116612\"\/><\/figure><\/div>\n\n\n\n<p>Con todas las medidas socio sanitarias correspondientes el jefe comunal convoc\u00f3 al Jefe Comunal Alejandro Del Porto, Jefe Comsar\u00eda Primera Silvio Chaparro, Jefe Comisar\u00eda Segunda Diego Galeano, Oficial Marisa Tito, Jefe Destacamento Gowland Ezequiel Laf\u00f3n, Roxana Vel\u00e1zquez a cargo interino Comisaria Mujer y Familia, Jefe Comando Patrulla Rural Ricardo Ag\u00fcero, mientras que desde la gesti\u00f3n municipal fueron parte la secretaria de gobierno, Clara Zunino, el subsecretario de seguridad Gonzalo Anselmo y el coordinador del \u00e1rea, V\u00edctor Palazzo.<\/p>\n\n\n\n<p>\u201cEl gobernador Axel realiz\u00f3 un reconocimiento hist\u00f3rico a los derechos de los trabajadores de las fuerzas de seguridad. Este hecho hist\u00f3rico es diametralmente opuesto a lo realizado por Vidal. Ya que se hizo campa\u00f1a planteando la equiparaci\u00f3n del salario con la Ciudad de Buenos Aires y fueron el sector que m\u00e1s poder adquisitivo perdi\u00f3 frente a la inflaci\u00f3n\u201d sostuvo el jefe comunal Dr. Ustarroz.<\/p>\n\n\n\n<p>M\u00e1s adelante el intendente coment\u00f3 que \u201creconocemos el leg\u00edtimo reclamo en nuestra ciudad. A diferencia del cercamiento en la casa del gobernador y en la quinta de Olivos, en una clara actitud antidemocr\u00e1tica que repudiamos\u201d y que \u201ca su vez, el contexto de pandemia profundiz\u00f3 una crisis que atravesamos, donde hay sectores que han perdido directamente el trabajo. En ese sentido fue esencial la recuperaci\u00f3n de fondos por parte de nuestro presidente que posibilit\u00f3 atender el reclamo. Fondos que indebidamente Macri le otorg\u00f3 a la Ciudad de Buenos Aires, el distrito m\u00e1s rico del pa\u00eds\u201d y que \u201cesta situaci\u00f3n nos obliga, a las fuerzas y a la polic\u00eda, a redoblar los esfuerzos para cuidar y proteger a nuestros ciudadanos\u201d<\/p>\n\n\n\n<p>Por su parte, desde las fuerzas de seguridad coincidieron que \u201cse ha logrado un acontecimiento muy importante. Hace d\u00e9cadas reclamamos lo que ahora se hace realidad. El gobernador nos escuch\u00f3 y hoy nos cambia sustancialmente el d\u00eda a d\u00eda\u201d destacando adem\u00e1s que \u201csiempre hemos tenido con el gobierno local un excelente di\u00e1logo. Este encuentro de trabajo para nosotros tambi\u00e9n es muy importante\u201d dado que \u201csirve para seguir ajustando acciones pensando en los vecinos y las necesidades que se presentan en la ciudad\u201d para expresar que \u201crespecto a los d\u00edas vividos no fueron agradables para nadie, pero hoy nos encontramos con avances sumamente importantes\u201d entre otros conceptos.<\/p>\n\n\n\n<p>Respuesta<br>Tras los reclamos de los polic\u00edas el gobierno de la provincia dio respuestas a cuestiones hist\u00f3ricas. Demandas de muchos a\u00f1os, como equiparar los salarios a los de la Polic\u00eda Federal. \u00abSi esto es un reclamo salarial y de condiciones de trabajo, estamos dando una respuesta contundente e hist\u00f3rica, de fondo. En otro caso, vamos a comprender que es una cuesti\u00f3n pol\u00edtica y totalmente distinta\u00bb, afirm\u00f3 el gobernador.<\/p>\n\n\n\n<p>Tambi\u00e9n afirm\u00f3 que \u00abla decisi\u00f3n de aumentar la coparticipaci\u00f3n, recuperando recursos que hist\u00f3ricamente pertenecieron a las y los bonaerenses, nos permitir\u00e1 empezar a corregir desequilibrios estructurales y poner la Provincia en marcha\u201d, asegur\u00f3.<\/p>\n\n\n\n<p>La reuni\u00f3n tuvo un excelente clima de trabajo y di\u00e1logo. Desde cada fuerza narraron al intendente las \u201csensaciones\u201d tras las jornadas de reclamo, la satisfacci\u00f3n por lograr la equiparaci\u00f3n con las condiciones salariales de la Federal y sobre aspectos que vienen reclamando desde hace d\u00e9cadas, como tener mejor sistema de salud, formaci\u00f3n constante y mayor abono por uniforme, entre otros beneficios que hoy se hacen realidad.<\/p>\n\n\n\n<p>Por Prensa Municipal<\/p>\n","protected":false},"excerpt":{"rendered":"<p>El intendente Ustarroz convoc\u00f3 a los jefes policiales de todas las fuerzas de seguridad de la ciudad. La reuni\u00f3n fue &#8230; <a title=\"Municipio y jefes policiales se reunieron\" class=\"read-more\" href=\"https:\/\/www.hoymercedes.com.ar\/principal\/2020\/09\/14\/municipio-y-jefes-policiales-se-reunieron\/\" aria-label=\"Leer m\u00e1s sobre Municipio y jefes policiales se reunieron\">Leer m\u00e1s<\/a><\/p>\n","protected":false},"author":1,"featured_media":116612,"comment_status":"closed","ping_status":"open","sticky":false,"template":"","format":"standard","meta":{"_monsterinsights_skip_tracking":false,"_monsterinsights_sitenote_active":false,"_monsterinsights_sitenote_note":"","_monsterinsights_sitenote_category":0,"jetpack_post_was_ever_published":false,"_jetpack_newsletter_access":"","_jetpack_dont_email_post_to_subs":false,"_jetpack_newsletter_tier_id":0,"_jetpack_memberships_contains_paywalled_content":false,"_jetpack_memberships_contains_paid_content":false,"footnotes":"","jetpack_publicize_message":"","jetpack_publicize_feature_enabled":true,"jetpack_social_post_already_shared":true,"jetpack_social_options":{"image_generator_settings":{"template":"highway","default_image_id":0,"font":"","enabled":false},"version":2},"_wpas_customize_per_network":false},"categories":[30],"tags":[244,83],"class_list":["post-116611","post","type-post","status-publish","format-standard","has-post-thumbnail","hentry","category-municipio","tag-municipio-2","tag-policia","generate-columns","tablet-grid-50","mobile-grid-100","grid-parent","grid-50"],"jetpack_publicize_connections":[],"jetpack_featured_media_url":"https:\/\/www.hoymercedes.com.ar\/principal\/wp-content\/uploads\/2020\/09\/WhatsApp-Image-2020-09-14-at-18.36.44.jpeg","wps_subtitle":"D\u00edas atr\u00e1s","jetpack_sharing_enabled":true,"_links":{"self":[{"href":"https:\/\/www.hoymercedes.com.ar\/principal\/wp-json\/wp\/v2\/posts\/116611","targetHints":{"allow":["GET"]}}],"collection":[{"href":"https:\/\/www.hoymercedes.com.ar\/principal\/wp-json\/wp\/v2\/posts"}],"about":[{"href":"https:\/\/www.hoymercedes.com.ar\/principal\/wp-json\/wp\/v2\/types\/post"}],"author":[{"embeddable":true,"href":"https:\/\/www.hoymercedes.com.ar\/principal\/wp-json\/wp\/v2\/users\/1"}],"replies":[{"embeddable":true,"href":"https:\/\/www.hoymercedes.com.ar\/principal\/wp-json\/wp\/v2\/comments?post=116611"}],"version-history":[{"count":0,"href":"https:\/\/www.hoymercedes.com.ar\/principal\/wp-json\/wp\/v2\/posts\/116611\/revisions"}],"wp:featuredmedia":[{"embeddable":true,"href":"https:\/\/www.hoymercedes.com.ar\/principal\/wp-json\/wp\/v2\/media\/116612"}],"wp:attachment":[{"href":"https:\/\/www.hoymercedes.com.ar\/principal\/wp-json\/wp\/v2\/media?parent=116611"}],"wp:term":[{"taxonomy":"category","embeddable":true,"href":"https:\/\/www.hoymercedes.com.ar\/principal\/wp-json\/wp\/v2\/categories?post=116611"},{"taxonomy":"post_tag","embeddable":true,"href":"https:\/\/www.hoymercedes.com.ar\/principal\/wp-json\/wp\/v2\/tags?post=116611"}],"curies":[{"name":"wp","href":"https:\/\/api.w.org\/{rel}","templated":true}]}}