{"id":116624,"date":"2020-09-15T11:27:04","date_gmt":"2020-09-15T14:27:04","guid":{"rendered":"http:\/\/www.hoymercedes.com.ar\/principal\/?p=116624"},"modified":"2020-09-15T10:33:04","modified_gmt":"2020-09-15T13:33:04","slug":"el-mago-federico-fornasari-vuelve-al-konex-para-chicos","status":"publish","type":"post","link":"https:\/\/www.hoymercedes.com.ar\/principal\/2020\/09\/15\/el-mago-federico-fornasari-vuelve-al-konex-para-chicos\/","title":{"rendered":"El mago Federico Fornasari vuelve al Konex para chicos"},"content":{"rendered":"\n<p>El mago mercedino Federico Fornasari realizar\u00e1 una nueva funci\u00f3n virtual en el ciclo \u00abKonex para Chicos\u00bb. Con su show \u00abUn M\u00e1gico Deseo\u00bb presentado en dos oportunidades con ingresos al sitio agotados, regresa el 20 de septiembre a la hora 18:30. Para adquirir el ingreso al espect\u00e1culo es necesario ingresar al sitio del <a href=\"https:\/\/entradas.cckonex.org\/entradas-konex-para-chicos\/un-magico-deseo-en-cckonex\" target=\"_blank\" rel=\"noopener\">CCKonex<\/a>. <\/p>\n\n\n\n<div class=\"wp-block-image\"><figure class=\"aligncenter size-large\"><img loading=\"lazy\" decoding=\"async\" width=\"800\" height=\"800\" data-attachment-id=\"116630\" data-permalink=\"https:\/\/www.hoymercedes.com.ar\/principal\/2020\/09\/15\/el-mago-federico-fornasari-vuelve-al-konex-para-chicos\/mail\/#main\" data-orig-file=\"https:\/\/www.hoymercedes.com.ar\/principal\/wp-content\/uploads\/2020\/09\/mail.jpg\" data-orig-size=\"800,800\" data-comments-opened=\"0\" data-image-meta=\"{&quot;aperture&quot;:&quot;0&quot;,&quot;credit&quot;:&quot;&quot;,&quot;camera&quot;:&quot;&quot;,&quot;caption&quot;:&quot;&quot;,&quot;created_timestamp&quot;:&quot;0&quot;,&quot;copyright&quot;:&quot;&quot;,&quot;focal_length&quot;:&quot;0&quot;,&quot;iso&quot;:&quot;0&quot;,&quot;shutter_speed&quot;:&quot;0&quot;,&quot;title&quot;:&quot;&quot;,&quot;orientation&quot;:&quot;0&quot;}\" data-image-title=\"mail\" data-image-description=\"\" data-image-caption=\"\" data-large-file=\"https:\/\/www.hoymercedes.com.ar\/principal\/wp-content\/uploads\/2020\/09\/mail.jpg\" src=\"https:\/\/www.hoymercedes.com.ar\/principal\/wp-content\/uploads\/2020\/09\/mail.jpg\" alt=\"\" class=\"wp-image-116630\"\/><\/figure><\/div>\n\n\n\n<p><\/p>\n\n\n\n<p>Por otro lado, Fornasari contin\u00faa con sus animaciones y shows online tanto para adultos como para ni\u00f1os y en eventos empresariales y sociales. \u00abEn estos \u00faltimos meses he realizado m\u00e1s de 200 shows, que es m\u00e1s o menos la misma cantidad de espect\u00e1culos que hac\u00eda en promedio en un a\u00f1o. As\u00ed que estoy muy contento y quiero agradecerles a todos ustedes que me siguen eligiendo entre tantas otras opciones. En est\u00e1 \u00e9poca predominaron los eventos para empresas, realizando mi show para miles y miles de familias de todo el pa\u00eds. Entre esas empresas fui uno de los artistas convocados en el\u00a0<strong>Movistar Fri Music Kids\u00a0<\/strong>realizando dos espect\u00e1culos diferentes y llevando la magia a un nuevo espacio\u00bb, cuenta el mago mercedino. <\/p>\n\n\n\n<p>Por \u00faltimo, Fornasari adelante que est\u00e1 creando \u00abun lugar de encuentro\u00bb para ofrecer m\u00e1s entretenimiento e invitan a que lo sigan en sus redes donde conocer\u00e1n novedades, sorteo entradas para los shows, y  magia. <\/p>\n\n\n\n<figure class=\"wp-block-embed-youtube wp-block-embed is-type-video is-provider-youtube wp-embed-aspect-16-9 wp-has-aspect-ratio\"><div class=\"wp-block-embed__wrapper\">\n<span class=\"embed-youtube\" style=\"text-align:center; display: block;\"><iframe loading=\"lazy\" class=\"youtube-player\" width=\"1200\" height=\"675\" src=\"https:\/\/www.youtube.com\/embed\/DKcM2iuCjyA?version=3&#038;rel=1&#038;showsearch=0&#038;showinfo=1&#038;iv_load_policy=1&#038;fs=1&#038;hl=es-ES&#038;autohide=2&#038;wmode=transparent\" allowfullscreen=\"true\" style=\"border:0;\" sandbox=\"allow-scripts allow-same-origin allow-popups allow-presentation allow-popups-to-escape-sandbox\"><\/iframe><\/span>\n<\/div><\/figure>\n","protected":false},"excerpt":{"rendered":"<p>El mago mercedino Federico Fornasari realizar\u00e1 una nueva funci\u00f3n virtual en el ciclo \u00abKonex para Chicos\u00bb. Con su show \u00abUn &#8230; <a title=\"El mago Federico Fornasari vuelve al Konex para chicos\" class=\"read-more\" href=\"https:\/\/www.hoymercedes.com.ar\/principal\/2020\/09\/15\/el-mago-federico-fornasari-vuelve-al-konex-para-chicos\/\" aria-label=\"Leer m\u00e1s sobre El mago Federico Fornasari vuelve al Konex para chicos\">Leer m\u00e1s<\/a><\/p>\n","protected":false},"author":1,"featured_media":116630,"comment_status":"closed","ping_status":"open","sticky":false,"template":"","format":"standard","meta":{"_monsterinsights_skip_tracking":false,"_monsterinsights_sitenote_active":false,"_monsterinsights_sitenote_note":"","_monsterinsights_sitenote_category":0,"jetpack_post_was_ever_published":false,"_jetpack_newsletter_access":"","_jetpack_dont_email_post_to_subs":false,"_jetpack_newsletter_tier_id":0,"_jetpack_memberships_contains_paywalled_content":false,"_jetpack_memberships_contains_paid_content":false,"footnotes":"","jetpack_publicize_message":"","jetpack_publicize_feature_enabled":true,"jetpack_social_post_already_shared":true,"jetpack_social_options":{"image_generator_settings":{"template":"highway","default_image_id":0,"font":"","enabled":false},"version":2},"_wpas_customize_per_network":false},"categories":[104],"tags":[7805,11492,16610],"class_list":["post-116624","post","type-post","status-publish","format-standard","has-post-thumbnail","hentry","category-cultura","tag-cultura","tag-federico-fornasari","tag-magia","generate-columns","tablet-grid-50","mobile-grid-100","grid-parent","grid-50"],"jetpack_publicize_connections":[],"jetpack_featured_media_url":"https:\/\/www.hoymercedes.com.ar\/principal\/wp-content\/uploads\/2020\/09\/mail.jpg","wps_subtitle":"Funci\u00f3n virtual","jetpack_sharing_enabled":true,"_links":{"self":[{"href":"https:\/\/www.hoymercedes.com.ar\/principal\/wp-json\/wp\/v2\/posts\/116624","targetHints":{"allow":["GET"]}}],"collection":[{"href":"https:\/\/www.hoymercedes.com.ar\/principal\/wp-json\/wp\/v2\/posts"}],"about":[{"href":"https:\/\/www.hoymercedes.com.ar\/principal\/wp-json\/wp\/v2\/types\/post"}],"author":[{"embeddable":true,"href":"https:\/\/www.hoymercedes.com.ar\/principal\/wp-json\/wp\/v2\/users\/1"}],"replies":[{"embeddable":true,"href":"https:\/\/www.hoymercedes.com.ar\/principal\/wp-json\/wp\/v2\/comments?post=116624"}],"version-history":[{"count":0,"href":"https:\/\/www.hoymercedes.com.ar\/principal\/wp-json\/wp\/v2\/posts\/116624\/revisions"}],"wp:featuredmedia":[{"embeddable":true,"href":"https:\/\/www.hoymercedes.com.ar\/principal\/wp-json\/wp\/v2\/media\/116630"}],"wp:attachment":[{"href":"https:\/\/www.hoymercedes.com.ar\/principal\/wp-json\/wp\/v2\/media?parent=116624"}],"wp:term":[{"taxonomy":"category","embeddable":true,"href":"https:\/\/www.hoymercedes.com.ar\/principal\/wp-json\/wp\/v2\/categories?post=116624"},{"taxonomy":"post_tag","embeddable":true,"href":"https:\/\/www.hoymercedes.com.ar\/principal\/wp-json\/wp\/v2\/tags?post=116624"}],"curies":[{"name":"wp","href":"https:\/\/api.w.org\/{rel}","templated":true}]}}