{"id":116656,"date":"2020-09-16T09:01:11","date_gmt":"2020-09-16T12:01:11","guid":{"rendered":"http:\/\/www.hoymercedes.com.ar\/principal\/?p=116656"},"modified":"2020-09-18T10:14:02","modified_gmt":"2020-09-18T13:14:02","slug":"comite-de-crisis-de-mercedes-en-una-nueva-reunion","status":"publish","type":"post","link":"https:\/\/www.hoymercedes.com.ar\/principal\/2020\/09\/16\/comite-de-crisis-de-mercedes-en-una-nueva-reunion\/","title":{"rendered":"Comit\u00e9 de Crisis de Mercedes en una nueva reuni\u00f3n"},"content":{"rendered":"\n<p>En la ma\u00f1ana el Comit\u00e9 de Crisis de la ciudad de Mercedes se volvi\u00f3 a reunir con el fin de continuar con el trabajo de aperturas y permisos en el marco del Aislamiento y Distanciamiento Social Obligatorio por la pandemia por covi-19. <\/p>\n\n\n\n<p>En la reuni\u00f3n realizada en la plata baja del teatro, est\u00e1n presentes las autoridades comunales, concejales, representantes gremiales, iglesias, organismos de seguridad, estudiantes secundarios, instituciones sociales, civiles y comerciales, organismos nacionales y provinciales y referentes sanitarios. <\/p>\n\n\n\n<div class=\"wp-block-image\"><figure class=\"aligncenter size-large\"><img loading=\"lazy\" decoding=\"async\" width=\"800\" height=\"600\" data-attachment-id=\"116657\" data-permalink=\"https:\/\/www.hoymercedes.com.ar\/principal\/2020\/09\/16\/comite-de-crisis-de-mercedes-en-una-nueva-reunion\/16-comite-crisis\/#main\" data-orig-file=\"https:\/\/www.hoymercedes.com.ar\/principal\/wp-content\/uploads\/2020\/09\/16-comite-crisis.jpg\" data-orig-size=\"800,600\" data-comments-opened=\"0\" data-image-meta=\"{&quot;aperture&quot;:&quot;0&quot;,&quot;credit&quot;:&quot;&quot;,&quot;camera&quot;:&quot;&quot;,&quot;caption&quot;:&quot;&quot;,&quot;created_timestamp&quot;:&quot;0&quot;,&quot;copyright&quot;:&quot;&quot;,&quot;focal_length&quot;:&quot;0&quot;,&quot;iso&quot;:&quot;0&quot;,&quot;shutter_speed&quot;:&quot;0&quot;,&quot;title&quot;:&quot;&quot;,&quot;orientation&quot;:&quot;0&quot;}\" data-image-title=\"16 comite crisis\" data-image-description=\"\" data-image-caption=\"\" data-large-file=\"https:\/\/www.hoymercedes.com.ar\/principal\/wp-content\/uploads\/2020\/09\/16-comite-crisis.jpg\" src=\"https:\/\/www.hoymercedes.com.ar\/principal\/wp-content\/uploads\/2020\/09\/16-comite-crisis.jpg\" alt=\"\" class=\"wp-image-116657\"\/><\/figure><\/div>\n\n\n\n<p>Nuevamente, se realiz\u00f3 un balance de las \u00faltimas jornadas, se debati\u00f3 sobre aperturas y controles como as\u00ed tambi\u00e9n posibles retrocesos si fuera necesario. Se destac\u00f3 la importancia de fomentar un correcto comportamiento social.<\/p>\n\n\n\n<p>Asimismo, destacaron que \u201clos j\u00f3venes tienen el parque abierto de manera protocolizada y segura para los sextos a\u00f1os y su comportamiento es ejemplar\u201d y que \u201clas actividades propuestas por el Estado se cumplen con consciencia y responsabilidad\u201d. Esto, les permitir\u00eda al gobierno municipal \u00abevaluar medidas\u00bb para el D\u00eda de la Primavera. \u00abLas actividades protocolizadas funcionan, el tema es siempre en lo privado y clandestino donde no se puede controlar\u201d, explicaron.<\/p>\n\n\n\n<p>De acuerdo al informe municipal, desde el \u00e1rea de salud \u00abmencion\u00f3 que la letalidad en los casos est\u00e1 en adultos mayores y que el gran punto de contagio se da entre 25 y 40 a\u00f1os que son quienes m\u00e1s activos posiblemente se encuentren\u00bb.<\/p>\n\n\n\n<p>\u00abDesde OMIC y Salud se expusieron experiencias en los comercios locales y c\u00f3mo se aplic\u00f3 protocolo demostrando, en esta ocasi\u00f3n ante la sospecha de un positivo, un cumplimiento a pleno a instancia del vecino y del comercio de las normativas instauradas\u00bb, agregan desde el informe municipal. <\/p>\n\n\n\n<p>\u00abSe gener\u00f3 un intercambio sobre el post covid. Es decir, sobre las relaciones f\u00edsicas y psicol\u00f3gicos tras haber sido positivo. C\u00f3mo se act\u00faa y acompa\u00f1a a los pacientes. Se especific\u00f3 el dispositivo existente y detallaron los s\u00edntomas que tiene quien ya curs\u00f3 el virus\u00bb<\/p>\n\n\n\n<p>El informe da cuenta tambi\u00e9n que \u00abdesde la representaci\u00f3n de las Iglesias Cat\u00f3licas consultaron sobre las relaciones entre recuperados y positivos que se est\u00e1n dando en la actualidad donde en Mercedes tenemos una meseta actualmente\u00bb.<\/p>\n\n\n\n<div class=\"wp-block-image\"><figure class=\"aligncenter size-large\"><img loading=\"lazy\" decoding=\"async\" width=\"800\" height=\"450\" data-attachment-id=\"116671\" data-permalink=\"https:\/\/www.hoymercedes.com.ar\/principal\/2020\/09\/16\/comite-de-crisis-de-mercedes-en-una-nueva-reunion\/16-comite-crisis1\/#main\" data-orig-file=\"https:\/\/www.hoymercedes.com.ar\/principal\/wp-content\/uploads\/2020\/09\/16-comite-crisis1.jpg\" data-orig-size=\"800,450\" data-comments-opened=\"0\" data-image-meta=\"{&quot;aperture&quot;:&quot;0&quot;,&quot;credit&quot;:&quot;&quot;,&quot;camera&quot;:&quot;&quot;,&quot;caption&quot;:&quot;&quot;,&quot;created_timestamp&quot;:&quot;0&quot;,&quot;copyright&quot;:&quot;&quot;,&quot;focal_length&quot;:&quot;0&quot;,&quot;iso&quot;:&quot;0&quot;,&quot;shutter_speed&quot;:&quot;0&quot;,&quot;title&quot;:&quot;&quot;,&quot;orientation&quot;:&quot;0&quot;}\" data-image-title=\"16 comite crisis1\" data-image-description=\"\" data-image-caption=\"\" data-large-file=\"https:\/\/www.hoymercedes.com.ar\/principal\/wp-content\/uploads\/2020\/09\/16-comite-crisis1.jpg\" src=\"https:\/\/www.hoymercedes.com.ar\/principal\/wp-content\/uploads\/2020\/09\/16-comite-crisis1.jpg\" alt=\"\" class=\"wp-image-116671\"\/><\/figure><\/div>\n\n\n\n<p>\u00abLa Asociaci\u00f3n M\u00e9dica plante\u00f3 la importancia de continuar reforzando la necesidad del compromiso social y responsabilidad ciudadana. El director de la Cl\u00ednica Laporta mencion\u00f3 que \u201cvamos a estar seguramente con un sistema de aislamiento, barbijo, cuidados, por muchos meses m\u00e1s. Pesando en eso nos conviene ir controlando e ir viendo c\u00f3mo transformamos la pandemia\u201d<\/p>\n\n\n\n<p>Asimismo, informaron que \u00abel jefe comunal efectu\u00f3 un an\u00e1lisis del sistema y los protocolos en la ciudad. Destac\u00f3 que \u201ccada actividad que se abre es con capacitaciones, procesos de ense\u00f1anza, compromiso de los sujetos demandantes, intervenci\u00f3n del comit\u00e9 de crisis, etc\u201d y indic\u00f3 que \u201clos j\u00f3venes son un punto muy favorable, lo vimos en el fin de semana de la ni\u00f1ez, donde se cumplieron todas las normativas. Las actividades propuestas tienen alto nivel de cumplimiento\u201d y Cassiani destac\u00f3 que \u201chay un indicador muy bueno y es que no hay j\u00f3venes contagiados\u201d<\/p>\n\n\n\n<p>\u00abSe prev\u00e9 empezar a trabajar para generar mayores aperturas al aire libre, estando demostrado que no es all\u00ed donde se dan los contagios, sino, en el foro privado, en el denominado \u201creunionismo\u201d, resaltaron.<\/p>\n","protected":false},"excerpt":{"rendered":"<p>En la ma\u00f1ana el Comit\u00e9 de Crisis de la ciudad de Mercedes se volvi\u00f3 a reunir con el fin de &#8230; <a title=\"Comit\u00e9 de Crisis de Mercedes en una nueva reuni\u00f3n\" class=\"read-more\" href=\"https:\/\/www.hoymercedes.com.ar\/principal\/2020\/09\/16\/comite-de-crisis-de-mercedes-en-una-nueva-reunion\/\" aria-label=\"Leer m\u00e1s sobre Comit\u00e9 de Crisis de Mercedes en una nueva reuni\u00f3n\">Leer m\u00e1s<\/a><\/p>\n","protected":false},"author":1,"featured_media":116657,"comment_status":"closed","ping_status":"open","sticky":false,"template":"","format":"standard","meta":{"_monsterinsights_skip_tracking":false,"_monsterinsights_sitenote_active":false,"_monsterinsights_sitenote_note":"","_monsterinsights_sitenote_category":0,"jetpack_post_was_ever_published":false,"_jetpack_newsletter_access":"","_jetpack_dont_email_post_to_subs":false,"_jetpack_newsletter_tier_id":0,"_jetpack_memberships_contains_paywalled_content":false,"_jetpack_memberships_contains_paid_content":false,"footnotes":"","jetpack_publicize_message":"","jetpack_publicize_feature_enabled":true,"jetpack_social_post_already_shared":true,"jetpack_social_options":{"image_generator_settings":{"template":"highway","default_image_id":0,"font":"","enabled":false},"version":2},"_wpas_customize_per_network":false},"categories":[30],"tags":[16345,16175,16313],"class_list":["post-116656","post","type-post","status-publish","format-standard","has-post-thumbnail","hentry","category-municipio","tag-comite-de-crisis","tag-coronavirus","tag-covid-19","generate-columns","tablet-grid-50","mobile-grid-100","grid-parent","grid-50"],"jetpack_publicize_connections":[],"jetpack_featured_media_url":"https:\/\/www.hoymercedes.com.ar\/principal\/wp-content\/uploads\/2020\/09\/16-comite-crisis.jpg","wps_subtitle":"#Ahora","jetpack_sharing_enabled":true,"_links":{"self":[{"href":"https:\/\/www.hoymercedes.com.ar\/principal\/wp-json\/wp\/v2\/posts\/116656","targetHints":{"allow":["GET"]}}],"collection":[{"href":"https:\/\/www.hoymercedes.com.ar\/principal\/wp-json\/wp\/v2\/posts"}],"about":[{"href":"https:\/\/www.hoymercedes.com.ar\/principal\/wp-json\/wp\/v2\/types\/post"}],"author":[{"embeddable":true,"href":"https:\/\/www.hoymercedes.com.ar\/principal\/wp-json\/wp\/v2\/users\/1"}],"replies":[{"embeddable":true,"href":"https:\/\/www.hoymercedes.com.ar\/principal\/wp-json\/wp\/v2\/comments?post=116656"}],"version-history":[{"count":0,"href":"https:\/\/www.hoymercedes.com.ar\/principal\/wp-json\/wp\/v2\/posts\/116656\/revisions"}],"wp:featuredmedia":[{"embeddable":true,"href":"https:\/\/www.hoymercedes.com.ar\/principal\/wp-json\/wp\/v2\/media\/116657"}],"wp:attachment":[{"href":"https:\/\/www.hoymercedes.com.ar\/principal\/wp-json\/wp\/v2\/media?parent=116656"}],"wp:term":[{"taxonomy":"category","embeddable":true,"href":"https:\/\/www.hoymercedes.com.ar\/principal\/wp-json\/wp\/v2\/categories?post=116656"},{"taxonomy":"post_tag","embeddable":true,"href":"https:\/\/www.hoymercedes.com.ar\/principal\/wp-json\/wp\/v2\/tags?post=116656"}],"curies":[{"name":"wp","href":"https:\/\/api.w.org\/{rel}","templated":true}]}}