{"id":116662,"date":"2020-09-16T07:19:23","date_gmt":"2020-09-16T10:19:23","guid":{"rendered":"http:\/\/www.hoymercedes.com.ar\/principal\/?p=116662"},"modified":"2020-09-16T09:30:55","modified_gmt":"2020-09-16T12:30:55","slug":"firman-acuerdo-por-mejoras-habitacionales-y-construccion","status":"publish","type":"post","link":"https:\/\/www.hoymercedes.com.ar\/principal\/2020\/09\/16\/firman-acuerdo-por-mejoras-habitacionales-y-construccion\/","title":{"rendered":"Firman acuerdo por mejoras habitacionales y construcci\u00f3n"},"content":{"rendered":"\n<p>El Municipio de Mercedes junto al Ministerio de Desarrollo de la Comunidad de la provincia de Buenos Aires firmaron -este martes- un convenio en el cual se estipula la realizaci\u00f3n de 400 mejoras habitacionales y la creaci\u00f3n de un SUM.\u00a0\u00a0\u201cLa verdad que para nosotros es un orgullo y una alegr\u00eda enorme recibir al Ministro Andr\u00e9s Larroque y agradecer que en este contexto tan dif\u00edcil donde el Estado est\u00e1 mermado en cuanto a cantidad de trabajadores y trabajadoras, no hace m\u00e1s de diez d\u00edas lo fuimos a ver al Ministro y a su equipo y hoy de manera r\u00e1pida, veloz, con un gran compromiso y con mucha capacidad de gesti\u00f3n est\u00e1n en nuestra ciudad acercando dos recursos que son muy importantes\u201d afirm\u00f3 el intendente Juan Ignacio Ustarroz. \u00a0<\/p>\n\n\n\n<div class=\"wp-block-image\"><figure class=\"aligncenter size-large\"><img loading=\"lazy\" decoding=\"async\" width=\"800\" height=\"533\" data-attachment-id=\"116663\" data-permalink=\"https:\/\/www.hoymercedes.com.ar\/principal\/2020\/09\/16\/firman-acuerdo-por-mejoras-habitacionales-y-construccion\/16-larroque\/#main\" data-orig-file=\"https:\/\/www.hoymercedes.com.ar\/principal\/wp-content\/uploads\/2020\/09\/16-larroque.jpg\" data-orig-size=\"800,533\" data-comments-opened=\"0\" data-image-meta=\"{&quot;aperture&quot;:&quot;0&quot;,&quot;credit&quot;:&quot;&quot;,&quot;camera&quot;:&quot;&quot;,&quot;caption&quot;:&quot;&quot;,&quot;created_timestamp&quot;:&quot;0&quot;,&quot;copyright&quot;:&quot;&quot;,&quot;focal_length&quot;:&quot;0&quot;,&quot;iso&quot;:&quot;0&quot;,&quot;shutter_speed&quot;:&quot;0&quot;,&quot;title&quot;:&quot;&quot;,&quot;orientation&quot;:&quot;0&quot;}\" data-image-title=\"16 larroque\" data-image-description=\"\" data-image-caption=\"\" data-large-file=\"https:\/\/www.hoymercedes.com.ar\/principal\/wp-content\/uploads\/2020\/09\/16-larroque.jpg\" src=\"https:\/\/www.hoymercedes.com.ar\/principal\/wp-content\/uploads\/2020\/09\/16-larroque.jpg\" alt=\"\" class=\"wp-image-116663\"\/><\/figure><\/div>\n\n\n\n<p>Estuvieron presentes el intendente Juan Ignacio Ustarroz, el Ministro de Desarrollo de la Comunidad de la provincia de Buenos Aires, Andr\u00e9s Larroque, el subsecretario de Asuntos Municipales bonaerense, Santiago R\u00e9vora, la secretaria de desarrollo social del municipio, Jorgelina Silva, la directora de ni\u00f1ez, Gabriela Olivella, el resposanble del CDR Nicol\u00e1s Zeballos y la secretaria de gobierno, Clara Zuninoy desde la provincia&nbsp;Estaban santiago Fidanza, Director de Atenci\u00f3n Inmediata, Bruno Bozzano, director de seguridad alimentaria, Julia Perrigne, sub secretaria pol\u00edticas sociales y Ezequiel M\u00e9ndez,&nbsp;&nbsp;jefe de gabinete de la cartera bonaerense. &nbsp;<\/p>\n\n\n\n<p>Asimismo, Ustarroz se\u00f1al\u00f3 \u201clo que tiene que ver con las ayudas habitacionales, nosotros las vamos a circunscribir al programa Primeros Mil D\u00edas, y la construcci\u00f3n del sum (sal\u00f3n de usos m\u00faltiples) que vamos a hacer con el apoyo tambi\u00e9n del Gobierno de la provincia, donde ambas acciones nos parecen muy importantes\u201d y valor\u00f3\u201da pesar de la crisis que se vive en el pa\u00eds poder, en concreto, firmar estos dos convenios que suscriben y generan recursos para el pueblo de Mercedes es claramente un avance enorme\u201d. \u00a0<\/p>\n\n\n\n<p>A su vez, el intendente Ustarroz subray\u00f3 lo hecho hasta el momento por el Ministerio \u201cen estos tiempos de pandemia, cuando hemos requerido y solicitado alimento para poder abastecer a los diferentes comedores y merenderos de nuestra ciudad, siempre hemos tenido una respuesta r\u00e1pida que denota compromiso y una gran sensibilidad para con las necesidades de nuestro pueblo\u201d y destac\u00f3 \u201csi a esto le sumamos lo que venimos haciendo desde el Municipio de Mercedes vamos a tener una intervenci\u00f3n mucho m\u00e1s robusta en beneficio de los mercedinos\u201d. &nbsp;<\/p>\n\n\n\n<p>\u201cYa estamos trabajando en la post pandemia, esto que hoy se firma es poder generar m\u00e1s recursos hacia el interior de nuestro pueblo, apelar a una comunidad que se organiza en funci\u00f3n de valores, la solidaridad y como eje principal la inclusi\u00f3n. Y desde ah\u00ed, codo a codo, entre la comunidad el Estado Provincial y Nacional vamos a dar la batalla para poder avanzar\u201d asegur\u00f3 el intendente Jua Ignacio Ustarroz. &nbsp;<\/p>\n\n\n\n<p>El Ministro de Desarrollo de la Comunidad de la provincia de Buenos Aires, Andr\u00e9s Larroque declar\u00f3 \u201cpara m\u00ed estar en Mercedes es como estar en mi casa, mi familia es oriunda por parte de padre de Mercedes, donde m\u00e1s all\u00e1 de eso nos une una relaci\u00f3n de toda la vida con el intendente Ustarroz, con Eduardo De Pedro, con Santiago R\u00e9vora y con muchos compa\u00f1eros de la ciudad\u201d. &nbsp;<\/p>\n\n\n\n<p>A su vez, Larroque destac\u00f3 \u201cnosotros entendemos que el Estado debe estar presente, m\u00e1s en este tiempo donde las cosas se complican a\u00fan m\u00e1s, porque recibimos un pais y una provincia en una situaci\u00f3n muy compleja en materia econ\u00f3mica y sobre eso vino la pandemia, pero a pesar de todo, siempre ha sido y ser\u00e1 siempre nuestra vocaci\u00f3n siempre estar presente\u201d y agreg\u00f3 \u201cpara poder resolver, identificar, diagnosticar y resolver todos los problemas m\u00e1s acuciantes que tiene el conjunto de nuestra sociedad y que la sociedad sea parte de esas soluciones\u201d. &nbsp;<\/p>\n\n\n\n<p>\u201cEs un gusto poder estar aqu\u00ed, poder acercar estas ayudas para mejoras habitacionales y la posibilidad de la construcci\u00f3n de un sum\u201d apunt\u00f3 Larroque y enfatiz\u00f3 \u201csiempre queremos hacer un poco m\u00e1s y resolver m\u00e1s cosas, pero de a poquito vamos acercando algunas soluciones que entendemos van a servir a la comunidad de Mercedes\u201d. &nbsp;<\/p>\n\n\n\n<p>La secretaria de desarrollo social del municipio, Jorgelina Silva expres\u00f3 \u201cla verdad que sentimos el acompa\u00f1amiento desde el d\u00eda uno del ministro Larroque como de sus equipos en este contexto tan complejo. Y hoy con importantes noticias, agradecidos y muy contentos\u201d. \u00a0<\/p>\n\n\n\n<p>por Prensa Municipal<\/p>\n","protected":false},"excerpt":{"rendered":"<p>El Municipio de Mercedes junto al Ministerio de Desarrollo de la Comunidad de la provincia de Buenos Aires firmaron -este &#8230; <a title=\"Firman acuerdo por mejoras habitacionales y construcci\u00f3n\" class=\"read-more\" href=\"https:\/\/www.hoymercedes.com.ar\/principal\/2020\/09\/16\/firman-acuerdo-por-mejoras-habitacionales-y-construccion\/\" aria-label=\"Leer m\u00e1s sobre Firman acuerdo por mejoras habitacionales y construcci\u00f3n\">Leer m\u00e1s<\/a><\/p>\n","protected":false},"author":1,"featured_media":116663,"comment_status":"closed","ping_status":"open","sticky":false,"template":"","format":"standard","meta":{"_monsterinsights_skip_tracking":false,"_monsterinsights_sitenote_active":false,"_monsterinsights_sitenote_note":"","_monsterinsights_sitenote_category":0,"jetpack_post_was_ever_published":false,"_jetpack_newsletter_access":"","_jetpack_dont_email_post_to_subs":false,"_jetpack_newsletter_tier_id":0,"_jetpack_memberships_contains_paywalled_content":false,"_jetpack_memberships_contains_paid_content":false,"footnotes":"","jetpack_publicize_message":"","jetpack_publicize_feature_enabled":true,"jetpack_social_post_already_shared":true,"jetpack_social_options":{"image_generator_settings":{"template":"highway","default_image_id":0,"font":"","enabled":false},"version":2},"_wpas_customize_per_network":false},"categories":[30],"tags":[],"class_list":["post-116662","post","type-post","status-publish","format-standard","has-post-thumbnail","hentry","category-municipio","generate-columns","tablet-grid-50","mobile-grid-100","grid-parent","grid-50"],"jetpack_publicize_connections":[],"jetpack_featured_media_url":"https:\/\/www.hoymercedes.com.ar\/principal\/wp-content\/uploads\/2020\/09\/16-larroque.jpg","wps_subtitle":"En la ma\u00f1ana del martes","jetpack_sharing_enabled":true,"_links":{"self":[{"href":"https:\/\/www.hoymercedes.com.ar\/principal\/wp-json\/wp\/v2\/posts\/116662","targetHints":{"allow":["GET"]}}],"collection":[{"href":"https:\/\/www.hoymercedes.com.ar\/principal\/wp-json\/wp\/v2\/posts"}],"about":[{"href":"https:\/\/www.hoymercedes.com.ar\/principal\/wp-json\/wp\/v2\/types\/post"}],"author":[{"embeddable":true,"href":"https:\/\/www.hoymercedes.com.ar\/principal\/wp-json\/wp\/v2\/users\/1"}],"replies":[{"embeddable":true,"href":"https:\/\/www.hoymercedes.com.ar\/principal\/wp-json\/wp\/v2\/comments?post=116662"}],"version-history":[{"count":0,"href":"https:\/\/www.hoymercedes.com.ar\/principal\/wp-json\/wp\/v2\/posts\/116662\/revisions"}],"wp:featuredmedia":[{"embeddable":true,"href":"https:\/\/www.hoymercedes.com.ar\/principal\/wp-json\/wp\/v2\/media\/116663"}],"wp:attachment":[{"href":"https:\/\/www.hoymercedes.com.ar\/principal\/wp-json\/wp\/v2\/media?parent=116662"}],"wp:term":[{"taxonomy":"category","embeddable":true,"href":"https:\/\/www.hoymercedes.com.ar\/principal\/wp-json\/wp\/v2\/categories?post=116662"},{"taxonomy":"post_tag","embeddable":true,"href":"https:\/\/www.hoymercedes.com.ar\/principal\/wp-json\/wp\/v2\/tags?post=116662"}],"curies":[{"name":"wp","href":"https:\/\/api.w.org\/{rel}","templated":true}]}}