{"id":116667,"date":"2020-09-16T11:41:29","date_gmt":"2020-09-16T14:41:29","guid":{"rendered":"http:\/\/www.hoymercedes.com.ar\/principal\/?p=116667"},"modified":"2020-09-16T23:05:08","modified_gmt":"2020-09-17T02:05:08","slug":"selva-es-parte-de-gestiones-por-universidad-publica-para-zarate","status":"publish","type":"post","link":"https:\/\/www.hoymercedes.com.ar\/principal\/2020\/09\/16\/selva-es-parte-de-gestiones-por-universidad-publica-para-zarate\/","title":{"rendered":"Selva es parte de gestiones por universidad p\u00fablica para Z\u00e1rate"},"content":{"rendered":"\n<p>En v\u00edsperas de un aniversario m\u00e1s de \u201cLa Noche de los L\u00e1pices\u201d (que record\u00f3 en sus redes sociales) el diputado nacional\u00a0<strong>Carlos Selva<\/strong>, del Frente de Todos, fue parte de un hecho hist\u00f3rico para la educaci\u00f3n de la localidad bonaerense de Z\u00e1rate, que busca tener una universidad p\u00fablica.<\/p>\n\n\n\n<div class=\"wp-block-image\"><figure class=\"aligncenter size-large\"><img loading=\"lazy\" decoding=\"async\" width=\"640\" height=\"337\" data-attachment-id=\"116669\" data-permalink=\"https:\/\/www.hoymercedes.com.ar\/principal\/2020\/09\/16\/selva-es-parte-de-gestiones-por-universidad-publica-para-zarate\/16-selva-zarate\/#main\" data-orig-file=\"https:\/\/www.hoymercedes.com.ar\/principal\/wp-content\/uploads\/2020\/09\/16-selva-zarate.jpg\" data-orig-size=\"640,337\" data-comments-opened=\"0\" data-image-meta=\"{&quot;aperture&quot;:&quot;0&quot;,&quot;credit&quot;:&quot;&quot;,&quot;camera&quot;:&quot;&quot;,&quot;caption&quot;:&quot;&quot;,&quot;created_timestamp&quot;:&quot;0&quot;,&quot;copyright&quot;:&quot;&quot;,&quot;focal_length&quot;:&quot;0&quot;,&quot;iso&quot;:&quot;0&quot;,&quot;shutter_speed&quot;:&quot;0&quot;,&quot;title&quot;:&quot;&quot;,&quot;orientation&quot;:&quot;0&quot;}\" data-image-title=\"16 selva zarate\" data-image-description=\"\" data-image-caption=\"\" data-large-file=\"https:\/\/www.hoymercedes.com.ar\/principal\/wp-content\/uploads\/2020\/09\/16-selva-zarate.jpg\" src=\"https:\/\/www.hoymercedes.com.ar\/principal\/wp-content\/uploads\/2020\/09\/16-selva-zarate.jpg\" alt=\"\" class=\"wp-image-116669\"\/><\/figure><\/div>\n\n\n\n<p>Es que en el d\u00eda de ayer se dio un paso m\u00e1s para hacer realidad el enorme sue\u00f1o de que Z\u00e1rate tenga su Universidad P\u00fablica. Se present\u00f3 en la Honorable C\u00e1mara de Diputados el proyecto de ley para que esa iniciativa tome estado parlamentario.<\/p>\n\n\n\n<p>\u201cEs un sue\u00f1o en el cual contamos con el compromiso de&nbsp;<strong>Alberto Fern\u00e1ndez<\/strong>, desde que visit\u00f3 nuestra ciudad, d\u00edas antes de ser electo presidente de la Rep\u00fablica, en una jornada hist\u00f3rica pudimos expresarle nuestra idea junto con el Diputado Nacional&nbsp;<strong>Abel Furl\u00e1n<\/strong>\u201d, coment\u00f3&nbsp;<strong>Osvaldo C\u00e1ffaro<\/strong>, intendente de esa localidad, quien llam\u00f3 a las vecinas y vecinos a continuar en el camino de lograr un gran anhelo: \u201cMi mayor deseo es que las nuevas generaciones puedan forjar su futuro en Z\u00e1rate. Que el terru\u00f1o los acompa\u00f1e y podamos brindarles las herramientas necesarias para seguir construyendo la ciudad para la vida que todas y todos nos merecemos\u201d, dijo.<\/p>\n\n\n\n<p>En este sentido agradeci\u00f3 al presidente de la c\u00e1mara de Diputados, Sergio Massa, al diputado nacional Carlos Selva, a la diputada Mor\u00e1n, a la diputada Patricia Moyano y al presidente del HCD, Ariel R\u00edos.<\/p>\n\n\n\n<p>Por Prensa Carlos Selva<\/p>\n","protected":false},"excerpt":{"rendered":"<p>En v\u00edsperas de un aniversario m\u00e1s de \u201cLa Noche de los L\u00e1pices\u201d (que record\u00f3 en sus redes sociales) el diputado &#8230; <a title=\"Selva es parte de gestiones por universidad p\u00fablica para Z\u00e1rate\" class=\"read-more\" href=\"https:\/\/www.hoymercedes.com.ar\/principal\/2020\/09\/16\/selva-es-parte-de-gestiones-por-universidad-publica-para-zarate\/\" aria-label=\"Leer m\u00e1s sobre Selva es parte de gestiones por universidad p\u00fablica para Z\u00e1rate\">Leer m\u00e1s<\/a><\/p>\n","protected":false},"author":1,"featured_media":116669,"comment_status":"closed","ping_status":"open","sticky":false,"template":"","format":"standard","meta":{"_monsterinsights_skip_tracking":false,"_monsterinsights_sitenote_active":false,"_monsterinsights_sitenote_note":"","_monsterinsights_sitenote_category":0,"jetpack_post_was_ever_published":false,"_jetpack_newsletter_access":"","_jetpack_dont_email_post_to_subs":false,"_jetpack_newsletter_tier_id":0,"_jetpack_memberships_contains_paywalled_content":false,"_jetpack_memberships_contains_paid_content":false,"footnotes":"","jetpack_publicize_message":"","jetpack_publicize_feature_enabled":true,"jetpack_social_post_already_shared":true,"jetpack_social_options":{"image_generator_settings":{"template":"highway","default_image_id":0,"font":"","enabled":false},"version":2},"_wpas_customize_per_network":false},"categories":[5210],"tags":[39,5319,10113],"class_list":["post-116667","post","type-post","status-publish","format-standard","has-post-thumbnail","hentry","category-politica-nacional","tag-carlos-selva","tag-politica-2","tag-politica-nacional","generate-columns","tablet-grid-50","mobile-grid-100","grid-parent","grid-50"],"jetpack_publicize_connections":[],"jetpack_featured_media_url":"https:\/\/www.hoymercedes.com.ar\/principal\/wp-content\/uploads\/2020\/09\/16-selva-zarate.jpg","wps_subtitle":"Legislaci\u00f3n nacional","jetpack_sharing_enabled":true,"_links":{"self":[{"href":"https:\/\/www.hoymercedes.com.ar\/principal\/wp-json\/wp\/v2\/posts\/116667","targetHints":{"allow":["GET"]}}],"collection":[{"href":"https:\/\/www.hoymercedes.com.ar\/principal\/wp-json\/wp\/v2\/posts"}],"about":[{"href":"https:\/\/www.hoymercedes.com.ar\/principal\/wp-json\/wp\/v2\/types\/post"}],"author":[{"embeddable":true,"href":"https:\/\/www.hoymercedes.com.ar\/principal\/wp-json\/wp\/v2\/users\/1"}],"replies":[{"embeddable":true,"href":"https:\/\/www.hoymercedes.com.ar\/principal\/wp-json\/wp\/v2\/comments?post=116667"}],"version-history":[{"count":0,"href":"https:\/\/www.hoymercedes.com.ar\/principal\/wp-json\/wp\/v2\/posts\/116667\/revisions"}],"wp:featuredmedia":[{"embeddable":true,"href":"https:\/\/www.hoymercedes.com.ar\/principal\/wp-json\/wp\/v2\/media\/116669"}],"wp:attachment":[{"href":"https:\/\/www.hoymercedes.com.ar\/principal\/wp-json\/wp\/v2\/media?parent=116667"}],"wp:term":[{"taxonomy":"category","embeddable":true,"href":"https:\/\/www.hoymercedes.com.ar\/principal\/wp-json\/wp\/v2\/categories?post=116667"},{"taxonomy":"post_tag","embeddable":true,"href":"https:\/\/www.hoymercedes.com.ar\/principal\/wp-json\/wp\/v2\/tags?post=116667"}],"curies":[{"name":"wp","href":"https:\/\/api.w.org\/{rel}","templated":true}]}}