{"id":116698,"date":"2020-09-16T22:50:54","date_gmt":"2020-09-17T01:50:54","guid":{"rendered":"http:\/\/www.hoymercedes.com.ar\/principal\/?p=116698"},"modified":"2020-09-16T22:59:59","modified_gmt":"2020-09-17T01:59:59","slug":"coronavirus-17-nuevos-casos-en-mercedes","status":"publish","type":"post","link":"https:\/\/www.hoymercedes.com.ar\/principal\/2020\/09\/16\/coronavirus-17-nuevos-casos-en-mercedes\/","title":{"rendered":"Coronavirus: 17 nuevos casos en Mercedes"},"content":{"rendered":"\n<p>La cantidad de pacientes con covid-19 en Mercedes sigue en aumento. Este mi\u00e9rcoles, las autoridades comunales y sanitarias confirmaron 17 nuevos positivos entre los 71 test realizados en el Laboratorio de Virolog\u00eda Molecular. Asimismo, aseguran que cinco pacientes terminaron con los d\u00edas estipulados por protocolo y fueron dados de alta. <\/p>\n\n\n\n<div class=\"wp-block-image\"><figure class=\"aligncenter size-large\"><img loading=\"lazy\" decoding=\"async\" width=\"800\" height=\"800\" data-attachment-id=\"116700\" data-permalink=\"https:\/\/www.hoymercedes.com.ar\/principal\/2020\/09\/16\/coronavirus-17-nuevos-casos-en-mercedes\/whatsapp-image-2020-09-16-at-22-35-38\/#main\" data-orig-file=\"https:\/\/www.hoymercedes.com.ar\/principal\/wp-content\/uploads\/2020\/09\/WhatsApp-Image-2020-09-16-at-22.35.38.jpeg\" data-orig-size=\"800,800\" data-comments-opened=\"0\" data-image-meta=\"{&quot;aperture&quot;:&quot;0&quot;,&quot;credit&quot;:&quot;&quot;,&quot;camera&quot;:&quot;&quot;,&quot;caption&quot;:&quot;&quot;,&quot;created_timestamp&quot;:&quot;0&quot;,&quot;copyright&quot;:&quot;&quot;,&quot;focal_length&quot;:&quot;0&quot;,&quot;iso&quot;:&quot;0&quot;,&quot;shutter_speed&quot;:&quot;0&quot;,&quot;title&quot;:&quot;&quot;,&quot;orientation&quot;:&quot;0&quot;}\" data-image-title=\"WhatsApp Image 2020-09-16 at 22.35.38\" data-image-description=\"\" data-image-caption=\"\" data-large-file=\"https:\/\/www.hoymercedes.com.ar\/principal\/wp-content\/uploads\/2020\/09\/WhatsApp-Image-2020-09-16-at-22.35.38.jpeg\" src=\"https:\/\/www.hoymercedes.com.ar\/principal\/wp-content\/uploads\/2020\/09\/WhatsApp-Image-2020-09-16-at-22.35.38.jpeg\" alt=\"\" class=\"wp-image-116700\"\/><\/figure><\/div>\n\n\n\n<p>El informe enviado por la Municipalidad de Mercedes y el Hospital Blas L. Dubarry expresa: <\/p>\n\n\n\n<p>\u00abEn el d\u00eda de la fecha el Laboratorio de Virolog\u00eda Molecular Municipal por medio de los procesos cient\u00edficos que lleva adelante cotidianamente detect\u00f3 17 nuevos casos para covid-19.<br>Los casos tienen su ra\u00edz epidemiol\u00f3gica y correspondiente trabajo de rastreo y seguimiento.<br>Al d\u00eda de la fecha tenemos 178 casos activos y 911 desde iniciada la pandemia con 719 pacientes recuperados del virus.<br>En seguimiento por contacto estrecho contin\u00faan a instancias del Centro de Teleseguimiento con 93 operadores socio sanitarios se encuentran 645 mercedinos.<br>En cuanto al Centro de Aislamiento Sanitario II con todas las normas socio sanitarias y un fuerte trabajo de Salud, Protecci\u00f3n Civil, SAME, Seguridad, Desarrollo Social y Servicios P\u00fablicos no tiene pacientes alojados, aislados y monitoreados\u00bb<\/p>\n\n\n\n<p><strong>Informe nacional <\/strong><\/p>\n\n\n\n<p>El Ministerio de Salud de la Naci\u00f3n confirm\u00f3 este mi\u00e9rcoles 11.674 nuevos casos de COVID-19. Del total de la jornada, la provincia de Buenos Aires sum\u00f3 6.078. El resto se divide en Ciudad de Buenos Aires 813; Catamarca 21; Chaco 122; Chubut 94; C\u00f3rdoba 691; Corrientes 17; Entre R\u00edos 125; Jujuy 305; La Pampa 39; La Rioja 125; Mendoza 682; Misiones 3; Neuqu\u00e9n 189; R\u00edo Negro 232; Salta 319; San Luis 25; Santa Cruz 84; Santa Fe 1.149; Santiago del Estero 59; Tierra del Fuego 46 y Tucum\u00e1n 458. Con estos registros, suman 589.012 positivos en el pa\u00eds.<\/p>\n\n\n\n<p>Asimismo confirmaron que 264 personas m\u00e1s fallecieron en todo el pa\u00eds. En el informe matutino dieron cuenta de 58 muertes. <br>31 hombres: 26 residentes en la provincia de Buenos Aires, 2 residente en la provincia de Santa Fe, 1 residentes en la provincia de Mendoza, 1 residentes en la provincia de Neuqu\u00e9n y 1 residentes en la provincia de Tucum\u00e1n. <br>27 mujeres: 23 residentes en la provincia de Buenos Aires, 2 residentes en la ciudad de Buenos Aires, 1 residente en la provincia de Mendoza y 1 residente en la provincia de Santa Fe. <\/p>\n\n\n\n<p>En tanto, el informe vespertino notificaron las restantes 206 muertes. <br>120 hombres: 68 residentes en la provincia de Buenos Aires, 21 residentes en la Ciudad de Buenos Aires, 1 residente en la provincia de Mendoza, 5 residentes en la provincia de C\u00f3rdoba, 1 residente en la provincia de Entre R\u00edos, 3 residentes en la provincia de R\u00edo Negro, 1 residente en la provincia de Salta, 3 residentes en la provincia de Santa Cruz, 7 residentes en la provincia de Santa Fe, 8 residentes en la provincia de Tucum\u00e1n y 2 residentes en la provincia de Tierra del Fuego. <br>86 mujeres: 48 residentes en la provincia de Buenos Aires, 17 residentes en la Ciudad de Buenos Aires, 4 residentes en la provincia de C\u00f3rdoba, 2 residentes en la provincia de Entre R\u00edos, 5 residentes en la provincia de R\u00edo Negro, 1 residente en la provincia de Salta, 2 residentes en la provincia de San Juan y 7 residentes en la provincia de Santa Fe. <br>Al momento la cantidad de personas fallecidas es 12.116.<\/p>\n","protected":false},"excerpt":{"rendered":"<p>La cantidad de pacientes con covid-19 en Mercedes sigue en aumento. Este mi\u00e9rcoles, las autoridades comunales y sanitarias confirmaron 17 &#8230; <a title=\"Coronavirus: 17 nuevos casos en Mercedes\" class=\"read-more\" href=\"https:\/\/www.hoymercedes.com.ar\/principal\/2020\/09\/16\/coronavirus-17-nuevos-casos-en-mercedes\/\" aria-label=\"Leer m\u00e1s sobre Coronavirus: 17 nuevos casos en Mercedes\">Leer m\u00e1s<\/a><\/p>\n","protected":false},"author":1,"featured_media":116700,"comment_status":"closed","ping_status":"open","sticky":false,"template":"","format":"standard","meta":{"_monsterinsights_skip_tracking":false,"_monsterinsights_sitenote_active":false,"_monsterinsights_sitenote_note":"","_monsterinsights_sitenote_category":0,"jetpack_post_was_ever_published":false,"_jetpack_newsletter_access":"","_jetpack_dont_email_post_to_subs":false,"_jetpack_newsletter_tier_id":0,"_jetpack_memberships_contains_paywalled_content":false,"_jetpack_memberships_contains_paid_content":false,"footnotes":"","jetpack_publicize_message":"","jetpack_publicize_feature_enabled":true,"jetpack_social_post_already_shared":false,"jetpack_social_options":{"image_generator_settings":{"template":"highway","default_image_id":0,"font":"","enabled":false},"version":2},"_wpas_customize_per_network":false},"categories":[9791],"tags":[16428,16175,16313,134],"class_list":["post-116698","post","type-post","status-publish","format-standard","has-post-thumbnail","hentry","category-salud","tag-casos-positivos","tag-coronavirus","tag-covid-19","tag-salud","generate-columns","tablet-grid-50","mobile-grid-100","grid-parent","grid-50"],"jetpack_publicize_connections":[],"jetpack_featured_media_url":"https:\/\/www.hoymercedes.com.ar\/principal\/wp-content\/uploads\/2020\/09\/WhatsApp-Image-2020-09-16-at-22.35.38.jpeg","wps_subtitle":"Cierre del d\u00eda","jetpack_sharing_enabled":true,"_links":{"self":[{"href":"https:\/\/www.hoymercedes.com.ar\/principal\/wp-json\/wp\/v2\/posts\/116698","targetHints":{"allow":["GET"]}}],"collection":[{"href":"https:\/\/www.hoymercedes.com.ar\/principal\/wp-json\/wp\/v2\/posts"}],"about":[{"href":"https:\/\/www.hoymercedes.com.ar\/principal\/wp-json\/wp\/v2\/types\/post"}],"author":[{"embeddable":true,"href":"https:\/\/www.hoymercedes.com.ar\/principal\/wp-json\/wp\/v2\/users\/1"}],"replies":[{"embeddable":true,"href":"https:\/\/www.hoymercedes.com.ar\/principal\/wp-json\/wp\/v2\/comments?post=116698"}],"version-history":[{"count":0,"href":"https:\/\/www.hoymercedes.com.ar\/principal\/wp-json\/wp\/v2\/posts\/116698\/revisions"}],"wp:featuredmedia":[{"embeddable":true,"href":"https:\/\/www.hoymercedes.com.ar\/principal\/wp-json\/wp\/v2\/media\/116700"}],"wp:attachment":[{"href":"https:\/\/www.hoymercedes.com.ar\/principal\/wp-json\/wp\/v2\/media?parent=116698"}],"wp:term":[{"taxonomy":"category","embeddable":true,"href":"https:\/\/www.hoymercedes.com.ar\/principal\/wp-json\/wp\/v2\/categories?post=116698"},{"taxonomy":"post_tag","embeddable":true,"href":"https:\/\/www.hoymercedes.com.ar\/principal\/wp-json\/wp\/v2\/tags?post=116698"}],"curies":[{"name":"wp","href":"https:\/\/api.w.org\/{rel}","templated":true}]}}