{"id":116703,"date":"2020-09-17T00:11:58","date_gmt":"2020-09-17T03:11:58","guid":{"rendered":"http:\/\/www.hoymercedes.com.ar\/principal\/?p=116703"},"modified":"2020-09-18T10:13:19","modified_gmt":"2020-09-18T13:13:19","slug":"san-andres-de-giles-confirmo-17-resultados-positivos-de-covid-19","status":"publish","type":"post","link":"https:\/\/www.hoymercedes.com.ar\/principal\/2020\/09\/17\/san-andres-de-giles-confirmo-17-resultados-positivos-de-covid-19\/","title":{"rendered":"San Andr\u00e9s de Giles confirm\u00f3 17 resultados positivos de covid-19"},"content":{"rendered":"\n<p>A trav\u00e9s de un video, el Intendente Carlos Puglelli confirm\u00f3 que hoy llegaron 18 resultados, de los cuales&nbsp;<strong>17 casos dieron positivo y solo uno negativo.<\/strong>&nbsp;\u201cDe estos 17 resultados positivos, 13 de ellos corresponden a detenidos de la comisaria local, 2 son contactos estrechos de casos positivos anteriores y 2 son personas que est\u00e1n con nexo epidemiol\u00f3gico en estudio\u201d.<\/p>\n\n\n\n<p>Diego Schiaffino, Secretario de Salud, explic\u00f3 que los detenidos fueron hisopados el jueves, y que de los 14 internos analizados, solo uno dio negativo.\u00a0\u201cPor las condiciones donde residen, hace que el indice de contagio sea muy alto, los detenidos est\u00e1n evolucionando favorablemente, sin sintomas, al comienzo algunos presentaron sintomas muy leves\u201d, detall\u00f3 el Secretario de Salud y confirm\u00f3 que todos se encuentran en buen estado general.<\/p>\n\n\n\n<p>Los otros cuatro casos confirmados hoy corresponden a vecinos de nuestra ciudad. Tres pacientes est\u00e1n cumpliendo el aislamiento en sus casas y una adulta mayor de 78 a\u00f1os esta internada en el Hospital, por el momento evolucionando favorablemente.<\/p>\n\n\n\n<p>Schiaffino asegur\u00f3 que la situaci\u00f3n sanitaria local ha cambiado mucho. \u201cHasta el 17 de agosto nosotros ten\u00edamos 41 casos, hoy ya tenemos 95, hay una duplicaci\u00f3n\u201d, sostuvo y destac\u00f3 que&nbsp;\u201cla situaci\u00f3n amerita un mayor compromiso, esto todav\u00eda no pas\u00f3\u201d.<\/p>\n\n\n\n<p>Adem\u00e1s se refiri\u00f3 a las aperturas de esta semana.&nbsp;\u201cHemos decidido abrir los deportes pero les pido por favor que no nos relajemos, no nos equivoquemos ahora, hay mas circulacion, hay mas casos y en algunos casos nos est\u00e1 costando encontrar el nexo, eso nos hace pensar que hay cierta circulaci\u00f3n en nuestra ciudad\u201d, afirm\u00f3.<\/p>\n\n\n\n<p>Desde el inicio de la pandemia,\u00a0<strong>San Andr\u00e9s de Giles registr\u00f3 95 casos totales de coronavirus, de los cuales 30 est\u00e1n activos cursando la enfermedad, 61 vecinos fueron dados de alta y 4 fallecieron.<\/strong><\/p>\n\n\n\n<p>Fuente: Infocuidad de San Andr\u00e9s de Giles. <\/p>\n\n\n\n<figure class=\"wp-block-embed-facebook wp-block-embed is-type-video is-provider-facebook\"><div class=\"wp-block-embed__wrapper\">\n<div class=\"fb-video\" data-allowfullscreen=\"true\" data-href=\"https:\/\/www.facebook.com\/MunicipioSAG\/videos\/247578046523782\/\" style=\"background-color: #fff; display: inline-block;\"><\/div>\n<\/div><\/figure>\n","protected":false},"excerpt":{"rendered":"<p>A trav\u00e9s de un video, el Intendente Carlos Puglelli confirm\u00f3 que hoy llegaron 18 resultados, de los cuales&nbsp;17 casos dieron &#8230; <a title=\"San Andr\u00e9s de Giles confirm\u00f3 17 resultados positivos de covid-19\" class=\"read-more\" href=\"https:\/\/www.hoymercedes.com.ar\/principal\/2020\/09\/17\/san-andres-de-giles-confirmo-17-resultados-positivos-de-covid-19\/\" aria-label=\"Leer m\u00e1s sobre San Andr\u00e9s de Giles confirm\u00f3 17 resultados positivos de covid-19\">Leer m\u00e1s<\/a><\/p>\n","protected":false},"author":1,"featured_media":116704,"comment_status":"closed","ping_status":"open","sticky":false,"template":"","format":"standard","meta":{"_monsterinsights_skip_tracking":false,"_monsterinsights_sitenote_active":false,"_monsterinsights_sitenote_note":"","_monsterinsights_sitenote_category":0,"jetpack_post_was_ever_published":false,"_jetpack_newsletter_access":"","_jetpack_dont_email_post_to_subs":false,"_jetpack_newsletter_tier_id":0,"_jetpack_memberships_contains_paywalled_content":false,"_jetpack_memberships_contains_paid_content":false,"footnotes":"","jetpack_publicize_message":"","jetpack_publicize_feature_enabled":true,"jetpack_social_post_already_shared":true,"jetpack_social_options":{"image_generator_settings":{"template":"highway","default_image_id":0,"font":"","enabled":false},"version":2},"_wpas_customize_per_network":false},"categories":[5501],"tags":[16175,16313,9322,2123],"class_list":["post-116703","post","type-post","status-publish","format-standard","has-post-thumbnail","hentry","category-region","tag-coronavirus","tag-covid-19","tag-region","tag-san-andres-de-giles","generate-columns","tablet-grid-50","mobile-grid-100","grid-parent","grid-50"],"jetpack_publicize_connections":[],"jetpack_featured_media_url":"https:\/\/www.hoymercedes.com.ar\/principal\/wp-content\/uploads\/2020\/09\/16-giles-covid.jpeg","wps_subtitle":"Coronavirus en la regi\u00f3n","jetpack_sharing_enabled":true,"_links":{"self":[{"href":"https:\/\/www.hoymercedes.com.ar\/principal\/wp-json\/wp\/v2\/posts\/116703","targetHints":{"allow":["GET"]}}],"collection":[{"href":"https:\/\/www.hoymercedes.com.ar\/principal\/wp-json\/wp\/v2\/posts"}],"about":[{"href":"https:\/\/www.hoymercedes.com.ar\/principal\/wp-json\/wp\/v2\/types\/post"}],"author":[{"embeddable":true,"href":"https:\/\/www.hoymercedes.com.ar\/principal\/wp-json\/wp\/v2\/users\/1"}],"replies":[{"embeddable":true,"href":"https:\/\/www.hoymercedes.com.ar\/principal\/wp-json\/wp\/v2\/comments?post=116703"}],"version-history":[{"count":0,"href":"https:\/\/www.hoymercedes.com.ar\/principal\/wp-json\/wp\/v2\/posts\/116703\/revisions"}],"wp:featuredmedia":[{"embeddable":true,"href":"https:\/\/www.hoymercedes.com.ar\/principal\/wp-json\/wp\/v2\/media\/116704"}],"wp:attachment":[{"href":"https:\/\/www.hoymercedes.com.ar\/principal\/wp-json\/wp\/v2\/media?parent=116703"}],"wp:term":[{"taxonomy":"category","embeddable":true,"href":"https:\/\/www.hoymercedes.com.ar\/principal\/wp-json\/wp\/v2\/categories?post=116703"},{"taxonomy":"post_tag","embeddable":true,"href":"https:\/\/www.hoymercedes.com.ar\/principal\/wp-json\/wp\/v2\/tags?post=116703"}],"curies":[{"name":"wp","href":"https:\/\/api.w.org\/{rel}","templated":true}]}}