{"id":116710,"date":"2020-09-17T08:01:04","date_gmt":"2020-09-17T11:01:04","guid":{"rendered":"http:\/\/www.hoymercedes.com.ar\/principal\/?p=116710"},"modified":"2020-09-18T10:11:19","modified_gmt":"2020-09-18T13:11:19","slug":"coronavirus-otra-persona-fallecida-y-52-nuevos-casos-positivos-en-lujan","status":"publish","type":"post","link":"https:\/\/www.hoymercedes.com.ar\/principal\/2020\/09\/17\/coronavirus-otra-persona-fallecida-y-52-nuevos-casos-positivos-en-lujan\/","title":{"rendered":"Coronavirus: otra persona fallecida y 52 nuevos casos positivos en Luj\u00e1n"},"content":{"rendered":"\n<p>Seg\u00fan informaron desde la Secretar\u00eda de Salud del Municipio de Luj\u00e1n, la mujer que falleci\u00f3 ten\u00eda 92 a\u00f1os y se encontraba internada en un sanatorio privado. Por su parte, este mi\u00e9rcoles confirmaron 52 casos positivos y recibieron el alta 13 pacientes. <\/p>\n\n\n\n<p>En su informe oficial N\u00b0 184, emitido este jueves a las 7, la Secretar\u00eda de Salud del Municipio de Luj\u00e1n inform\u00f3 que en las \u00faltimas horas\u00a0se produjo el fallecimiento de una lujanense de 92 a\u00f1os\u00a0con coronavirus.<\/p>\n\n\n\n<p>\u201cLa misma se hab\u00eda configurado como caso positivo el pasado 8 de agosto y se encontraba internada en un efector de salud privado del partido de Luj\u00e1n. Por su estado cr\u00edtico, permaneci\u00f3 internada con asistencia de cuidados intensivos hasta el martes por la noche, cuando falleci\u00f3\u201d, se\u00f1alaron.<\/p>\n\n\n\n<p>En tanto, la Secretar\u00eda de Salud de Luj\u00e1n comunic\u00f3 que\u00a0se confirmaron 52 nuevos casos positivos\u00a0para Covid-19. Ellos est\u00e1n: 47 con aislamiento domiciliario, 3 en efectores de salud p\u00fablicos en el partido de Luj\u00e1n y 2 en efectores de salud privados en el partido de Luj\u00e1n. Asimismo, este mi\u00e9rcoles\u00a0se dieron de alta 13 casos positivos\u00a0para Covid-19.<\/p>\n\n\n\n<p>Hasta el momento, el Partido de Luj\u00e1n registra\u00a02.305 casos positivos\u00a0(de los cuales 41 fallecieron, 595 fueron dados de alta y 1.669 se encuentran en tratamiento) y\u00a04.149 casos descartados. Adem\u00e1s, en dicho partido fallecieron dos personas provenientes de otros municipios.<\/p>\n\n\n\n<p>Fuente: Luj\u00e1n Hoy<\/p>\n","protected":false},"excerpt":{"rendered":"<p>Seg\u00fan informaron desde la Secretar\u00eda de Salud del Municipio de Luj\u00e1n, la mujer que falleci\u00f3 ten\u00eda 92 a\u00f1os y se &#8230; <a title=\"Coronavirus: otra persona fallecida y 52 nuevos casos positivos en Luj\u00e1n\" class=\"read-more\" href=\"https:\/\/www.hoymercedes.com.ar\/principal\/2020\/09\/17\/coronavirus-otra-persona-fallecida-y-52-nuevos-casos-positivos-en-lujan\/\" aria-label=\"Leer m\u00e1s sobre Coronavirus: otra persona fallecida y 52 nuevos casos positivos en Luj\u00e1n\">Leer m\u00e1s<\/a><\/p>\n","protected":false},"author":1,"featured_media":115570,"comment_status":"closed","ping_status":"open","sticky":false,"template":"","format":"standard","meta":{"_monsterinsights_skip_tracking":false,"_monsterinsights_sitenote_active":false,"_monsterinsights_sitenote_note":"","_monsterinsights_sitenote_category":0,"jetpack_post_was_ever_published":false,"_jetpack_newsletter_access":"","_jetpack_dont_email_post_to_subs":false,"_jetpack_newsletter_tier_id":0,"_jetpack_memberships_contains_paywalled_content":false,"_jetpack_memberships_contains_paid_content":false,"footnotes":"","jetpack_publicize_message":"","jetpack_publicize_feature_enabled":true,"jetpack_social_post_already_shared":true,"jetpack_social_options":{"image_generator_settings":{"template":"highway","default_image_id":0,"font":"","enabled":false},"version":2},"_wpas_customize_per_network":false},"categories":[5501],"tags":[16428,16175,16313,86,9322],"class_list":["post-116710","post","type-post","status-publish","format-standard","has-post-thumbnail","hentry","category-region","tag-casos-positivos","tag-coronavirus","tag-covid-19","tag-lujan","tag-region","generate-columns","tablet-grid-50","mobile-grid-100","grid-parent","grid-50"],"jetpack_publicize_connections":[],"jetpack_featured_media_url":"https:\/\/www.hoymercedes.com.ar\/principal\/wp-content\/uploads\/2020\/08\/Coronavirus-Estudios-696x429-1.jpg","wps_subtitle":"Pandemia en la regi\u00f3n","jetpack_sharing_enabled":true,"_links":{"self":[{"href":"https:\/\/www.hoymercedes.com.ar\/principal\/wp-json\/wp\/v2\/posts\/116710","targetHints":{"allow":["GET"]}}],"collection":[{"href":"https:\/\/www.hoymercedes.com.ar\/principal\/wp-json\/wp\/v2\/posts"}],"about":[{"href":"https:\/\/www.hoymercedes.com.ar\/principal\/wp-json\/wp\/v2\/types\/post"}],"author":[{"embeddable":true,"href":"https:\/\/www.hoymercedes.com.ar\/principal\/wp-json\/wp\/v2\/users\/1"}],"replies":[{"embeddable":true,"href":"https:\/\/www.hoymercedes.com.ar\/principal\/wp-json\/wp\/v2\/comments?post=116710"}],"version-history":[{"count":0,"href":"https:\/\/www.hoymercedes.com.ar\/principal\/wp-json\/wp\/v2\/posts\/116710\/revisions"}],"wp:featuredmedia":[{"embeddable":true,"href":"https:\/\/www.hoymercedes.com.ar\/principal\/wp-json\/wp\/v2\/media\/115570"}],"wp:attachment":[{"href":"https:\/\/www.hoymercedes.com.ar\/principal\/wp-json\/wp\/v2\/media?parent=116710"}],"wp:term":[{"taxonomy":"category","embeddable":true,"href":"https:\/\/www.hoymercedes.com.ar\/principal\/wp-json\/wp\/v2\/categories?post=116710"},{"taxonomy":"post_tag","embeddable":true,"href":"https:\/\/www.hoymercedes.com.ar\/principal\/wp-json\/wp\/v2\/tags?post=116710"}],"curies":[{"name":"wp","href":"https:\/\/api.w.org\/{rel}","templated":true}]}}