{"id":116717,"date":"2020-09-17T11:37:01","date_gmt":"2020-09-17T14:37:01","guid":{"rendered":"http:\/\/www.hoymercedes.com.ar\/principal\/?p=116717"},"modified":"2020-09-17T11:37:07","modified_gmt":"2020-09-17T14:37:07","slug":"viola-y-gioscio-sumaron-una-semana-mas-en-el-grupo-c-de-chesscovid","status":"publish","type":"post","link":"https:\/\/www.hoymercedes.com.ar\/principal\/2020\/09\/17\/viola-y-gioscio-sumaron-una-semana-mas-en-el-grupo-c-de-chesscovid\/","title":{"rendered":"Viola y Gioscio sumaron una semana m\u00e1s en el Grupo C de Chesscovid"},"content":{"rendered":"\n<p>Este mi\u00e9rcoles 16 se disput\u00f3 una nueva fecha de la liga nacional de ajedrez Chesscovid en la cual participan 120 equipos del pa\u00eds distribuidos en 12 grupos de 10 equipos cada uno.<\/p>\n\n\n\n<figure class=\"wp-block-image size-large\"><img loading=\"lazy\" decoding=\"async\" width=\"1600\" height=\"1063\" data-attachment-id=\"116719\" data-permalink=\"https:\/\/www.hoymercedes.com.ar\/principal\/2020\/09\/17\/viola-y-gioscio-sumaron-una-semana-mas-en-el-grupo-c-de-chesscovid\/ajedrez-1-1\/#main\" data-orig-file=\"https:\/\/www.hoymercedes.com.ar\/principal\/wp-content\/uploads\/2020\/09\/Ajedrez-1-1.jpg\" data-orig-size=\"1600,1063\" data-comments-opened=\"0\" data-image-meta=\"{&quot;aperture&quot;:&quot;0&quot;,&quot;credit&quot;:&quot;&quot;,&quot;camera&quot;:&quot;&quot;,&quot;caption&quot;:&quot;&quot;,&quot;created_timestamp&quot;:&quot;0&quot;,&quot;copyright&quot;:&quot;&quot;,&quot;focal_length&quot;:&quot;0&quot;,&quot;iso&quot;:&quot;0&quot;,&quot;shutter_speed&quot;:&quot;0&quot;,&quot;title&quot;:&quot;&quot;,&quot;orientation&quot;:&quot;0&quot;}\" data-image-title=\"Ajedrez-1-1\" data-image-description=\"\" data-image-caption=\"\" data-large-file=\"https:\/\/www.hoymercedes.com.ar\/principal\/wp-content\/uploads\/2020\/09\/Ajedrez-1-1.jpg\" src=\"https:\/\/www.hoymercedes.com.ar\/principal\/wp-content\/uploads\/2020\/09\/Ajedrez-1-1.jpg\" alt=\"\" class=\"wp-image-116719\"\/><\/figure>\n\n\n\n<p>El Circulo de Ajedrez de Escobar volvi\u00f3 hacerse presente en el grupo C. Acompa\u00f1aron a este los equipos Hebraica (CABA), Ajedrez Zonal Unido (Buenos Aires), Wilde Azulado (Buenos Aires), Plaza de Barrio Chesscovid (CABA), Club Argentino de Ajedrez Oficial (CABA), Club Atletico Velez Sarfield (Liniers), Ajedrez River Chesscovid Cup 2020 (CABA), compilado de Casares &#8211; Pehuaj\u00f3 &#8211; 9 de Julio (Buenos Aires), Guill\u00f3n Chess (Buenos Aires).<\/p>\n\n\n\n<p>El C\u00edrculo de Ajedrez de Escobar termin\u00f3 en el octavo puesto con 133 unidades logrando mantenerse una fecha m\u00e1s en dicha categor\u00eda.<\/p>\n\n\n\n<p>El campe\u00f3n del grupo fue Guill\u00f3n Chess con 217 unidades, y el segundo puesto fue para el compilado de Casares &#8211; Pehuaj\u00f3 &#8211; 9 de Julio con 155 unidades.<\/p>\n\n\n\n<p>Ambos equipos lograron el ascenso al grupo B.<\/p>\n\n\n\n<p>Mart\u00edn Gioscio y Francisco Viola nuevamente integraron el equipo del C\u00edrculo de Ajedrez de Escobar aportando ambos 16 puntos.<\/p>\n","protected":false},"excerpt":{"rendered":"<p>Este mi\u00e9rcoles 16 se disput\u00f3 una nueva fecha de la liga nacional de ajedrez Chesscovid en la cual participan 120 &#8230; <a title=\"Viola y Gioscio sumaron una semana m\u00e1s en el Grupo C de Chesscovid\" class=\"read-more\" href=\"https:\/\/www.hoymercedes.com.ar\/principal\/2020\/09\/17\/viola-y-gioscio-sumaron-una-semana-mas-en-el-grupo-c-de-chesscovid\/\" aria-label=\"Leer m\u00e1s sobre Viola y Gioscio sumaron una semana m\u00e1s en el Grupo C de Chesscovid\">Leer m\u00e1s<\/a><\/p>\n","protected":false},"author":1,"featured_media":116719,"comment_status":"closed","ping_status":"open","sticky":false,"template":"","format":"standard","meta":{"_monsterinsights_skip_tracking":false,"_monsterinsights_sitenote_active":false,"_monsterinsights_sitenote_note":"","_monsterinsights_sitenote_category":0,"jetpack_post_was_ever_published":false,"_jetpack_newsletter_access":"","_jetpack_dont_email_post_to_subs":false,"_jetpack_newsletter_tier_id":0,"_jetpack_memberships_contains_paywalled_content":false,"_jetpack_memberships_contains_paid_content":false,"footnotes":"","jetpack_publicize_message":"","jetpack_publicize_feature_enabled":true,"jetpack_social_post_already_shared":true,"jetpack_social_options":{"image_generator_settings":{"template":"highway","default_image_id":0,"font":"","enabled":false},"version":2},"_wpas_customize_per_network":false},"categories":[21],"tags":[15550],"class_list":["post-116717","post","type-post","status-publish","format-standard","has-post-thumbnail","hentry","category-deportes","tag-francisco-viola","generate-columns","tablet-grid-50","mobile-grid-100","grid-parent","grid-50"],"jetpack_publicize_connections":[],"jetpack_featured_media_url":"https:\/\/www.hoymercedes.com.ar\/principal\/wp-content\/uploads\/2020\/09\/Ajedrez-1-1.jpg","wps_subtitle":"Ajedrez","jetpack_sharing_enabled":true,"_links":{"self":[{"href":"https:\/\/www.hoymercedes.com.ar\/principal\/wp-json\/wp\/v2\/posts\/116717","targetHints":{"allow":["GET"]}}],"collection":[{"href":"https:\/\/www.hoymercedes.com.ar\/principal\/wp-json\/wp\/v2\/posts"}],"about":[{"href":"https:\/\/www.hoymercedes.com.ar\/principal\/wp-json\/wp\/v2\/types\/post"}],"author":[{"embeddable":true,"href":"https:\/\/www.hoymercedes.com.ar\/principal\/wp-json\/wp\/v2\/users\/1"}],"replies":[{"embeddable":true,"href":"https:\/\/www.hoymercedes.com.ar\/principal\/wp-json\/wp\/v2\/comments?post=116717"}],"version-history":[{"count":0,"href":"https:\/\/www.hoymercedes.com.ar\/principal\/wp-json\/wp\/v2\/posts\/116717\/revisions"}],"wp:featuredmedia":[{"embeddable":true,"href":"https:\/\/www.hoymercedes.com.ar\/principal\/wp-json\/wp\/v2\/media\/116719"}],"wp:attachment":[{"href":"https:\/\/www.hoymercedes.com.ar\/principal\/wp-json\/wp\/v2\/media?parent=116717"}],"wp:term":[{"taxonomy":"category","embeddable":true,"href":"https:\/\/www.hoymercedes.com.ar\/principal\/wp-json\/wp\/v2\/categories?post=116717"},{"taxonomy":"post_tag","embeddable":true,"href":"https:\/\/www.hoymercedes.com.ar\/principal\/wp-json\/wp\/v2\/tags?post=116717"}],"curies":[{"name":"wp","href":"https:\/\/api.w.org\/{rel}","templated":true}]}}