{"id":116722,"date":"2020-09-17T12:43:47","date_gmt":"2020-09-17T15:43:47","guid":{"rendered":"http:\/\/www.hoymercedes.com.ar\/principal\/?p=116722"},"modified":"2020-09-18T10:10:01","modified_gmt":"2020-09-18T13:10:01","slug":"un-mundo-maravilloso-muestra-virtual-de-marcela-cueto","status":"publish","type":"post","link":"https:\/\/www.hoymercedes.com.ar\/principal\/2020\/09\/17\/un-mundo-maravilloso-muestra-virtual-de-marcela-cueto\/","title":{"rendered":"Un Mundo Maravilloso: Muestra virtual de Marcela Cueto"},"content":{"rendered":"\n<p>Desde el Taller de Arte Cueto, la artista pl\u00e1stica mercedina Marcela Cueto, present\u00f3 una retrospectiva de sus obras a trav\u00e9s de una plataforma digital con la organizaci\u00f3n del Estudio Su\u00e1rez Cardonnier de la localidad de Alberti. Con m\u00e1s de 65 participantes como espectadores desde sus domicilios en Mercedes, Chivilcoy, Per\u00fa, Alberti, Mendoza, Miramar, Tandil, Luj\u00e1n, entre otras localidades, la muestra virtual se realiz\u00f3 en la noche del mi\u00e9rcoles. <\/p>\n\n\n\n<p>La cita en la plataforma zoom era a las diez de la noche del mi\u00e9rcoles. A medida que cada uno de los participantes, desde Alberti, Laura Cordonnier daba la bienvenida y solicitaba que silencien micr\u00f3fonos y cancelen las c\u00e1maras para empezar con la exposici\u00f3n de Marcela Cueto. <\/p>\n\n\n\n<p>Desde Luj\u00e1n, Rosana Quagliariello, present\u00f3 a la artista pl\u00e1stica mercedina. Hija de H\u00e9ctor y Carolina Cuesto, Marcela desde beb\u00e9 se empap\u00f3 de arte gracias a sus padres y los amigos de ellos. El Taller de Arte Cueto abierto desde hace 40 a\u00f1os fue central en le desarrollo art\u00edstico y familiar. <\/p>\n\n\n\n<p>En las nuevas instalaciones del Taller, Marcela junto a una de sus hijas, Elena, explic\u00f3 que se ver\u00eda una retrospectiva de sus \u00faltimas obras. Del 2013 hasta la actualidad, la artista pl\u00e1stica fue contando y mostrando sus cuadros de manera cronol\u00f3gica luego de un video presentaci\u00f3n de esos cuadros acompa\u00f1ado de una versi\u00f3n de \u00abUn Mundo Maravilloso\u00bb de Eva Cassidy. <\/p>\n\n\n\n<p>A medida que presentaba su obra, Marcela explic\u00f3 la t\u00e9cnica y los materiales que usa. En el chat, los asistentes hac\u00edan preguntas que eran respondidas por la artista pl\u00e1stica. Terminado el recorrido virtual, Los presentes prendieron sus c\u00e1maras y micr\u00f3fonos y pudieron hablar con Marcela. Minutos antes de la medianoche, termin\u00f3 el encuentro virtual. <\/p>\n\n\n\n<div class=\"wp-block-jetpack-slideshow aligncenter\" data-autoplay=\"true\" data-delay=\"3\" data-effect=\"slide\"><div class=\"wp-block-jetpack-slideshow_container swiper-container\"><ul class=\"wp-block-jetpack-slideshow_swiper-wrapper swiper-wrapper\"><li class=\"wp-block-jetpack-slideshow_slide swiper-slide\"><figure><img loading=\"lazy\" decoding=\"async\" width=\"800\" height=\"533\" alt=\"\" class=\"wp-block-jetpack-slideshow_image wp-image-116723\" data-id=\"116723\" src=\"https:\/\/www.hoymercedes.com.ar\/principal\/wp-content\/uploads\/2020\/09\/16-marcela-cueto-2.png\"\/><\/figure><\/li><li class=\"wp-block-jetpack-slideshow_slide swiper-slide\"><figure><img loading=\"lazy\" decoding=\"async\" width=\"800\" height=\"533\" alt=\"\" class=\"wp-block-jetpack-slideshow_image wp-image-116724\" data-id=\"116724\" src=\"https:\/\/www.hoymercedes.com.ar\/principal\/wp-content\/uploads\/2020\/09\/16-marcela-cueto-4.jpg\"\/><\/figure><\/li><li class=\"wp-block-jetpack-slideshow_slide swiper-slide\"><figure><img loading=\"lazy\" decoding=\"async\" width=\"800\" height=\"533\" alt=\"\" class=\"wp-block-jetpack-slideshow_image wp-image-116725\" data-id=\"116725\" src=\"https:\/\/www.hoymercedes.com.ar\/principal\/wp-content\/uploads\/2020\/09\/16-marcela-cueto-5.jpg\"\/><\/figure><\/li><li class=\"wp-block-jetpack-slideshow_slide swiper-slide\"><figure><img loading=\"lazy\" decoding=\"async\" width=\"800\" height=\"533\" alt=\"\" class=\"wp-block-jetpack-slideshow_image wp-image-116726\" data-id=\"116726\" src=\"https:\/\/www.hoymercedes.com.ar\/principal\/wp-content\/uploads\/2020\/09\/16-marcela-cueto-6.jpg\"\/><\/figure><\/li><li class=\"wp-block-jetpack-slideshow_slide swiper-slide\"><figure><img loading=\"lazy\" decoding=\"async\" width=\"800\" height=\"533\" alt=\"\" class=\"wp-block-jetpack-slideshow_image wp-image-116727\" data-id=\"116727\" src=\"https:\/\/www.hoymercedes.com.ar\/principal\/wp-content\/uploads\/2020\/09\/16-marcela-cueto-7.jpg\"\/><\/figure><\/li><li class=\"wp-block-jetpack-slideshow_slide swiper-slide\"><figure><img loading=\"lazy\" decoding=\"async\" width=\"800\" height=\"533\" alt=\"\" class=\"wp-block-jetpack-slideshow_image wp-image-116728\" data-id=\"116728\" src=\"https:\/\/www.hoymercedes.com.ar\/principal\/wp-content\/uploads\/2020\/09\/16-marcela-cueto-8.jpg\"\/><\/figure><\/li><li class=\"wp-block-jetpack-slideshow_slide swiper-slide\"><figure><img loading=\"lazy\" decoding=\"async\" width=\"800\" height=\"533\" alt=\"\" class=\"wp-block-jetpack-slideshow_image wp-image-116729\" data-id=\"116729\" src=\"https:\/\/www.hoymercedes.com.ar\/principal\/wp-content\/uploads\/2020\/09\/16-marcela-cueto-9.jpg\"\/><\/figure><\/li><li class=\"wp-block-jetpack-slideshow_slide swiper-slide\"><figure><img loading=\"lazy\" decoding=\"async\" width=\"800\" height=\"533\" alt=\"\" class=\"wp-block-jetpack-slideshow_image wp-image-116730\" data-id=\"116730\" src=\"https:\/\/www.hoymercedes.com.ar\/principal\/wp-content\/uploads\/2020\/09\/16-marcela-cueto-10.jpg\"\/><\/figure><\/li><li class=\"wp-block-jetpack-slideshow_slide swiper-slide\"><figure><img loading=\"lazy\" decoding=\"async\" width=\"800\" height=\"533\" alt=\"\" class=\"wp-block-jetpack-slideshow_image wp-image-116731\" data-id=\"116731\" src=\"https:\/\/www.hoymercedes.com.ar\/principal\/wp-content\/uploads\/2020\/09\/16-marcela-cueto-11.jpg\"\/><\/figure><\/li><li class=\"wp-block-jetpack-slideshow_slide swiper-slide\"><figure><img loading=\"lazy\" decoding=\"async\" width=\"800\" height=\"533\" alt=\"\" class=\"wp-block-jetpack-slideshow_image wp-image-116732\" data-id=\"116732\" src=\"https:\/\/www.hoymercedes.com.ar\/principal\/wp-content\/uploads\/2020\/09\/16-marcela-cueto-12.jpg\"\/><\/figure><\/li><\/ul><a class=\"wp-block-jetpack-slideshow_button-prev swiper-button-prev swiper-button-white\" role=\"button\"><\/a><a class=\"wp-block-jetpack-slideshow_button-next swiper-button-next swiper-button-white\" role=\"button\"><\/a><a aria-label=\"Pause Slideshow\" class=\"wp-block-jetpack-slideshow_button-pause\" role=\"button\"><\/a><div class=\"wp-block-jetpack-slideshow_pagination swiper-pagination swiper-pagination-white\"><\/div><\/div><\/div>\n","protected":false},"excerpt":{"rendered":"<p>Desde el Taller de Arte Cueto, la artista pl\u00e1stica mercedina Marcela Cueto, present\u00f3 una retrospectiva de sus obras a trav\u00e9s &#8230; <a title=\"Un Mundo Maravilloso: Muestra virtual de Marcela Cueto\" class=\"read-more\" href=\"https:\/\/www.hoymercedes.com.ar\/principal\/2020\/09\/17\/un-mundo-maravilloso-muestra-virtual-de-marcela-cueto\/\" aria-label=\"Leer m\u00e1s sobre Un Mundo Maravilloso: Muestra virtual de Marcela Cueto\">Leer m\u00e1s<\/a><\/p>\n","protected":false},"author":1,"featured_media":116730,"comment_status":"closed","ping_status":"open","sticky":false,"template":"","format":"standard","meta":{"_monsterinsights_skip_tracking":false,"_monsterinsights_sitenote_active":false,"_monsterinsights_sitenote_note":"","_monsterinsights_sitenote_category":0,"jetpack_post_was_ever_published":false,"_jetpack_newsletter_access":"","_jetpack_dont_email_post_to_subs":false,"_jetpack_newsletter_tier_id":0,"_jetpack_memberships_contains_paywalled_content":false,"_jetpack_memberships_contains_paid_content":false,"footnotes":"","jetpack_publicize_message":"","jetpack_publicize_feature_enabled":true,"jetpack_social_post_already_shared":true,"jetpack_social_options":{"image_generator_settings":{"template":"highway","default_image_id":0,"font":"","enabled":false},"version":2},"_wpas_customize_per_network":false},"categories":[104],"tags":[7805,5434,16622,17098],"class_list":["post-116722","post","type-post","status-publish","format-standard","has-post-thumbnail","hentry","category-cultura","tag-cultura","tag-marcela-cueto","tag-muestra-virtual","tag-mundo-maravilloso","generate-columns","tablet-grid-50","mobile-grid-100","grid-parent","grid-50"],"jetpack_publicize_connections":[],"jetpack_featured_media_url":"https:\/\/www.hoymercedes.com.ar\/principal\/wp-content\/uploads\/2020\/09\/16-marcela-cueto-10.jpg","wps_subtitle":"Desde Mercedes a trav\u00e9s de plataformas digitales","jetpack_sharing_enabled":true,"_links":{"self":[{"href":"https:\/\/www.hoymercedes.com.ar\/principal\/wp-json\/wp\/v2\/posts\/116722","targetHints":{"allow":["GET"]}}],"collection":[{"href":"https:\/\/www.hoymercedes.com.ar\/principal\/wp-json\/wp\/v2\/posts"}],"about":[{"href":"https:\/\/www.hoymercedes.com.ar\/principal\/wp-json\/wp\/v2\/types\/post"}],"author":[{"embeddable":true,"href":"https:\/\/www.hoymercedes.com.ar\/principal\/wp-json\/wp\/v2\/users\/1"}],"replies":[{"embeddable":true,"href":"https:\/\/www.hoymercedes.com.ar\/principal\/wp-json\/wp\/v2\/comments?post=116722"}],"version-history":[{"count":0,"href":"https:\/\/www.hoymercedes.com.ar\/principal\/wp-json\/wp\/v2\/posts\/116722\/revisions"}],"wp:featuredmedia":[{"embeddable":true,"href":"https:\/\/www.hoymercedes.com.ar\/principal\/wp-json\/wp\/v2\/media\/116730"}],"wp:attachment":[{"href":"https:\/\/www.hoymercedes.com.ar\/principal\/wp-json\/wp\/v2\/media?parent=116722"}],"wp:term":[{"taxonomy":"category","embeddable":true,"href":"https:\/\/www.hoymercedes.com.ar\/principal\/wp-json\/wp\/v2\/categories?post=116722"},{"taxonomy":"post_tag","embeddable":true,"href":"https:\/\/www.hoymercedes.com.ar\/principal\/wp-json\/wp\/v2\/tags?post=116722"}],"curies":[{"name":"wp","href":"https:\/\/api.w.org\/{rel}","templated":true}]}}