{"id":116738,"date":"2020-09-17T17:18:56","date_gmt":"2020-09-17T20:18:56","guid":{"rendered":"http:\/\/www.hoymercedes.com.ar\/principal\/?p=116738"},"modified":"2020-09-17T12:29:15","modified_gmt":"2020-09-17T15:29:15","slug":"el-karting-y-el-atletismo-inclusivo-tambien-volvieron-a-las-pistas","status":"publish","type":"post","link":"https:\/\/www.hoymercedes.com.ar\/principal\/2020\/09\/17\/el-karting-y-el-atletismo-inclusivo-tambien-volvieron-a-las-pistas\/","title":{"rendered":"El karting y el atletismo inclusivo tambi\u00e9n volvieron a las pistas"},"content":{"rendered":"\n<p>Tras m\u00e1s de seis meses de espera, de a poco las actividades deportivas van retornando, al menos para poder entrenar y prepararse para el momento en que se decida la vuelta de la competencia oficial. En esta oportunidad, fue el turno del Atletismo Inclusivo, que en el Polideportivo a Cielo Abierto Mart\u00edn Rodr\u00edguez volvi\u00f3 a la cancha.<\/p>\n\n\n\n<figure class=\"wp-block-image size-large\"><img loading=\"lazy\" decoding=\"async\" width=\"1280\" height=\"1280\" data-attachment-id=\"116741\" data-permalink=\"https:\/\/www.hoymercedes.com.ar\/principal\/2020\/09\/17\/el-karting-y-el-atletismo-inclusivo-tambien-volvieron-a-las-pistas\/daniela-libares-romina-fernandez-2\/#main\" data-orig-file=\"https:\/\/www.hoymercedes.com.ar\/principal\/wp-content\/uploads\/2020\/09\/Daniela-Libares-Romina-Fernandez.jpg\" data-orig-size=\"1280,1280\" data-comments-opened=\"0\" data-image-meta=\"{&quot;aperture&quot;:&quot;0&quot;,&quot;credit&quot;:&quot;&quot;,&quot;camera&quot;:&quot;&quot;,&quot;caption&quot;:&quot;&quot;,&quot;created_timestamp&quot;:&quot;0&quot;,&quot;copyright&quot;:&quot;&quot;,&quot;focal_length&quot;:&quot;0&quot;,&quot;iso&quot;:&quot;0&quot;,&quot;shutter_speed&quot;:&quot;0&quot;,&quot;title&quot;:&quot;&quot;,&quot;orientation&quot;:&quot;0&quot;}\" data-image-title=\"Daniela-Libares-Romina-Fernandez\" data-image-description=\"\" data-image-caption=\"\" data-large-file=\"https:\/\/www.hoymercedes.com.ar\/principal\/wp-content\/uploads\/2020\/09\/Daniela-Libares-Romina-Fernandez.jpg\" src=\"https:\/\/www.hoymercedes.com.ar\/principal\/wp-content\/uploads\/2020\/09\/Daniela-Libares-Romina-Fernandez.jpg\" alt=\"\" class=\"wp-image-116741\"\/><\/figure>\n\n\n\n<p>\u00abFue una experiencia incre\u00edble volver a pisar la pista\u00bb, indic\u00f3 la entrenadora Daniela Libares, quien se encuentra en pleno reacondicionamiento f\u00edsico de los atletas luego de la pandemia en espacios de 90 minutos, tres veces por semana y sin el uso de ning\u00fan material deportivo por el momento. <\/p>\n\n\n\n<p>En cuanto al deporte sobre ruedas, este viernes en el kart\u00f3dromo de Buenos Aires, el equipo Dimaro Motores puso en pista un karting rotax con Rom\u00e1n Tejedor, Germ\u00e1n Dimaro y Leandro Illarucci, quienes sacaron buenas conclusiones tras seis meses de inactividad. Mientras que Luca Ilariucci est\u00e1 pronto a volver a subirse al karting.<\/p>\n\n\n\n<figure class=\"wp-block-image size-large\"><img loading=\"lazy\" decoding=\"async\" width=\"1044\" height=\"1044\" data-attachment-id=\"116742\" data-permalink=\"https:\/\/www.hoymercedes.com.ar\/principal\/2020\/09\/17\/el-karting-y-el-atletismo-inclusivo-tambien-volvieron-a-las-pistas\/german-dimaro\/#main\" data-orig-file=\"https:\/\/www.hoymercedes.com.ar\/principal\/wp-content\/uploads\/2020\/09\/German-Dimaro.jpg\" data-orig-size=\"1044,1044\" data-comments-opened=\"0\" data-image-meta=\"{&quot;aperture&quot;:&quot;0&quot;,&quot;credit&quot;:&quot;&quot;,&quot;camera&quot;:&quot;&quot;,&quot;caption&quot;:&quot;&quot;,&quot;created_timestamp&quot;:&quot;0&quot;,&quot;copyright&quot;:&quot;&quot;,&quot;focal_length&quot;:&quot;0&quot;,&quot;iso&quot;:&quot;0&quot;,&quot;shutter_speed&quot;:&quot;0&quot;,&quot;title&quot;:&quot;&quot;,&quot;orientation&quot;:&quot;0&quot;}\" data-image-title=\"German-Dimaro\" data-image-description=\"\" data-image-caption=\"\" data-large-file=\"https:\/\/www.hoymercedes.com.ar\/principal\/wp-content\/uploads\/2020\/09\/German-Dimaro.jpg\" src=\"https:\/\/www.hoymercedes.com.ar\/principal\/wp-content\/uploads\/2020\/09\/German-Dimaro.jpg\" alt=\"\" class=\"wp-image-116742\"\/><\/figure>\n\n\n\n<p>En cuanto a carreras hay una fecha tentativa para la vuelta a pista de la Copa Rotax seg\u00fan se estima ser\u00eda el 4 de octubre.<\/p>\n\n\n\n<p>Por su parte, Francisco Pont\u00f3n confirm\u00f3 su pre inscripci\u00f3n para la fecha prevista el pr\u00f3ximo 4 de octubre junto con el equipo Solid y planificaron una jornada de ensayos en la previa al reencuentro en pista con la Rotax el pr\u00f3ximo lunes.<\/p>\n","protected":false},"excerpt":{"rendered":"<p>Tras m\u00e1s de seis meses de espera, de a poco las actividades deportivas van retornando, al menos para poder entrenar &#8230; <a title=\"El karting y el atletismo inclusivo tambi\u00e9n volvieron a las pistas\" class=\"read-more\" href=\"https:\/\/www.hoymercedes.com.ar\/principal\/2020\/09\/17\/el-karting-y-el-atletismo-inclusivo-tambien-volvieron-a-las-pistas\/\" aria-label=\"Leer m\u00e1s sobre El karting y el atletismo inclusivo tambi\u00e9n volvieron a las pistas\">Leer m\u00e1s<\/a><\/p>\n","protected":false},"author":1,"featured_media":116741,"comment_status":"closed","ping_status":"open","sticky":false,"template":"","format":"standard","meta":{"_monsterinsights_skip_tracking":false,"_monsterinsights_sitenote_active":false,"_monsterinsights_sitenote_note":"","_monsterinsights_sitenote_category":0,"jetpack_post_was_ever_published":false,"_jetpack_newsletter_access":"","_jetpack_dont_email_post_to_subs":false,"_jetpack_newsletter_tier_id":0,"_jetpack_memberships_contains_paywalled_content":false,"_jetpack_memberships_contains_paid_content":false,"footnotes":"","jetpack_publicize_message":"","jetpack_publicize_feature_enabled":true,"jetpack_social_post_already_shared":true,"jetpack_social_options":{"image_generator_settings":{"template":"highway","default_image_id":0,"font":"","enabled":false},"version":2},"_wpas_customize_per_network":false},"categories":[21],"tags":[17070,9273,15247],"class_list":["post-116738","post","type-post","status-publish","format-standard","has-post-thumbnail","hentry","category-deportes","tag-atletismo-inclusivo","tag-automovilismo","tag-daniela-libares","generate-columns","tablet-grid-50","mobile-grid-100","grid-parent","grid-50"],"jetpack_publicize_connections":[],"jetpack_featured_media_url":"https:\/\/www.hoymercedes.com.ar\/principal\/wp-content\/uploads\/2020\/09\/Daniela-Libares-Romina-Fernandez.jpg","wps_subtitle":"Atletismo - Automovilismo","jetpack_sharing_enabled":true,"_links":{"self":[{"href":"https:\/\/www.hoymercedes.com.ar\/principal\/wp-json\/wp\/v2\/posts\/116738","targetHints":{"allow":["GET"]}}],"collection":[{"href":"https:\/\/www.hoymercedes.com.ar\/principal\/wp-json\/wp\/v2\/posts"}],"about":[{"href":"https:\/\/www.hoymercedes.com.ar\/principal\/wp-json\/wp\/v2\/types\/post"}],"author":[{"embeddable":true,"href":"https:\/\/www.hoymercedes.com.ar\/principal\/wp-json\/wp\/v2\/users\/1"}],"replies":[{"embeddable":true,"href":"https:\/\/www.hoymercedes.com.ar\/principal\/wp-json\/wp\/v2\/comments?post=116738"}],"version-history":[{"count":0,"href":"https:\/\/www.hoymercedes.com.ar\/principal\/wp-json\/wp\/v2\/posts\/116738\/revisions"}],"wp:featuredmedia":[{"embeddable":true,"href":"https:\/\/www.hoymercedes.com.ar\/principal\/wp-json\/wp\/v2\/media\/116741"}],"wp:attachment":[{"href":"https:\/\/www.hoymercedes.com.ar\/principal\/wp-json\/wp\/v2\/media?parent=116738"}],"wp:term":[{"taxonomy":"category","embeddable":true,"href":"https:\/\/www.hoymercedes.com.ar\/principal\/wp-json\/wp\/v2\/categories?post=116738"},{"taxonomy":"post_tag","embeddable":true,"href":"https:\/\/www.hoymercedes.com.ar\/principal\/wp-json\/wp\/v2\/tags?post=116738"}],"curies":[{"name":"wp","href":"https:\/\/api.w.org\/{rel}","templated":true}]}}