{"id":116746,"date":"2020-09-17T13:27:52","date_gmt":"2020-09-17T16:27:52","guid":{"rendered":"http:\/\/www.hoymercedes.com.ar\/principal\/?p=116746"},"modified":"2020-09-18T10:09:34","modified_gmt":"2020-09-18T13:09:34","slug":"realizan-arreglos-en-el-cementerio-municipal","status":"publish","type":"post","link":"https:\/\/www.hoymercedes.com.ar\/principal\/2020\/09\/17\/realizan-arreglos-en-el-cementerio-municipal\/","title":{"rendered":"Realizan arreglos en el cementerio municipal"},"content":{"rendered":"\n<p>El Municipio de Mercedes inform\u00f3 que en el Cementerio Municipal se realizaron trabajos de cuidado y mejoreas del patrimonio hist\u00f3rico del Cementerio Municipal. Desde el \u00e1rea de Servicios P\u00fablicos trabajaron en el mantenimiento y jerarquizaci\u00f3n del predio comunal. <\/p>\n\n\n\n<p>Los trabajos de pintura, limpieza, reparaciones y puesta en valor del sector se suma al realizado un tiempo atr\u00e1s donde tambi\u00e9n repar\u00f3 el refugio de colectivo, la iluminaci\u00f3n de la v\u00eda de ingreso, entre otras acciones de embellecimiento. \u00a0<\/p>\n\n\n\n<figure class=\"wp-block-gallery columns-3 is-cropped wp-block-gallery-1 is-layout-flex wp-block-gallery-is-layout-flex\"><ul class=\"blocks-gallery-grid\"><li class=\"blocks-gallery-item\"><figure><img loading=\"lazy\" decoding=\"async\" width=\"800\" height=\"800\" data-attachment-id=\"116747\" data-permalink=\"https:\/\/www.hoymercedes.com.ar\/principal\/2020\/09\/17\/realizan-arreglos-en-el-cementerio-municipal\/119596430_599492580720213_9193249579797811924_n\/#main\" data-orig-file=\"https:\/\/www.hoymercedes.com.ar\/principal\/wp-content\/uploads\/2020\/09\/119596430_599492580720213_9193249579797811924_n.jpg\" data-orig-size=\"800,800\" data-comments-opened=\"0\" data-image-meta=\"{&quot;aperture&quot;:&quot;0&quot;,&quot;credit&quot;:&quot;&quot;,&quot;camera&quot;:&quot;&quot;,&quot;caption&quot;:&quot;&quot;,&quot;created_timestamp&quot;:&quot;0&quot;,&quot;copyright&quot;:&quot;&quot;,&quot;focal_length&quot;:&quot;0&quot;,&quot;iso&quot;:&quot;0&quot;,&quot;shutter_speed&quot;:&quot;0&quot;,&quot;title&quot;:&quot;&quot;,&quot;orientation&quot;:&quot;0&quot;}\" data-image-title=\"119596430_599492580720213_9193249579797811924_n\" data-image-description=\"\" data-image-caption=\"\" data-large-file=\"https:\/\/www.hoymercedes.com.ar\/principal\/wp-content\/uploads\/2020\/09\/119596430_599492580720213_9193249579797811924_n.jpg\" src=\"https:\/\/www.hoymercedes.com.ar\/principal\/wp-content\/uploads\/2020\/09\/119596430_599492580720213_9193249579797811924_n.jpg\" alt=\"\" data-id=\"116747\" data-link=\"https:\/\/www.hoymercedes.com.ar\/principal\/?attachment_id=116747\" class=\"wp-image-116747\"\/><\/figure><\/li><li class=\"blocks-gallery-item\"><figure><img loading=\"lazy\" decoding=\"async\" width=\"800\" height=\"800\" data-attachment-id=\"116748\" data-permalink=\"https:\/\/www.hoymercedes.com.ar\/principal\/2020\/09\/17\/realizan-arreglos-en-el-cementerio-municipal\/119456696_599492577386880_3701296888540858909_n\/#main\" data-orig-file=\"https:\/\/www.hoymercedes.com.ar\/principal\/wp-content\/uploads\/2020\/09\/119456696_599492577386880_3701296888540858909_n.jpg\" data-orig-size=\"800,800\" data-comments-opened=\"0\" data-image-meta=\"{&quot;aperture&quot;:&quot;0&quot;,&quot;credit&quot;:&quot;&quot;,&quot;camera&quot;:&quot;&quot;,&quot;caption&quot;:&quot;&quot;,&quot;created_timestamp&quot;:&quot;0&quot;,&quot;copyright&quot;:&quot;&quot;,&quot;focal_length&quot;:&quot;0&quot;,&quot;iso&quot;:&quot;0&quot;,&quot;shutter_speed&quot;:&quot;0&quot;,&quot;title&quot;:&quot;&quot;,&quot;orientation&quot;:&quot;0&quot;}\" data-image-title=\"119456696_599492577386880_3701296888540858909_n\" data-image-description=\"\" data-image-caption=\"\" data-large-file=\"https:\/\/www.hoymercedes.com.ar\/principal\/wp-content\/uploads\/2020\/09\/119456696_599492577386880_3701296888540858909_n.jpg\" src=\"https:\/\/www.hoymercedes.com.ar\/principal\/wp-content\/uploads\/2020\/09\/119456696_599492577386880_3701296888540858909_n.jpg\" alt=\"\" data-id=\"116748\" data-link=\"https:\/\/www.hoymercedes.com.ar\/principal\/?attachment_id=116748\" class=\"wp-image-116748\"\/><\/figure><\/li><li class=\"blocks-gallery-item\"><figure><img loading=\"lazy\" decoding=\"async\" width=\"800\" height=\"800\" data-attachment-id=\"116749\" data-permalink=\"https:\/\/www.hoymercedes.com.ar\/principal\/2020\/09\/17\/realizan-arreglos-en-el-cementerio-municipal\/118055765_582264019109736_8912934040886789227_n\/#main\" data-orig-file=\"https:\/\/www.hoymercedes.com.ar\/principal\/wp-content\/uploads\/2020\/09\/118055765_582264019109736_8912934040886789227_n.jpg\" data-orig-size=\"800,800\" data-comments-opened=\"0\" data-image-meta=\"{&quot;aperture&quot;:&quot;0&quot;,&quot;credit&quot;:&quot;&quot;,&quot;camera&quot;:&quot;&quot;,&quot;caption&quot;:&quot;&quot;,&quot;created_timestamp&quot;:&quot;0&quot;,&quot;copyright&quot;:&quot;&quot;,&quot;focal_length&quot;:&quot;0&quot;,&quot;iso&quot;:&quot;0&quot;,&quot;shutter_speed&quot;:&quot;0&quot;,&quot;title&quot;:&quot;&quot;,&quot;orientation&quot;:&quot;0&quot;}\" data-image-title=\"118055765_582264019109736_8912934040886789227_n\" data-image-description=\"\" data-image-caption=\"\" data-large-file=\"https:\/\/www.hoymercedes.com.ar\/principal\/wp-content\/uploads\/2020\/09\/118055765_582264019109736_8912934040886789227_n.jpg\" src=\"https:\/\/www.hoymercedes.com.ar\/principal\/wp-content\/uploads\/2020\/09\/118055765_582264019109736_8912934040886789227_n.jpg\" alt=\"\" data-id=\"116749\" data-link=\"https:\/\/www.hoymercedes.com.ar\/principal\/?attachment_id=116749\" class=\"wp-image-116749\"\/><\/figure><\/li><\/ul><\/figure>\n","protected":false},"excerpt":{"rendered":"<p>El Municipio de Mercedes inform\u00f3 que en el Cementerio Municipal se realizaron trabajos de cuidado y mejoreas del patrimonio hist\u00f3rico &#8230; <a title=\"Realizan arreglos en el cementerio municipal\" class=\"read-more\" href=\"https:\/\/www.hoymercedes.com.ar\/principal\/2020\/09\/17\/realizan-arreglos-en-el-cementerio-municipal\/\" aria-label=\"Leer m\u00e1s sobre Realizan arreglos en el cementerio municipal\">Leer m\u00e1s<\/a><\/p>\n","protected":false},"author":1,"featured_media":116748,"comment_status":"closed","ping_status":"open","sticky":false,"template":"","format":"standard","meta":{"_monsterinsights_skip_tracking":false,"_monsterinsights_sitenote_active":false,"_monsterinsights_sitenote_note":"","_monsterinsights_sitenote_category":0,"jetpack_post_was_ever_published":false,"_jetpack_newsletter_access":"","_jetpack_dont_email_post_to_subs":false,"_jetpack_newsletter_tier_id":0,"_jetpack_memberships_contains_paywalled_content":false,"_jetpack_memberships_contains_paid_content":false,"footnotes":"","jetpack_publicize_message":"","jetpack_publicize_feature_enabled":true,"jetpack_social_post_already_shared":true,"jetpack_social_options":{"image_generator_settings":{"template":"highway","default_image_id":0,"font":"","enabled":false},"version":2},"_wpas_customize_per_network":false},"categories":[30],"tags":[13604,244,8628],"class_list":["post-116746","post","type-post","status-publish","format-standard","has-post-thumbnail","hentry","category-municipio","tag-cementerio-municipal","tag-municipio-2","tag-servicios-publicos","generate-columns","tablet-grid-50","mobile-grid-100","grid-parent","grid-50"],"jetpack_publicize_connections":[],"jetpack_featured_media_url":"https:\/\/www.hoymercedes.com.ar\/principal\/wp-content\/uploads\/2020\/09\/119456696_599492577386880_3701296888540858909_n.jpg","wps_subtitle":"Servicios p\u00fablicos","jetpack_sharing_enabled":true,"_links":{"self":[{"href":"https:\/\/www.hoymercedes.com.ar\/principal\/wp-json\/wp\/v2\/posts\/116746","targetHints":{"allow":["GET"]}}],"collection":[{"href":"https:\/\/www.hoymercedes.com.ar\/principal\/wp-json\/wp\/v2\/posts"}],"about":[{"href":"https:\/\/www.hoymercedes.com.ar\/principal\/wp-json\/wp\/v2\/types\/post"}],"author":[{"embeddable":true,"href":"https:\/\/www.hoymercedes.com.ar\/principal\/wp-json\/wp\/v2\/users\/1"}],"replies":[{"embeddable":true,"href":"https:\/\/www.hoymercedes.com.ar\/principal\/wp-json\/wp\/v2\/comments?post=116746"}],"version-history":[{"count":0,"href":"https:\/\/www.hoymercedes.com.ar\/principal\/wp-json\/wp\/v2\/posts\/116746\/revisions"}],"wp:featuredmedia":[{"embeddable":true,"href":"https:\/\/www.hoymercedes.com.ar\/principal\/wp-json\/wp\/v2\/media\/116748"}],"wp:attachment":[{"href":"https:\/\/www.hoymercedes.com.ar\/principal\/wp-json\/wp\/v2\/media?parent=116746"}],"wp:term":[{"taxonomy":"category","embeddable":true,"href":"https:\/\/www.hoymercedes.com.ar\/principal\/wp-json\/wp\/v2\/categories?post=116746"},{"taxonomy":"post_tag","embeddable":true,"href":"https:\/\/www.hoymercedes.com.ar\/principal\/wp-json\/wp\/v2\/tags?post=116746"}],"curies":[{"name":"wp","href":"https:\/\/api.w.org\/{rel}","templated":true}]}}