{"id":11697,"date":"2012-03-22T11:29:57","date_gmt":"2012-03-22T11:29:57","guid":{"rendered":"http:\/\/www.hoymercedes.com.ar\/principal\/?p=11697"},"modified":"2012-03-22T11:29:57","modified_gmt":"2012-03-22T11:29:57","slug":"esta-lista-la-sarten-para-la-torta-frita-gigante-de-la-fiesta","status":"publish","type":"post","link":"https:\/\/www.hoymercedes.com.ar\/principal\/2012\/03\/22\/esta-lista-la-sarten-para-la-torta-frita-gigante-de-la-fiesta\/","title":{"rendered":"Est\u00e1 lista la sart\u00e9n para la torta frita gigante de la fiesta"},"content":{"rendered":"<p><a href=\"https:\/\/www.hoymercedes.com.ar\/principal\/wp-content\/uploads\/2012\/03\/torta-frita1.jpg\"><img loading=\"lazy\" decoding=\"async\" data-attachment-id=\"11700\" data-permalink=\"https:\/\/www.hoymercedes.com.ar\/principal\/2012\/03\/22\/esta-lista-la-sarten-para-la-torta-frita-gigante-de-la-fiesta\/torta-frita-2\/#main\" data-orig-file=\"https:\/\/www.hoymercedes.com.ar\/principal\/wp-content\/uploads\/2012\/03\/torta-frita1.jpg\" data-orig-size=\"612,460\" data-comments-opened=\"1\" data-image-meta=\"{&quot;aperture&quot;:&quot;0&quot;,&quot;credit&quot;:&quot;&quot;,&quot;camera&quot;:&quot;&quot;,&quot;caption&quot;:&quot;&quot;,&quot;created_timestamp&quot;:&quot;0&quot;,&quot;copyright&quot;:&quot;&quot;,&quot;focal_length&quot;:&quot;0&quot;,&quot;iso&quot;:&quot;0&quot;,&quot;shutter_speed&quot;:&quot;0&quot;,&quot;title&quot;:&quot;&quot;}\" data-image-title=\"torta-frita\" data-image-description=\"\" data-image-caption=\"\" data-large-file=\"https:\/\/www.hoymercedes.com.ar\/principal\/wp-content\/uploads\/2012\/03\/torta-frita1.jpg\" class=\"aligncenter size-full wp-image-11700\" title=\"torta-frita\" src=\"https:\/\/www.hoymercedes.com.ar\/principal\/wp-content\/uploads\/2012\/03\/torta-frita1.jpg\" alt=\"\" width=\"612\" height=\"460\" \/><\/a><\/p>\n<p>Nuestra ciudad se prepara para disfrutar los d\u00edas 14 y 15 de abril de una nueva edici\u00f3n de la Fiesta Provincial de la torta frita que se realizar\u00e1 en el Parque Municipal Independencia. Ya se inscribieron las primeras torteras. El cierre musical estar\u00e1 a cargo de un artista que hasta el momento no ha sido confirmado.<\/p>\n<p>Desde hace unos d\u00edas se puso en marcha desde la Direcci\u00f3n de Turismo de la Municipalidad junto a la Asociaci\u00f3n de Agrupaciones Gauchas de nuestra ciudad que preside \u201cQuique\u201d N\u00fa\u00f1ez la edici\u00f3n 2012 de la Fiesta Provincial de la Torta frita que este a\u00f1o se realizar\u00e1 una vez m\u00e1s en las instalaciones del Parque Municipal Independencia y como primer novedad ya se sabe que se contar\u00e1 con un sart\u00e9n nuevo para poder concretar la realizaci\u00f3n de la ya conocida Torta frita Gigante de acuerdo a lo manifestado por el Director de Turismo Marcelo Melo qui\u00e9n sostuvo \u201ccomo ya fue informado oportunamente la fiesta tiene fecha de realizaci\u00f3n, ser\u00e1n los d\u00edas s\u00e1bado 14 y domingo 15 de abril siempre en las instalaciones del Parque Municipal Independencia respondiendo al pedido que de alguna manera nos hicieran llegar muchas personas que nos dec\u00edan que el lugar ideal por todo lo que significa, sus mesas, los bancos y las parrillas el Parque ya que pueden pasar directamente todo el d\u00eda, haciendo un asado y luego participar por la tarde del evento propiamente dicho.<\/p>\n<p><a href=\"https:\/\/www.hoymercedes.com.ar\/principal\/wp-content\/uploads\/2012\/03\/torta-frita-0011.jpg\"><img loading=\"lazy\" decoding=\"async\" data-attachment-id=\"11702\" data-permalink=\"https:\/\/www.hoymercedes.com.ar\/principal\/2012\/03\/22\/esta-lista-la-sarten-para-la-torta-frita-gigante-de-la-fiesta\/torta-frita-001-2\/#main\" data-orig-file=\"https:\/\/www.hoymercedes.com.ar\/principal\/wp-content\/uploads\/2012\/03\/torta-frita-0011.jpg\" data-orig-size=\"612,460\" data-comments-opened=\"1\" data-image-meta=\"{&quot;aperture&quot;:&quot;0&quot;,&quot;credit&quot;:&quot;&quot;,&quot;camera&quot;:&quot;&quot;,&quot;caption&quot;:&quot;&quot;,&quot;created_timestamp&quot;:&quot;0&quot;,&quot;copyright&quot;:&quot;&quot;,&quot;focal_length&quot;:&quot;0&quot;,&quot;iso&quot;:&quot;0&quot;,&quot;shutter_speed&quot;:&quot;0&quot;,&quot;title&quot;:&quot;&quot;}\" data-image-title=\"torta-frita-001\" data-image-description=\"\" data-image-caption=\"\" data-large-file=\"https:\/\/www.hoymercedes.com.ar\/principal\/wp-content\/uploads\/2012\/03\/torta-frita-0011.jpg\" class=\"aligncenter size-full wp-image-11702\" title=\"torta-frita-001\" src=\"https:\/\/www.hoymercedes.com.ar\/principal\/wp-content\/uploads\/2012\/03\/torta-frita-0011.jpg\" alt=\"\" width=\"612\" height=\"460\" srcset=\"https:\/\/www.hoymercedes.com.ar\/principal\/wp-content\/uploads\/2012\/03\/torta-frita-0011.jpg 612w, https:\/\/www.hoymercedes.com.ar\/principal\/wp-content\/uploads\/2012\/03\/torta-frita-0011-300x225.jpg 300w\" sizes=\"auto, (max-width: 612px) 100vw, 612px\" \/><\/a><\/p>\n<p>Como siempre vamos a contar con todo el apoyo y el trabajo de la Asociaci\u00f3n de Agrupaciones gauchas de nuestra ciudad que tambi\u00e9n ha comenzado a trabajar de manera intensa por ejemplo en preparar todo para hacer la ya conocida y difundida torta frita gigante para lo cual este a\u00f1o se va a estrenar un nuevo sart\u00e9n especialmente construido para dicha tarea, y hablando de la torta grande ya se ha recibido la grasa necesaria para usar dicho fin de semana y tambi\u00e9n se cuenta con quienes desde hace a\u00f1os vienes haciendo la masa correspondiente.<\/p>\n<p>Desde ya vamos a contar con la presencia de diferentes artesanos quienes mostrar\u00e1n y pondr\u00e1n a la venta lo que producen y una serie de n\u00fameros art\u00edsticos locales con un cierre especial ya que aun estamos trabajando en la contrataci\u00f3n de un artista de nombre para hacer m\u00e1s atractiva la Fiesta, pero aun no hemos cerrado con ninguno, creo que esa parte va a estar lista en muy pocos d\u00edas y cuando se concrete lo daremos a conocer a trav\u00e9s de los medios de prensa como lo hacemos habitualmente\u201d.<\/p>\n<p>Posteriormente el funcionario municipal precis\u00f3 \u201cya se encuentra abierta la inscripci\u00f3n para las tortera que en lo personal estimo, la mayor\u00eda ser\u00e1n las misas que desde hace tres o cuatro a\u00f1os est\u00e1n participando.<\/p>\n<p>De cualquier manera idea es poner un l\u00edmite a la cantidad debido a que de pronto nos podr\u00edamos quedar in espacios para todos en torno al lugar donde centralizamos la fiesta con la colocaci\u00f3n del escenario principal, de cualquier manera eso lo vamos a ir viendo con el correr delos d\u00edas, lo que les puedo anticipar que el primer d\u00eda se inscripci\u00f3n recibimos a las dos primeras postulantes.<\/p>\n<p>Por otra parte como siempre ocurri\u00f3, los integrantes de las diferentes Agrupaciones Gauchas se encuentran trabajando en la preparaci\u00f3n de diferentes propuestas destinadas a poner algo atractivo en la fiesta, pero para no pasar sobre el presidente \u201cQuique\u201d N\u00fa\u00f1ez prefiero no dar mayores detalles, creo que les corresponde a ellos hacerlo si es que no lo quieren mantener en reserva para que sean verdaderas sorpresas a lo largo de los dos d\u00edas que dura la Fiesta.<\/p>\n<p>Tambi\u00e9n hemos dado inicio desde la Secretar\u00eda de Turismo de la Provincia a la difusi\u00f3n del evento y en los pr\u00f3ximos d\u00edas vamos a estar realizando la correspondiente difusi\u00f3n en localidades vecinas y hasta en sectores del Gran Buenos Aires y la Capital Federal\u201d<\/p>\n","protected":false},"excerpt":{"rendered":"<p>Nuestra ciudad se prepara para disfrutar los d\u00edas 14 y 15 de abril de una nueva edici\u00f3n de la Fiesta &#8230; <a title=\"Est\u00e1 lista la sart\u00e9n para la torta frita gigante de la fiesta\" class=\"read-more\" href=\"https:\/\/www.hoymercedes.com.ar\/principal\/2012\/03\/22\/esta-lista-la-sarten-para-la-torta-frita-gigante-de-la-fiesta\/\" aria-label=\"Leer m\u00e1s sobre Est\u00e1 lista la sart\u00e9n para la torta frita gigante de la fiesta\">Leer m\u00e1s<\/a><\/p>\n","protected":false},"author":1,"featured_media":0,"comment_status":"open","ping_status":"open","sticky":false,"template":"","format":"standard","meta":{"_monsterinsights_skip_tracking":false,"_monsterinsights_sitenote_active":false,"_monsterinsights_sitenote_note":"","_monsterinsights_sitenote_category":0,"jetpack_post_was_ever_published":false,"_jetpack_newsletter_access":"","_jetpack_dont_email_post_to_subs":false,"_jetpack_newsletter_tier_id":0,"_jetpack_memberships_contains_paywalled_content":false,"_jetpack_memberships_contains_paid_content":false,"footnotes":"","jetpack_publicize_message":"","jetpack_publicize_feature_enabled":true,"jetpack_social_post_already_shared":false,"jetpack_social_options":{"image_generator_settings":{"template":"highway","default_image_id":0,"font":"","enabled":false},"version":2},"_wpas_customize_per_network":false},"categories":[8],"tags":[1982],"class_list":["post-11697","post","type-post","status-publish","format-standard","hentry","category-sociedad","tag-fiesta-de-la-torta-frita-mercedes","generate-columns","tablet-grid-50","mobile-grid-100","grid-parent","grid-50"],"jetpack_publicize_connections":[],"jetpack_featured_media_url":"","wps_subtitle":"","jetpack_sharing_enabled":true,"_links":{"self":[{"href":"https:\/\/www.hoymercedes.com.ar\/principal\/wp-json\/wp\/v2\/posts\/11697","targetHints":{"allow":["GET"]}}],"collection":[{"href":"https:\/\/www.hoymercedes.com.ar\/principal\/wp-json\/wp\/v2\/posts"}],"about":[{"href":"https:\/\/www.hoymercedes.com.ar\/principal\/wp-json\/wp\/v2\/types\/post"}],"author":[{"embeddable":true,"href":"https:\/\/www.hoymercedes.com.ar\/principal\/wp-json\/wp\/v2\/users\/1"}],"replies":[{"embeddable":true,"href":"https:\/\/www.hoymercedes.com.ar\/principal\/wp-json\/wp\/v2\/comments?post=11697"}],"version-history":[{"count":0,"href":"https:\/\/www.hoymercedes.com.ar\/principal\/wp-json\/wp\/v2\/posts\/11697\/revisions"}],"wp:attachment":[{"href":"https:\/\/www.hoymercedes.com.ar\/principal\/wp-json\/wp\/v2\/media?parent=11697"}],"wp:term":[{"taxonomy":"category","embeddable":true,"href":"https:\/\/www.hoymercedes.com.ar\/principal\/wp-json\/wp\/v2\/categories?post=11697"},{"taxonomy":"post_tag","embeddable":true,"href":"https:\/\/www.hoymercedes.com.ar\/principal\/wp-json\/wp\/v2\/tags?post=11697"}],"curies":[{"name":"wp","href":"https:\/\/api.w.org\/{rel}","templated":true}]}}