{"id":117096,"date":"2020-09-18T17:40:45","date_gmt":"2020-09-18T20:40:45","guid":{"rendered":"http:\/\/www.hoymercedes.com.ar\/principal\/?p=117096"},"modified":"2020-09-21T19:51:30","modified_gmt":"2020-09-21T22:51:30","slug":"municipio-y-enohsa-firman-convenio-para-obras-hidricas","status":"publish","type":"post","link":"https:\/\/www.hoymercedes.com.ar\/principal\/2020\/09\/18\/municipio-y-enohsa-firman-convenio-para-obras-hidricas\/","title":{"rendered":"Municipio y ENOHSA firman convenio para obras h\u00eddricas"},"content":{"rendered":"\n<p>El Municipio de Mercedes y ENOHSA (Ente Nacional De Obras h\u00eddricas De Saneamiento) convenieron un plan de saneamiento y fortalecimiento de las redes de agua y cloacas en la ciudad. Iniciaron la planificaci\u00f3n para la soluci\u00f3n de estas problem\u00e1ticas. \u00a0<\/p>\n\n\n\n<div class=\"wp-block-image\"><figure class=\"aligncenter size-large\"><img loading=\"lazy\" decoding=\"async\" width=\"800\" height=\"534\" data-attachment-id=\"117097\" data-permalink=\"https:\/\/www.hoymercedes.com.ar\/principal\/2020\/09\/18\/municipio-y-enohsa-firman-convenio-para-obras-hidricas\/dsc08506\/#main\" data-orig-file=\"https:\/\/www.hoymercedes.com.ar\/principal\/wp-content\/uploads\/2020\/09\/DSC08506.jpg\" data-orig-size=\"800,534\" data-comments-opened=\"0\" data-image-meta=\"{&quot;aperture&quot;:&quot;0&quot;,&quot;credit&quot;:&quot;&quot;,&quot;camera&quot;:&quot;&quot;,&quot;caption&quot;:&quot;&quot;,&quot;created_timestamp&quot;:&quot;0&quot;,&quot;copyright&quot;:&quot;&quot;,&quot;focal_length&quot;:&quot;0&quot;,&quot;iso&quot;:&quot;0&quot;,&quot;shutter_speed&quot;:&quot;0&quot;,&quot;title&quot;:&quot;&quot;,&quot;orientation&quot;:&quot;0&quot;}\" data-image-title=\"DSC08506\" data-image-description=\"\" data-image-caption=\"\" data-large-file=\"https:\/\/www.hoymercedes.com.ar\/principal\/wp-content\/uploads\/2020\/09\/DSC08506.jpg\" src=\"https:\/\/www.hoymercedes.com.ar\/principal\/wp-content\/uploads\/2020\/09\/DSC08506.jpg\" alt=\"\" class=\"wp-image-117097\" srcset=\"https:\/\/www.hoymercedes.com.ar\/principal\/wp-content\/uploads\/2020\/09\/DSC08506.jpg 800w, https:\/\/www.hoymercedes.com.ar\/principal\/wp-content\/uploads\/2020\/09\/DSC08506-630x421.jpg 630w, https:\/\/www.hoymercedes.com.ar\/principal\/wp-content\/uploads\/2020\/09\/DSC08506-150x100.jpg 150w\" sizes=\"auto, (max-width: 800px) 100vw, 800px\" \/><\/figure><\/div>\n\n\n\n<p>El intendente Juan Ignacio Ustarroz manifest\u00f3 \u201cestamos muy contentos y felices por este acompa\u00f1amiento permanente y constante por parte del Ministerio de Obras P\u00fablicas que nos permite trabajar en lo urgente y en lo importante, donde damos respuesta a problemas hist\u00f3ricos que tiene la ciudad\u201d.\u00a0<\/p>\n\n\n\n<p>Asimismo, Ustarroz se\u00f1al\u00f3 \u201call\u00e1 por el verano estuvimos gestionando recursos para poder comenzar a hacer unos pozos para mejorar la presi\u00f3n de agua de algunos sectores, algo que ya est\u00e1 en ejecuci\u00f3n y forma parte de la realidad de obra de la ciudad\u201d y a\u00f1adi\u00f3 \u201cluego ampliamos la propuesta a otra demanda hist\u00f3rica que tiene Mercedes con respecto al colector cloacal sur, una obra muy importante con un aporte en infraestructura por parte del Estado Nacional enorme\u201d.\u00a0<\/p>\n\n\n\n<p>\u201cJunto al El Estado Nacional estamos trabajando para llegar a una cobertura total en la ciudad de la red de agua y cloacas, lo que l\u00f3gicamente lleva un tiempo de diagn\u00f3stico y planificaci\u00f3n\u201d subray\u00f3 el intendente Ustarroz y remarc\u00f3 \u201cestamos trabajando en el nivel de lo concreto y lo real a trav\u00e9s de aportes y obras que la gente ve que se est\u00e1n haciendo en la ciudad\u201d.&nbsp;<\/p>\n\n\n\n<p>En este sentido, el Dr. Ustarroz declar\u00f3 \u201cen breve vamos a empezar con las obras de la red colectora cloacal fase tres (3) sur, lo que nos da el pie para seguir generando cada vez m\u00e1s obras para la ciudad, pudi\u00e9ndola dotar de m\u00e1s servicios y mejor infraestructura para los vecinos de Mercedes\u201d.&nbsp;&nbsp;&nbsp;&nbsp;<\/p>\n\n\n\n<p>N\u00e9stor \u00c1lvarez, Sub Administrador del ENOHSA expres\u00f3 \u201cesta es la segunda visita a la ciudad en poco tiempo, hace unos meses vinimos con el Ministro de Obras P\u00fablicas Gabriel Katopodis donde junto al intendente Ustarroz trazaron un plan de trabajo de saneamiento de agua y cloaca para la ciudad\u201d y agreg\u00f3 \u201cestamos trabajando en esa senda que es llegar a m\u00e1s mercedinos con agua y cloacas\u201d.&nbsp;<\/p>\n\n\n\n<p>\u201cEstamos haciendo muchos trabajos con convenios realizados directamente con el Municipio de Mercedes a trav\u00e9s del programa \u201cArgentina Hace\u201d sumado a un convenio marco que tenemos con la provincia de Buenos Aires en el cual esta ciudad tambi\u00e9n est\u00e1 incluida y donde la idea es trabajar en conjunto con la comuna\u201d apunt\u00f3 el Sub Administrador del ENOHSA.&nbsp;<\/p>\n\n\n\n<p>Desde la Unidad de Financiamiento Externo del ENOHSA se\u00f1alaron \u201cdesde el Municipio de Mercedes nos acercaron un plan estrat\u00e9gico para un fortalecimiento, teniendo a la comuna como operador, de agua y cloaca en la ciudad. Es as\u00ed como vinimos a ver cu\u00e1les eran las necesidades de la ciudad y qu\u00e9 pod\u00edamos llevar a cabo\u201d y a\u00f1adi\u00f3 \u201cponiendo a disposici\u00f3n nuestros t\u00e9cnicos para lo que necesiten y as\u00ed armar y concretar ese fortalecimiento\u201d. \u00a0<\/p>\n\n\n\n<p>Fuente: Prensa Municipal<\/p>\n","protected":false},"excerpt":{"rendered":"<p>El Municipio de Mercedes y ENOHSA (Ente Nacional De Obras h\u00eddricas De Saneamiento) convenieron un plan de saneamiento y fortalecimiento &#8230; <a title=\"Municipio y ENOHSA firman convenio para obras h\u00eddricas\" class=\"read-more\" href=\"https:\/\/www.hoymercedes.com.ar\/principal\/2020\/09\/18\/municipio-y-enohsa-firman-convenio-para-obras-hidricas\/\" aria-label=\"Leer m\u00e1s sobre Municipio y ENOHSA firman convenio para obras h\u00eddricas\">Leer m\u00e1s<\/a><\/p>\n","protected":false},"author":5,"featured_media":117097,"comment_status":"closed","ping_status":"open","sticky":false,"template":"","format":"standard","meta":{"_monsterinsights_skip_tracking":false,"_monsterinsights_sitenote_active":false,"_monsterinsights_sitenote_note":"","_monsterinsights_sitenote_category":0,"jetpack_post_was_ever_published":false,"_jetpack_newsletter_access":"","_jetpack_dont_email_post_to_subs":false,"_jetpack_newsletter_tier_id":0,"_jetpack_memberships_contains_paywalled_content":false,"_jetpack_memberships_contains_paid_content":false,"footnotes":"","jetpack_publicize_message":"","jetpack_publicize_feature_enabled":true,"jetpack_social_post_already_shared":true,"jetpack_social_options":{"image_generator_settings":{"template":"highway","default_image_id":0,"font":"","enabled":false},"version":2},"_wpas_customize_per_network":false},"categories":[30],"tags":[9504,244],"class_list":["post-117096","post","type-post","status-publish","format-standard","has-post-thumbnail","hentry","category-municipio","tag-convenio","tag-municipio-2","generate-columns","tablet-grid-50","mobile-grid-100","grid-parent","grid-50"],"jetpack_publicize_connections":[],"jetpack_featured_media_url":"https:\/\/www.hoymercedes.com.ar\/principal\/wp-content\/uploads\/2020\/09\/DSC08506.jpg","wps_subtitle":"Obras p\u00fablicas","jetpack_sharing_enabled":true,"_links":{"self":[{"href":"https:\/\/www.hoymercedes.com.ar\/principal\/wp-json\/wp\/v2\/posts\/117096","targetHints":{"allow":["GET"]}}],"collection":[{"href":"https:\/\/www.hoymercedes.com.ar\/principal\/wp-json\/wp\/v2\/posts"}],"about":[{"href":"https:\/\/www.hoymercedes.com.ar\/principal\/wp-json\/wp\/v2\/types\/post"}],"author":[{"embeddable":true,"href":"https:\/\/www.hoymercedes.com.ar\/principal\/wp-json\/wp\/v2\/users\/5"}],"replies":[{"embeddable":true,"href":"https:\/\/www.hoymercedes.com.ar\/principal\/wp-json\/wp\/v2\/comments?post=117096"}],"version-history":[{"count":0,"href":"https:\/\/www.hoymercedes.com.ar\/principal\/wp-json\/wp\/v2\/posts\/117096\/revisions"}],"wp:featuredmedia":[{"embeddable":true,"href":"https:\/\/www.hoymercedes.com.ar\/principal\/wp-json\/wp\/v2\/media\/117097"}],"wp:attachment":[{"href":"https:\/\/www.hoymercedes.com.ar\/principal\/wp-json\/wp\/v2\/media?parent=117096"}],"wp:term":[{"taxonomy":"category","embeddable":true,"href":"https:\/\/www.hoymercedes.com.ar\/principal\/wp-json\/wp\/v2\/categories?post=117096"},{"taxonomy":"post_tag","embeddable":true,"href":"https:\/\/www.hoymercedes.com.ar\/principal\/wp-json\/wp\/v2\/tags?post=117096"}],"curies":[{"name":"wp","href":"https:\/\/api.w.org\/{rel}","templated":true}]}}