{"id":117100,"date":"2020-09-19T09:47:22","date_gmt":"2020-09-19T12:47:22","guid":{"rendered":"http:\/\/www.hoymercedes.com.ar\/principal\/?p=117100"},"modified":"2020-09-22T18:23:55","modified_gmt":"2020-09-22T21:23:55","slug":"la-biblioteca-sarmiento-hara-una-suelta-de-libros","status":"publish","type":"post","link":"https:\/\/www.hoymercedes.com.ar\/principal\/2020\/09\/19\/la-biblioteca-sarmiento-hara-una-suelta-de-libros\/","title":{"rendered":"La Biblioteca Sarmiento har\u00e1 una suelta de libros"},"content":{"rendered":"\n<p>En el mes aniversario, la Biblioteca Popular Sarmiento de Mercedes &#8211; el pasado 4 de septiembre celebr\u00f3 133 a\u00f1os de su fundaci\u00f3n &#8211; realizar\u00e1 como actividad una suelta de libro con el mensaje \u00abLlevate el que te guste de regalo, para disfrutar de su lectura en tu casa\u00bb. Los libros podr\u00e1n encontrarse en comercios barriales y en la puerta de la Biblioteca de Avenida 29. La actividad ser\u00e1 el lunes 21 de septiembre. <\/p>\n\n\n\n<p>La Comisi\u00f3n Directiva de la Biblioteca explic\u00f3 que la actividad del d\u00eda lunes 21 de septiembre, se hace en el marco de un reordenamiento del material que hay en la instituci\u00f3n. <\/p>\n\n\n\n<p>Esos libros estar\u00e1n protegidos con una funda pl\u00e1stica y llevar\u00e1 el sello de donaci\u00f3n de la Biblioteca Sarmiento y una leyenda invitando a los vecinos a leer el libro de regalo. <\/p>\n\n\n\n<p>Las cajas&nbsp; ser\u00e1n distribuidas en distintos negocios barriales ,&nbsp; como asimismo habr\u00e1 una en la puerta de la biblioteca.<\/p>\n\n\n\n<p>Asimismo, respondiendo a la convocatoria de la Red Solidaria, se entregaron novelas y revistas para ser distribuidas en el&nbsp;anexo femenino de la Unidad Penitenciaria N\u00b0 5 de Mercedes. <\/p>\n","protected":false},"excerpt":{"rendered":"<p>En el mes aniversario, la Biblioteca Popular Sarmiento de Mercedes &#8211; el pasado 4 de septiembre celebr\u00f3 133 a\u00f1os de &#8230; <a title=\"La Biblioteca Sarmiento har\u00e1 una suelta de libros\" class=\"read-more\" href=\"https:\/\/www.hoymercedes.com.ar\/principal\/2020\/09\/19\/la-biblioteca-sarmiento-hara-una-suelta-de-libros\/\" aria-label=\"Leer m\u00e1s sobre La Biblioteca Sarmiento har\u00e1 una suelta de libros\">Leer m\u00e1s<\/a><\/p>\n","protected":false},"author":5,"featured_media":70390,"comment_status":"closed","ping_status":"open","sticky":false,"template":"","format":"standard","meta":{"_monsterinsights_skip_tracking":false,"_monsterinsights_sitenote_active":false,"_monsterinsights_sitenote_note":"","_monsterinsights_sitenote_category":0,"jetpack_post_was_ever_published":false,"_jetpack_newsletter_access":"","_jetpack_dont_email_post_to_subs":false,"_jetpack_newsletter_tier_id":0,"_jetpack_memberships_contains_paywalled_content":false,"_jetpack_memberships_contains_paid_content":false,"footnotes":"","jetpack_publicize_message":"","jetpack_publicize_feature_enabled":true,"jetpack_social_post_already_shared":true,"jetpack_social_options":{"image_generator_settings":{"template":"highway","default_image_id":0,"font":"","enabled":false},"version":2},"_wpas_customize_per_network":false},"categories":[104],"tags":[3066,7805],"class_list":["post-117100","post","type-post","status-publish","format-standard","has-post-thumbnail","hentry","category-cultura","tag-biblioteca-sarmiento","tag-cultura","generate-columns","tablet-grid-50","mobile-grid-100","grid-parent","grid-50"],"jetpack_publicize_connections":[],"jetpack_featured_media_url":"https:\/\/www.hoymercedes.com.ar\/principal\/wp-content\/uploads\/2017\/12\/02-BibliotecadSarmiento.jpg","wps_subtitle":"Literatura para llevar","jetpack_sharing_enabled":true,"_links":{"self":[{"href":"https:\/\/www.hoymercedes.com.ar\/principal\/wp-json\/wp\/v2\/posts\/117100","targetHints":{"allow":["GET"]}}],"collection":[{"href":"https:\/\/www.hoymercedes.com.ar\/principal\/wp-json\/wp\/v2\/posts"}],"about":[{"href":"https:\/\/www.hoymercedes.com.ar\/principal\/wp-json\/wp\/v2\/types\/post"}],"author":[{"embeddable":true,"href":"https:\/\/www.hoymercedes.com.ar\/principal\/wp-json\/wp\/v2\/users\/5"}],"replies":[{"embeddable":true,"href":"https:\/\/www.hoymercedes.com.ar\/principal\/wp-json\/wp\/v2\/comments?post=117100"}],"version-history":[{"count":0,"href":"https:\/\/www.hoymercedes.com.ar\/principal\/wp-json\/wp\/v2\/posts\/117100\/revisions"}],"wp:featuredmedia":[{"embeddable":true,"href":"https:\/\/www.hoymercedes.com.ar\/principal\/wp-json\/wp\/v2\/media\/70390"}],"wp:attachment":[{"href":"https:\/\/www.hoymercedes.com.ar\/principal\/wp-json\/wp\/v2\/media?parent=117100"}],"wp:term":[{"taxonomy":"category","embeddable":true,"href":"https:\/\/www.hoymercedes.com.ar\/principal\/wp-json\/wp\/v2\/categories?post=117100"},{"taxonomy":"post_tag","embeddable":true,"href":"https:\/\/www.hoymercedes.com.ar\/principal\/wp-json\/wp\/v2\/tags?post=117100"}],"curies":[{"name":"wp","href":"https:\/\/api.w.org\/{rel}","templated":true}]}}