{"id":117103,"date":"2020-09-18T22:34:59","date_gmt":"2020-09-19T01:34:59","guid":{"rendered":"http:\/\/www.hoymercedes.com.ar\/principal\/?p=117103"},"modified":"2020-09-18T22:35:11","modified_gmt":"2020-09-19T01:35:11","slug":"municipio-desmiente-usurpaciones-y-expone-gestiones-y-planes-de-vivienda","status":"publish","type":"post","link":"https:\/\/www.hoymercedes.com.ar\/principal\/2020\/09\/18\/municipio-desmiente-usurpaciones-y-expone-gestiones-y-planes-de-vivienda\/","title":{"rendered":"Municipio desmiente usurpaciones y expone gestiones y planes de vivienda"},"content":{"rendered":"\n<p><\/p>\n\n\n\n<figure class=\"wp-block-image size-large\"><img loading=\"lazy\" decoding=\"async\" width=\"1024\" height=\"768\" data-attachment-id=\"117104\" data-permalink=\"https:\/\/www.hoymercedes.com.ar\/principal\/2020\/09\/18\/municipio-desmiente-usurpaciones-y-expone-gestiones-y-planes-de-vivienda\/attachment\/900\/#main\" data-orig-file=\"https:\/\/www.hoymercedes.com.ar\/principal\/wp-content\/uploads\/2020\/09\/900.jpeg\" data-orig-size=\"1600,1200\" data-comments-opened=\"0\" data-image-meta=\"{&quot;aperture&quot;:&quot;0&quot;,&quot;credit&quot;:&quot;&quot;,&quot;camera&quot;:&quot;&quot;,&quot;caption&quot;:&quot;&quot;,&quot;created_timestamp&quot;:&quot;0&quot;,&quot;copyright&quot;:&quot;&quot;,&quot;focal_length&quot;:&quot;0&quot;,&quot;iso&quot;:&quot;0&quot;,&quot;shutter_speed&quot;:&quot;0&quot;,&quot;title&quot;:&quot;&quot;,&quot;orientation&quot;:&quot;0&quot;}\" data-image-title=\"900\" data-image-description=\"\" data-image-caption=\"\" data-large-file=\"https:\/\/www.hoymercedes.com.ar\/principal\/wp-content\/uploads\/2020\/09\/900-1024x768.jpeg\" src=\"https:\/\/www.hoymercedes.com.ar\/principal\/wp-content\/uploads\/2020\/09\/900-1024x768.jpeg\" alt=\"\" class=\"wp-image-117104\" srcset=\"https:\/\/www.hoymercedes.com.ar\/principal\/wp-content\/uploads\/2020\/09\/900-1024x768.jpeg 1024w, https:\/\/www.hoymercedes.com.ar\/principal\/wp-content\/uploads\/2020\/09\/900-630x473.jpeg 630w, https:\/\/www.hoymercedes.com.ar\/principal\/wp-content\/uploads\/2020\/09\/900-150x113.jpeg 150w, https:\/\/www.hoymercedes.com.ar\/principal\/wp-content\/uploads\/2020\/09\/900-1536x1152.jpeg 1536w, https:\/\/www.hoymercedes.com.ar\/principal\/wp-content\/uploads\/2020\/09\/900.jpeg 1600w\" sizes=\"auto, (max-width: 1024px) 100vw, 1024px\" \/><\/figure>\n\n\n\n<p>Mediante una conferencia de prensa realizada en el teatro Argentino \u201cJulio C\u00e9sar Gioscio\u201d el intendente de nuestra ciudad, Juan Ignacio Ustarroz junto al Sub Secretario del \u00e1rea de Tierras Javier Guevara y la directora del \u00e1rea Valeria Ilarraz dieron detalles del plan estrat\u00e9gico que se viene implementando desde el Municipio de Mercedes de acceso a la tierra y al h\u00e1bitat. Adem\u00e1s, hicieron referencia a los diferentes programas de vivienda y tierras, como as\u00ed tambi\u00e9n, problem\u00e1ticas e interrogantes surgidos en los \u00faltimos d\u00edas en cuanto a estas tem\u00e1ticas.&nbsp;<\/p>\n\n\n\n<p><strong>Subasta<\/strong><\/p>\n\n\n\n<p>En primer lugar, el intendente Juan Ignacio Ustarroz destac\u00f3 la venta de dos lotes municipales a trav\u00e9s del Colegio de Martilleros de la ciudad, por casi 16 millones de pesos, que ser\u00e1n utilizados para la construcci\u00f3n de 20 viviendas del programa municipal \u201cMi casa\u201d&nbsp; \u201cpara nosotros fue un d\u00eda hist\u00f3rico porque logramos recuperar terrenos ociosos y en conjunto con el Colegio de Martilleros y ante escribano p\u00fablico logramos vender dos terrenos, cuyos ingresos (15.850.00 pesos) estar\u00e1 afectado exclusivamente al programa \u201cMi casa\u201d.<\/p>\n\n\n\n<p><strong>M\u00e1s beneficios<\/strong><\/p>\n\n\n\n<p>Conjuntamente, el Dr. Ustarroz se\u00f1al\u00f3 \u201ctambi\u00e9n queremos comunicar a la poblaci\u00f3n que el 7 de septiembre firmamos con la arquitecta Mar\u00eda Eugenia Bielsa un convenio de adhesi\u00f3n al programa Procrear. El Estado Nacional relanza este programa tan importante para la construcci\u00f3n de viviendas y acceso a la tierra, sino tambi\u00e9n, en conjunto con esta subsecretar\u00eda de Tierras y H\u00e1bitat, ya la ciudad present\u00f3, desde el 7 de septiembre al d\u00eda de ayer, 3 proyectos concretos para dotar al banco municipal de tierras, de m\u00e1s tierras con inversiones del Estado Nacional y poder tambi\u00e9n avanzar en la construcci\u00f3n de viviendas\u201d y especific\u00f3 \u201cen concreto presentamos dos proyectos de consorcio urban\u00edstico para incorporar 200 lotes, como as\u00ed tambi\u00e9n, casi dos hect\u00e1reas del Estado Nacional con la intenci\u00f3n de realizar un desarrollo urban\u00edstico que es el de terreno m\u00e1s vivienda, y por \u00faltimo, adquirir el financiamiento para la incorporaci\u00f3n de 33 lotes al banco municipal de tierras\u201d.<\/p>\n\n\n\n<p>Adem\u00e1s, de esto, el intendente Ustarroz expres\u00f3 \u201ctenemos en carpeta muchas otras gestiones para incorporar m\u00e1s viviendas y terrenos a la ciudad de Mercedes\u201d.<\/p>\n\n\n\n<p><strong>Falsas noticias<\/strong><\/p>\n\n\n\n<p>Con respecto a afirmaciones medi\u00e1ticas que circularon en los \u00faltimos d\u00edas y que puso el eje en toma de tierras y asentamientos ilegales, el intendente Juan Ignacio Ustarroz afirm\u00f3 \u201cquiero hacer afirmaciones concretas, contundente y categ\u00f3ricas y respaldarlas con hechos de p\u00fablico y notorio conocimiento. En primer lugar, quiero se\u00f1alar que en Mercedes no hay tomas nuevas, en este tema no podemos ser ambiguos\u201d. Asimismo, el Dr. Ustarroz se\u00f1al\u00f3 \u201ccon respecto al tema \u201ctomas\u201d lo que tuvo m\u00e1s repercusi\u00f3n medi\u00e1tica fue que se dijo que la ciudad de Mercedes iba a recibir a la gente de la toma de Guernica, falso de toda falsedad, Mercedes tiene una ordenanza donde para poder acceder a un plan de tierras ten\u00e9s que tener 5 a\u00f1os de residencia en la ciudad. Donde tambi\u00e9n existe un decreto que emitimos en el a\u00f1o 2019 donde las personas que tienen una causa por usurpaci\u00f3n no pueden acceder a los sorteos que realiza el municipio con respecto a tierras o viviendas\u201d.<\/p>\n\n\n\n<p>\u201cAc\u00e1 el objetivo es lleva la certeza y la tranquilidad a nuestra comunidad en un tema que es muy sensible\u201d asever\u00f3 el intendente Ustarroz. Por este motivo, el jefe comunal llam\u00f3 \u201ca una convocatoria, el d\u00eda lunes, a los concejales de la oposici\u00f3n como as\u00ed tambi\u00e9n lo he hecho extensivo a los presidentes del Colegio de Magistrados, Martilleros, Escribanos, Abogados y fiscal\u00eda para ver, esto que nosotros afirmamos -que no ha tomas nuevas- es cierto o no, para poder replantear, ver y analizar las ordenanzas que estamos planteando\u201d.&nbsp;&nbsp;<\/p>\n\n\n\n<p><strong>Comunidad<\/strong><\/p>\n\n\n\n<p>\u201cEn este contexto de pandemia, que agudiza no s\u00f3lo la crisis sanitaria, sino tambi\u00e9n econ\u00f3mica, cultural y social, tenemos que tomar un compromiso y un rol de mucha madurez, democracia, transparencia, di\u00e1logo y unidad. No vamos a salir solos, sabemos que estar todos unidos como comunidad y esta es la propuesta concreta que le hacemos a los espacios pol\u00edticos de la oposici\u00f3n y a los responsables de las instituciones, para juntarnos, trabajar en conjunto y mejorar lo que haya que mejorar. Teniendo en claro y afirmando que Mercedes no acepta las tomas, sino que, adem\u00e1s, tiene un plan de abordaje para poder promover el acceso conforme a derecho a la tierra y a la vivienda por parte de nuestros vecinos\u201d destac\u00f3 el intendente Juan Ignacio Ustarroz.&nbsp;&nbsp;&nbsp;&nbsp;&nbsp;<\/p>\n\n\n\n<p><strong>Intervenciones<\/strong><\/p>\n\n\n\n<p>Por su parte, Javier Guevara, hizo menci\u00f3n de noticias que estaban circulando en algunos medios \u201cse rumorea que existen dos zonas en la ciudad donde habr\u00eda alg\u00fan tipo de conflicto, una es la zona del barrio Los \u00e1lamos donde hay vecinos que denuncian supuestas acciones que ellos podr\u00edan entender que est\u00e1n vinculadas a usurpaciones. Por ese motivo est\u00e1n reclamando la intervenci\u00f3n del Estado Municipal para limpiar esos terrenos\u201d y aclar\u00f3 \u201cesos terrenos no son municipales y el Estado comunal no tiene ning\u00fan tipo de potestad para avanzar en la soluci\u00f3n de ese conflicto\u201d.<\/p>\n\n\n\n<p>En este sentido, Guevara se\u00f1al\u00f3 \u201ces importante resalta que uno de los temas que le preocupan a los vecinos es la presencia de una ocupaci\u00f3n irregular, un asentamiento precario -en un terreno de una hect\u00e1rea y media- que efectivamente fue relevado en el a\u00f1o 2010, donde en ese momento hab\u00eda 10 familias viviendo y hoy hay 16 inmuebles, algunos de los cuales son propiedad de los mismos como as\u00ed tambi\u00e9n familiares a los cuales les cedieron parte de esos terrenos\u201d y continu\u00f3 \u201ceste martes hicimos el segundo encuentro con los vecinos del Puente Plateado donde existi\u00f3 un compromiso por parte de todos los vecinos de no avanzar en las construcciones, y a cambio de eso, ingresar en un plan de regularizaci\u00f3n dominial, mismo que est\u00e1 incluido dentro de una ley que fue sancionada en el a\u00f1o 2018, propuesta por el presidente Macri que preve\u00eda hasta la expropiaci\u00f3n de las tierras. Nosotros estamos trabajando por ellos para regularizar el dominio y mejorar la calidad de vida de esos asentamientos precarios en un todo de acuerdo con esa ley aprobada en agosto del 2018 y que suspende cualquier tipo de lanzamiento hasta agosto del 2022, por es nos tenemos que ce\u00f1ir a lo que dice esta ley\u201d.<\/p>\n\n\n\n<p>\u201cOtra zona que han denunciado alg\u00fan tipo de inconveniente es en el barrio San Jorge, donde hay vecinos que denuncian que hay usurpaciones. Efectivamente, mucho antes de que esto tomara trascendencia medi\u00e1tica nosotros ven\u00edamos trabajando sobre el lugar y determinamos que existen dos parcelas -una de 5 hect\u00e1reas y media y otra de una hect\u00e1rea- que no estar\u00edan siendo ocupadas por sus titulares registrales. Nos pusimos en contacto con el titular registral de uno de esos inmuebles, iba a acercarse a la ciudad el mi\u00e9rcoles de la semana pasada, donde nosotros lo \u00edbamos a acompa\u00f1ar en las acciones tendientes en la recuperaci\u00f3n del dominio, pero no se hizo presente. En atenci\u00f3n a eso le dimos curso al trabajo que ven\u00edamos realizando en t\u00e9rminos administrativos, se relev\u00f3 el lugar, efectivamente pudimos determinar -a trav\u00e9s de las actas e inspecciones correspondientes- que habr\u00eda en el lugar construcciones no declaradas y todo est\u00e1 en manos de la justicia de faltas que es el \u00fanico \u00e1mbito de competencia municipal\u201d.<\/p>\n\n\n\n<p><strong>Usurpaciones<\/strong><\/p>\n\n\n\n<p>Al mismo tiempo, Guevara subray\u00f3 \u201clas usurpaciones sabemos que son un problema y generan pobreza, por eso, desde esta gesti\u00f3n no hemos tolerado esos intentos de usurpaciones y las dos veces que hemos tenido ese tipo de problemas dialogamos para que entiendan que ese no es el camino, que el camino son los planes de vivienda y acceso al suelo que ha implementado esta gesti\u00f3n comunal\u201d.<\/p>\n\n\n\n<p><strong>Ordenanza<\/strong><\/p>\n\n\n\n<p>La directora de Tierras, Valeria Ilarraz se refiri\u00f3 al proyecto que deroga la ordenanza 6979 del a\u00f1o 2011, mismo que lo que busca es poder corregir la ordenanza anterior que b\u00e1sicamente ordenaba la ocupaci\u00f3n sin una instancia previa. Nosotros en la correcci\u00f3n que hacemos postulamos y propusimos hacer una instancia previa que garantice el derecho a la propiedad instando, consultando el Registro de la Propiedad, mandando cartas documento, y luego sin ninguna de esas instancias fueran fructuosas reci\u00e9n ah\u00ed publicar edictos y proceder a la ocupaci\u00f3n en car\u00e1cter preventivo para poder limpiar el lugar y que los terrenos que est\u00e9n ociosos y bald\u00edos o en estado de abandono, no est\u00e9n sujetos a este tipo de operaciones\u201d y subray\u00f3 \u201cnosotros lo que queremos principalmente es garantizar la paz social sosteniendo que de forma preventiva es la mejor forma de trabajar\u201d.<\/p>\n\n\n\n<p>\u201cEsa ocupaci\u00f3n o toma de posesi\u00f3n implicar\u00eda un mantenimiento continuo por parte del Municipio, que si luego de 20 a\u00f1os, tal cual lo autoriza el c\u00f3digo civil puede solicitar la regularizaci\u00f3n a su favor, es decir, pasado este tiempo y el due\u00f1o no haga valer su derecho de propiedad respetando claramente este derecho\u201d afirm\u00f3 Ilarraz y a\u00f1adi\u00f3 \u201ctodo el paquete de herramientas enviadas al Concejo Deliberante, las hacemos en car\u00e1cter preventivo considerando que Mercedes tiene una pol\u00edtica muy fuerte en materia habitacional\u201d.<\/p>\n","protected":false},"excerpt":{"rendered":"<p>Mediante una conferencia de prensa realizada en el teatro Argentino \u201cJulio C\u00e9sar Gioscio\u201d el intendente de nuestra ciudad, Juan Ignacio &#8230; <a title=\"Municipio desmiente usurpaciones y expone gestiones y planes de vivienda\" class=\"read-more\" href=\"https:\/\/www.hoymercedes.com.ar\/principal\/2020\/09\/18\/municipio-desmiente-usurpaciones-y-expone-gestiones-y-planes-de-vivienda\/\" aria-label=\"Leer m\u00e1s sobre Municipio desmiente usurpaciones y expone gestiones y planes de vivienda\">Leer m\u00e1s<\/a><\/p>\n","protected":false},"author":1,"featured_media":117104,"comment_status":"closed","ping_status":"open","sticky":false,"template":"","format":"standard","meta":{"_monsterinsights_skip_tracking":false,"_monsterinsights_sitenote_active":false,"_monsterinsights_sitenote_note":"","_monsterinsights_sitenote_category":0,"jetpack_post_was_ever_published":false,"_jetpack_newsletter_access":"","_jetpack_dont_email_post_to_subs":false,"_jetpack_newsletter_tier_id":0,"_jetpack_memberships_contains_paywalled_content":false,"_jetpack_memberships_contains_paid_content":false,"footnotes":"","jetpack_publicize_message":"","jetpack_publicize_feature_enabled":true,"jetpack_social_post_already_shared":true,"jetpack_social_options":{"image_generator_settings":{"template":"highway","default_image_id":0,"font":"","enabled":false},"version":2},"_wpas_customize_per_network":false},"categories":[30],"tags":[17100,17102,114,8851],"class_list":["post-117103","post","type-post","status-publish","format-standard","has-post-thumbnail","hentry","category-municipio","tag-falsas-noticias","tag-guevara","tag-terrenos","tag-usurpaciones","generate-columns","tablet-grid-50","mobile-grid-100","grid-parent","grid-50"],"jetpack_publicize_connections":[],"jetpack_featured_media_url":"https:\/\/www.hoymercedes.com.ar\/principal\/wp-content\/uploads\/2020\/09\/900.jpeg","wps_subtitle":"Debate ","jetpack_sharing_enabled":true,"_links":{"self":[{"href":"https:\/\/www.hoymercedes.com.ar\/principal\/wp-json\/wp\/v2\/posts\/117103","targetHints":{"allow":["GET"]}}],"collection":[{"href":"https:\/\/www.hoymercedes.com.ar\/principal\/wp-json\/wp\/v2\/posts"}],"about":[{"href":"https:\/\/www.hoymercedes.com.ar\/principal\/wp-json\/wp\/v2\/types\/post"}],"author":[{"embeddable":true,"href":"https:\/\/www.hoymercedes.com.ar\/principal\/wp-json\/wp\/v2\/users\/1"}],"replies":[{"embeddable":true,"href":"https:\/\/www.hoymercedes.com.ar\/principal\/wp-json\/wp\/v2\/comments?post=117103"}],"version-history":[{"count":0,"href":"https:\/\/www.hoymercedes.com.ar\/principal\/wp-json\/wp\/v2\/posts\/117103\/revisions"}],"wp:featuredmedia":[{"embeddable":true,"href":"https:\/\/www.hoymercedes.com.ar\/principal\/wp-json\/wp\/v2\/media\/117104"}],"wp:attachment":[{"href":"https:\/\/www.hoymercedes.com.ar\/principal\/wp-json\/wp\/v2\/media?parent=117103"}],"wp:term":[{"taxonomy":"category","embeddable":true,"href":"https:\/\/www.hoymercedes.com.ar\/principal\/wp-json\/wp\/v2\/categories?post=117103"},{"taxonomy":"post_tag","embeddable":true,"href":"https:\/\/www.hoymercedes.com.ar\/principal\/wp-json\/wp\/v2\/tags?post=117103"}],"curies":[{"name":"wp","href":"https:\/\/api.w.org\/{rel}","templated":true}]}}