{"id":117211,"date":"2020-09-21T16:55:22","date_gmt":"2020-09-21T19:55:22","guid":{"rendered":"http:\/\/www.hoymercedes.com.ar\/principal\/?p=117211"},"modified":"2020-09-21T19:43:12","modified_gmt":"2020-09-21T22:43:12","slug":"restauraron-molduras-y-frisos-del-cielorraso-del-circulo-italiano","status":"publish","type":"post","link":"https:\/\/www.hoymercedes.com.ar\/principal\/2020\/09\/21\/restauraron-molduras-y-frisos-del-cielorraso-del-circulo-italiano\/","title":{"rendered":"Restauraron molduras y frisos del cielorraso del C\u00edrculo Italiano"},"content":{"rendered":"\n<p>Por TeCleArte &#8211; Los frisos y molduras del techo del sal\u00f3n principal del C\u00edrculo Italiano perteneciente a la Sociedad Italiana de Mercedes fueron restaurados por la artista pl\u00e1stica Marina L\u00f3pez y el yesista Alejandro Olivera. Ambos trabajaron durante m\u00e1s de un mes para terminar la restauraci\u00f3n a casi siete metros de altura.<\/p>\n\n\n\n<div class=\"wp-block-jetpack-slideshow aligncenter\" data-effect=\"slide\"><div class=\"wp-block-jetpack-slideshow_container swiper-container\"><ul class=\"wp-block-jetpack-slideshow_swiper-wrapper swiper-wrapper\"><li class=\"wp-block-jetpack-slideshow_slide swiper-slide\"><figure><img loading=\"lazy\" decoding=\"async\" width=\"800\" height=\"533\" alt=\"\" class=\"wp-block-jetpack-slideshow_image wp-image-116304\" data-id=\"116304\" src=\"https:\/\/www.hoymercedes.com.ar\/principal\/wp-content\/uploads\/2020\/09\/08-circolo-4.jpg\"\/><\/figure><\/li><li class=\"wp-block-jetpack-slideshow_slide swiper-slide\"><figure><img loading=\"lazy\" decoding=\"async\" width=\"800\" height=\"533\" alt=\"\" class=\"wp-block-jetpack-slideshow_image wp-image-116303\" data-id=\"116303\" src=\"https:\/\/www.hoymercedes.com.ar\/principal\/wp-content\/uploads\/2020\/09\/08-circolo-3.jpg\"\/><\/figure><\/li><li class=\"wp-block-jetpack-slideshow_slide swiper-slide\"><figure><img loading=\"lazy\" decoding=\"async\" width=\"800\" height=\"533\" alt=\"\" class=\"wp-block-jetpack-slideshow_image wp-image-116302\" data-id=\"116302\" src=\"https:\/\/www.hoymercedes.com.ar\/principal\/wp-content\/uploads\/2020\/09\/08-circolo-2.jpg\"\/><\/figure><\/li><li class=\"wp-block-jetpack-slideshow_slide swiper-slide\"><figure><img loading=\"lazy\" decoding=\"async\" width=\"800\" height=\"533\" alt=\"\" class=\"wp-block-jetpack-slideshow_image wp-image-116301\" data-id=\"116301\" src=\"https:\/\/www.hoymercedes.com.ar\/principal\/wp-content\/uploads\/2020\/09\/08-circolo-1.jpg\"\/><\/figure><\/li><\/ul><a class=\"wp-block-jetpack-slideshow_button-prev swiper-button-prev swiper-button-white\" role=\"button\"><\/a><a class=\"wp-block-jetpack-slideshow_button-next swiper-button-next swiper-button-white\" role=\"button\"><\/a><a aria-label=\"Pause Slideshow\" class=\"wp-block-jetpack-slideshow_button-pause\" role=\"button\"><\/a><div class=\"wp-block-jetpack-slideshow_pagination swiper-pagination swiper-pagination-white\"><\/div><\/div><\/div>\n\n\n\n<p>La semana pasada se termin\u00f3 la obra de reconstrucci\u00f3n molduras y frisos del cielorraso y cornisa interior del sal\u00f3n principal del C\u00edrculo Italiano en calle 22, entre 23 y 21. &nbsp;\u201cHemos reconstruido parte del sal\u00f3n del Circolo Italiano. El techo quedaba muy feo y con peligro de que se caigan y que ingresen aves. Hab\u00eda que reconstruir las molduras y reproducir las formas. La Sociedad Italiana invirti\u00f3 200 mil pesos con fondos propios, en todo el trabajo\u201d, cont\u00f3 el presidente de la instituci\u00f3n Ernesto R\u00edssola.<\/p>\n\n\n\n<p>Por su parte, Marina L\u00f3pez, artista pl\u00e1stica responsable de la restauraci\u00f3n junto al yesista Alejandro Olivera, cont\u00f3 que la cornisa est\u00e1 compuesta por tres molduras de las cuales, la del medio, el friso, es una moldura c\u00f3ncava labrada que debimos reconstruir.<\/p>\n\n\n\n<p>\u201cYo recib\u00ed un fragmento de ese friso. Muy chico y tuve que completar el dise\u00f1o para llegar a tener el molde de 30 por 30 y a partir de ese armar los moldes de los listones de un metro. Tiene una moldura superior sobre ese friso, que Alejandro restaur\u00f3 sobre la pared misma\u201d, explic\u00f3 Marina.<\/p>\n\n\n\n<p>\u201cBuscamos el color lo m\u00e1s parecido posible para que quede todo el conjunto sin se noten las uniones. El techo est\u00e1 a 6,5 metros. Es alto, as\u00ed que hubo toda una movilizaci\u00f3n de andamios para poder reparar todo\u201d, agreg\u00f3.<\/p>\n\n\n\n<p>A modo de adelanto, R\u00edssola anticip\u00f3 que para noviembre piensan continuar con la reconstrucci\u00f3n del sal\u00f3n, en este caso de las paredes. \u201cDe a poquito vamos a acondicionar el sal\u00f3n hist\u00f3rico. Es de 1881. La idea es que, pasada la pandemia, pueda volver a ser utilizado\u201d, cont\u00f3.<\/p>\n\n\n\n<figure class=\"wp-block-embed-facebook wp-block-embed is-type-video is-provider-facebook\"><div class=\"wp-block-embed__wrapper\">\n<div class=\"fb-video\" data-allowfullscreen=\"true\" data-href=\"https:\/\/www.facebook.com\/ernestohoracio.rissolarisuleo\/videos\/3905009426180777\/\" style=\"background-color: #fff; display: inline-block;\"><\/div>\n<\/div><\/figure>\n","protected":false},"excerpt":{"rendered":"<p>Por TeCleArte &#8211; Los frisos y molduras del techo del sal\u00f3n principal del C\u00edrculo Italiano perteneciente a la Sociedad Italiana &#8230; <a title=\"Restauraron molduras y frisos del cielorraso del C\u00edrculo Italiano\" class=\"read-more\" href=\"https:\/\/www.hoymercedes.com.ar\/principal\/2020\/09\/21\/restauraron-molduras-y-frisos-del-cielorraso-del-circulo-italiano\/\" aria-label=\"Leer m\u00e1s sobre Restauraron molduras y frisos del cielorraso del C\u00edrculo Italiano\">Leer m\u00e1s<\/a><\/p>\n","protected":false},"author":1,"featured_media":116303,"comment_status":"closed","ping_status":"open","sticky":false,"template":"","format":"standard","meta":{"_monsterinsights_skip_tracking":false,"_monsterinsights_sitenote_active":false,"_monsterinsights_sitenote_note":"","_monsterinsights_sitenote_category":0,"jetpack_post_was_ever_published":false,"_jetpack_newsletter_access":"","_jetpack_dont_email_post_to_subs":false,"_jetpack_newsletter_tier_id":0,"_jetpack_memberships_contains_paywalled_content":false,"_jetpack_memberships_contains_paid_content":false,"footnotes":"","jetpack_publicize_message":"","jetpack_publicize_feature_enabled":true,"jetpack_social_post_already_shared":true,"jetpack_social_options":{"image_generator_settings":{"template":"highway","default_image_id":0,"font":"","enabled":false},"version":2},"_wpas_customize_per_network":false},"categories":[8],"tags":[13236,9625,8864],"class_list":["post-117211","post","type-post","status-publish","format-standard","has-post-thumbnail","hentry","category-sociedad","tag-circulo-italiano","tag-restauracion","tag-sociedad-italiana","generate-columns","tablet-grid-50","mobile-grid-100","grid-parent","grid-50"],"jetpack_publicize_connections":[],"jetpack_featured_media_url":"https:\/\/www.hoymercedes.com.ar\/principal\/wp-content\/uploads\/2020\/09\/08-circolo-3.jpg","wps_subtitle":"Arreglos en el sal\u00f3n principal","jetpack_sharing_enabled":true,"_links":{"self":[{"href":"https:\/\/www.hoymercedes.com.ar\/principal\/wp-json\/wp\/v2\/posts\/117211","targetHints":{"allow":["GET"]}}],"collection":[{"href":"https:\/\/www.hoymercedes.com.ar\/principal\/wp-json\/wp\/v2\/posts"}],"about":[{"href":"https:\/\/www.hoymercedes.com.ar\/principal\/wp-json\/wp\/v2\/types\/post"}],"author":[{"embeddable":true,"href":"https:\/\/www.hoymercedes.com.ar\/principal\/wp-json\/wp\/v2\/users\/1"}],"replies":[{"embeddable":true,"href":"https:\/\/www.hoymercedes.com.ar\/principal\/wp-json\/wp\/v2\/comments?post=117211"}],"version-history":[{"count":0,"href":"https:\/\/www.hoymercedes.com.ar\/principal\/wp-json\/wp\/v2\/posts\/117211\/revisions"}],"wp:featuredmedia":[{"embeddable":true,"href":"https:\/\/www.hoymercedes.com.ar\/principal\/wp-json\/wp\/v2\/media\/116303"}],"wp:attachment":[{"href":"https:\/\/www.hoymercedes.com.ar\/principal\/wp-json\/wp\/v2\/media?parent=117211"}],"wp:term":[{"taxonomy":"category","embeddable":true,"href":"https:\/\/www.hoymercedes.com.ar\/principal\/wp-json\/wp\/v2\/categories?post=117211"},{"taxonomy":"post_tag","embeddable":true,"href":"https:\/\/www.hoymercedes.com.ar\/principal\/wp-json\/wp\/v2\/tags?post=117211"}],"curies":[{"name":"wp","href":"https:\/\/api.w.org\/{rel}","templated":true}]}}