{"id":117238,"date":"2020-09-21T18:46:59","date_gmt":"2020-09-21T21:46:59","guid":{"rendered":"http:\/\/www.hoymercedes.com.ar\/principal\/?p=117238"},"modified":"2020-09-21T18:47:03","modified_gmt":"2020-09-21T21:47:03","slug":"gol-de-santiago-malano-en-la-victoria-de-valletta-fc-ante-birkirkara","status":"publish","type":"post","link":"https:\/\/www.hoymercedes.com.ar\/principal\/2020\/09\/21\/gol-de-santiago-malano-en-la-victoria-de-valletta-fc-ante-birkirkara\/","title":{"rendered":"Gol de Santiago Malano en la victoria de Valletta FC ante Birkirkara"},"content":{"rendered":"\n<p>Se jug\u00f3 la primera fecha del torneo de Primera Divisi\u00f3n de Malta. Valletta FC recibi\u00f3 en su estadio sin p\u00fablico a Birkirkara en lo que fue el cierre de la jornada. El ex Racing fue titular y marc\u00f3 el primero de los cuatro goles de su equipo, que gole\u00f3 4 a 2.<\/p>\n\n\n\n<div class=\"wp-block-image\"><figure class=\"aligncenter size-large\"><img loading=\"lazy\" decoding=\"async\" width=\"597\" height=\"392\" data-attachment-id=\"117239\" data-permalink=\"https:\/\/www.hoymercedes.com.ar\/principal\/2020\/09\/21\/gol-de-santiago-malano-en-la-victoria-de-valletta-fc-ante-birkirkara\/santiago-malano-valletta-4-birkirkara-2\/#main\" data-orig-file=\"https:\/\/www.hoymercedes.com.ar\/principal\/wp-content\/uploads\/2020\/09\/Santiago-Malano-Valletta-4-Birkirkara-2.png\" data-orig-size=\"597,392\" data-comments-opened=\"0\" data-image-meta=\"{&quot;aperture&quot;:&quot;0&quot;,&quot;credit&quot;:&quot;&quot;,&quot;camera&quot;:&quot;&quot;,&quot;caption&quot;:&quot;&quot;,&quot;created_timestamp&quot;:&quot;0&quot;,&quot;copyright&quot;:&quot;&quot;,&quot;focal_length&quot;:&quot;0&quot;,&quot;iso&quot;:&quot;0&quot;,&quot;shutter_speed&quot;:&quot;0&quot;,&quot;title&quot;:&quot;&quot;,&quot;orientation&quot;:&quot;0&quot;}\" data-image-title=\"Santiago-Malano-Valletta-4-Birkirkara-2\" data-image-description=\"\" data-image-caption=\"\" data-large-file=\"https:\/\/www.hoymercedes.com.ar\/principal\/wp-content\/uploads\/2020\/09\/Santiago-Malano-Valletta-4-Birkirkara-2.png\" src=\"https:\/\/www.hoymercedes.com.ar\/principal\/wp-content\/uploads\/2020\/09\/Santiago-Malano-Valletta-4-Birkirkara-2.png\" alt=\"\" class=\"wp-image-117239\" srcset=\"https:\/\/www.hoymercedes.com.ar\/principal\/wp-content\/uploads\/2020\/09\/Santiago-Malano-Valletta-4-Birkirkara-2.png 597w, https:\/\/www.hoymercedes.com.ar\/principal\/wp-content\/uploads\/2020\/09\/Santiago-Malano-Valletta-4-Birkirkara-2-150x98.png 150w\" sizes=\"auto, (max-width: 597px) 100vw, 597px\" \/><\/figure><\/div>\n\n\n\n<p>El partido comenz\u00f3 mal, porque a los 7 minutos la visita se puso adelante en el marcador con el gol de Federico Falcone, pero un minuto despu\u00e9s, a los 8, lleg\u00f3 el empate a trav\u00e9s de Malano. Kyrian Nwoko puso el 2 a 1 a los 18 y otra vez se empat\u00f3 el partido a los 19 del segundo tiempo a trav\u00e9s de Yannick Yankam de penal. <\/p>\n\n\n\n<p>Sin embargo, la recuperaci\u00f3n volvi\u00f3 a ser r\u00e1pida porque a los 26 puso el 3 a 2 Leandro Aguirre y a los 49 del puso cifras definitivas Matteo Picciollo. De esta manera, Valletta FC comenz\u00f3 con el pie derecho luego de haber sido eliminado en la primera ronda de la Europa League el mes pasado.<\/p>\n","protected":false},"excerpt":{"rendered":"<p>Se jug\u00f3 la primera fecha del torneo de Primera Divisi\u00f3n de Malta. Valletta FC recibi\u00f3 en su estadio sin p\u00fablico &#8230; <a title=\"Gol de Santiago Malano en la victoria de Valletta FC ante Birkirkara\" class=\"read-more\" href=\"https:\/\/www.hoymercedes.com.ar\/principal\/2020\/09\/21\/gol-de-santiago-malano-en-la-victoria-de-valletta-fc-ante-birkirkara\/\" aria-label=\"Leer m\u00e1s sobre Gol de Santiago Malano en la victoria de Valletta FC ante Birkirkara\">Leer m\u00e1s<\/a><\/p>\n","protected":false},"author":1,"featured_media":117239,"comment_status":"closed","ping_status":"open","sticky":false,"template":"","format":"standard","meta":{"_monsterinsights_skip_tracking":false,"_monsterinsights_sitenote_active":false,"_monsterinsights_sitenote_note":"","_monsterinsights_sitenote_category":0,"jetpack_post_was_ever_published":false,"_jetpack_newsletter_access":"","_jetpack_dont_email_post_to_subs":false,"_jetpack_newsletter_tier_id":0,"_jetpack_memberships_contains_paywalled_content":false,"_jetpack_memberships_contains_paid_content":false,"footnotes":"","jetpack_publicize_message":"","jetpack_publicize_feature_enabled":true,"jetpack_social_post_already_shared":true,"jetpack_social_options":{"image_generator_settings":{"template":"highway","default_image_id":0,"font":"","enabled":false},"version":2},"_wpas_customize_per_network":false},"categories":[21],"tags":[9675,9676],"class_list":["post-117238","post","type-post","status-publish","format-standard","has-post-thumbnail","hentry","category-deportes","tag-santiago-malano","tag-valletta-fc","generate-columns","tablet-grid-50","mobile-grid-100","grid-parent","grid-50"],"jetpack_publicize_connections":[],"jetpack_featured_media_url":"https:\/\/www.hoymercedes.com.ar\/principal\/wp-content\/uploads\/2020\/09\/Santiago-Malano-Valletta-4-Birkirkara-2.png","wps_subtitle":"La Legi\u00f3n","jetpack_sharing_enabled":true,"_links":{"self":[{"href":"https:\/\/www.hoymercedes.com.ar\/principal\/wp-json\/wp\/v2\/posts\/117238","targetHints":{"allow":["GET"]}}],"collection":[{"href":"https:\/\/www.hoymercedes.com.ar\/principal\/wp-json\/wp\/v2\/posts"}],"about":[{"href":"https:\/\/www.hoymercedes.com.ar\/principal\/wp-json\/wp\/v2\/types\/post"}],"author":[{"embeddable":true,"href":"https:\/\/www.hoymercedes.com.ar\/principal\/wp-json\/wp\/v2\/users\/1"}],"replies":[{"embeddable":true,"href":"https:\/\/www.hoymercedes.com.ar\/principal\/wp-json\/wp\/v2\/comments?post=117238"}],"version-history":[{"count":0,"href":"https:\/\/www.hoymercedes.com.ar\/principal\/wp-json\/wp\/v2\/posts\/117238\/revisions"}],"wp:featuredmedia":[{"embeddable":true,"href":"https:\/\/www.hoymercedes.com.ar\/principal\/wp-json\/wp\/v2\/media\/117239"}],"wp:attachment":[{"href":"https:\/\/www.hoymercedes.com.ar\/principal\/wp-json\/wp\/v2\/media?parent=117238"}],"wp:term":[{"taxonomy":"category","embeddable":true,"href":"https:\/\/www.hoymercedes.com.ar\/principal\/wp-json\/wp\/v2\/categories?post=117238"},{"taxonomy":"post_tag","embeddable":true,"href":"https:\/\/www.hoymercedes.com.ar\/principal\/wp-json\/wp\/v2\/tags?post=117238"}],"curies":[{"name":"wp","href":"https:\/\/api.w.org\/{rel}","templated":true}]}}