{"id":117246,"date":"2020-09-21T12:50:12","date_gmt":"2020-09-21T15:50:12","guid":{"rendered":"http:\/\/www.hoymercedes.com.ar\/principal\/?p=117246"},"modified":"2020-09-21T19:44:56","modified_gmt":"2020-09-21T22:44:56","slug":"dia-del-jubilado-con-musica-arte-y-exposiciones-con-programa-especial-para-redes","status":"publish","type":"post","link":"https:\/\/www.hoymercedes.com.ar\/principal\/2020\/09\/21\/dia-del-jubilado-con-musica-arte-y-exposiciones-con-programa-especial-para-redes\/","title":{"rendered":"D\u00eda del Jubilado con m\u00fasica, arte y exposiciones con programa especial para redes"},"content":{"rendered":"\n<p>PAMI Mercedes conmemor\u00f3 el d\u00eda del Jubilado con un programa especial emitido por redes sociales. Ante la imposibilidad de hacerlo de manera presencial se eligi\u00f3 la virtualidad para generar diversos atractivos en formato televisivo para que pueda ser compartido en familia desde los dispositivos m\u00f3viles, pcs y tv. <\/p>\n\n\n\n<div class=\"wp-block-image\"><figure class=\"aligncenter size-large\"><img loading=\"lazy\" decoding=\"async\" width=\"800\" height=\"533\" data-attachment-id=\"117247\" data-permalink=\"https:\/\/www.hoymercedes.com.ar\/principal\/2020\/09\/21\/dia-del-jubilado-con-musica-arte-y-exposiciones-con-programa-especial-para-redes\/21-jubilados-pami\/#main\" data-orig-file=\"https:\/\/www.hoymercedes.com.ar\/principal\/wp-content\/uploads\/2020\/09\/21-jubilados-pami.jpeg\" data-orig-size=\"800,533\" data-comments-opened=\"0\" data-image-meta=\"{&quot;aperture&quot;:&quot;0&quot;,&quot;credit&quot;:&quot;&quot;,&quot;camera&quot;:&quot;&quot;,&quot;caption&quot;:&quot;&quot;,&quot;created_timestamp&quot;:&quot;0&quot;,&quot;copyright&quot;:&quot;&quot;,&quot;focal_length&quot;:&quot;0&quot;,&quot;iso&quot;:&quot;0&quot;,&quot;shutter_speed&quot;:&quot;0&quot;,&quot;title&quot;:&quot;&quot;,&quot;orientation&quot;:&quot;0&quot;}\" data-image-title=\"21 jubilados pami\" data-image-description=\"\" data-image-caption=\"\" data-large-file=\"https:\/\/www.hoymercedes.com.ar\/principal\/wp-content\/uploads\/2020\/09\/21-jubilados-pami.jpeg\" src=\"https:\/\/www.hoymercedes.com.ar\/principal\/wp-content\/uploads\/2020\/09\/21-jubilados-pami.jpeg\" alt=\"\" class=\"wp-image-117247\" srcset=\"https:\/\/www.hoymercedes.com.ar\/principal\/wp-content\/uploads\/2020\/09\/21-jubilados-pami.jpeg 800w, https:\/\/www.hoymercedes.com.ar\/principal\/wp-content\/uploads\/2020\/09\/21-jubilados-pami-630x420.jpeg 630w, https:\/\/www.hoymercedes.com.ar\/principal\/wp-content\/uploads\/2020\/09\/21-jubilados-pami-150x100.jpeg 150w, https:\/\/www.hoymercedes.com.ar\/principal\/wp-content\/uploads\/2020\/09\/21-jubilados-pami-700x465.jpeg 700w\" sizes=\"auto, (max-width: 800px) 100vw, 800px\" \/><\/figure><\/div>\n\n\n\n<p>\u201cEs para nosotros una manera de estar presentes, llevar entretenimiento y recordarles que su bienestar es una prioridad\u201d, dijo Santiago Altube, responsable de la Agencia PAMI local.<\/p>\n\n\n\n<p>\u201cNos hubiera gustado mucho poder encontrarnos, pero nuestros jubilados y jubiladas son personas de riesgo en el marco de esta grave pandemia que azota el pa\u00eds y el mundo\u201d afirm\u00f3 Altube y remarc\u00f3 \u201cpero no quer\u00edamos dejar pasar la jornada sin alguna expresi\u00f3n y fue as\u00ed que surgi\u00f3 la posibilidad de realizar junto a la Municipalidad de Mercedes una emisi\u00f3n con arte, m\u00fasica y volver a recordarle a nuestros jubilados y jubiladas los beneficios y cuidados que desde PAMI se brindan\u201d afirm\u00f3<\/p>\n\n\n\n<p>En la tarde del domingo se emiti\u00f3 por las redes sociales de la Municipalidad el especial que cont\u00f3 con m\u00fasica a trav\u00e9s de Fernanda Ottolini, pintura con Jorge Blanco y el acompa\u00f1amiento de Adultos Mayores con Victoria Odell. La obra del artista en los pr\u00f3ximos d\u00edas engalanar\u00e1 las dependencias de atenci\u00f3n al p\u00fablico de avenida 16 y 25.<\/p>\n\n\n\n<p>\u201cDeseamos pronto poder encontrarnos y tener las actividades que tanto nos agradan en los distintos centros de jubilados, los espacios p\u00fablicos, al aire libre, mientras tanto ratificamos nuestro compromiso por cuidar a cada jubilada y jubilado mercedino, sabiendo que nuestro presidente Alberto Fern\u00e1ndez sigue generando pol\u00edticas de Estado para protegerlos y acompa\u00f1arlos\u201d, destac\u00f3 el funcionario.<\/p>\n\n\n\n<p>Por Prensa Municipal<\/p>\n","protected":false},"excerpt":{"rendered":"<p>PAMI Mercedes conmemor\u00f3 el d\u00eda del Jubilado con un programa especial emitido por redes sociales. Ante la imposibilidad de hacerlo &#8230; <a title=\"D\u00eda del Jubilado con m\u00fasica, arte y exposiciones con programa especial para redes\" class=\"read-more\" href=\"https:\/\/www.hoymercedes.com.ar\/principal\/2020\/09\/21\/dia-del-jubilado-con-musica-arte-y-exposiciones-con-programa-especial-para-redes\/\" aria-label=\"Leer m\u00e1s sobre D\u00eda del Jubilado con m\u00fasica, arte y exposiciones con programa especial para redes\">Leer m\u00e1s<\/a><\/p>\n","protected":false},"author":1,"featured_media":117247,"comment_status":"closed","ping_status":"open","sticky":false,"template":"","format":"standard","meta":{"_monsterinsights_skip_tracking":false,"_monsterinsights_sitenote_active":false,"_monsterinsights_sitenote_note":"","_monsterinsights_sitenote_category":0,"jetpack_post_was_ever_published":false,"_jetpack_newsletter_access":"","_jetpack_dont_email_post_to_subs":false,"_jetpack_newsletter_tier_id":0,"_jetpack_memberships_contains_paywalled_content":false,"_jetpack_memberships_contains_paid_content":false,"footnotes":"","jetpack_publicize_message":"","jetpack_publicize_feature_enabled":true,"jetpack_social_post_already_shared":true,"jetpack_social_options":{"image_generator_settings":{"template":"highway","default_image_id":0,"font":"","enabled":false},"version":2},"_wpas_customize_per_network":false},"categories":[30],"tags":[2769,244],"class_list":["post-117246","post","type-post","status-publish","format-standard","has-post-thumbnail","hentry","category-municipio","tag-dia-del-jubilado","tag-municipio-2","generate-columns","tablet-grid-50","mobile-grid-100","grid-parent","grid-50"],"jetpack_publicize_connections":[],"jetpack_featured_media_url":"https:\/\/www.hoymercedes.com.ar\/principal\/wp-content\/uploads\/2020\/09\/21-jubilados-pami.jpeg","wps_subtitle":"Durante la tarde del domingo","jetpack_sharing_enabled":true,"_links":{"self":[{"href":"https:\/\/www.hoymercedes.com.ar\/principal\/wp-json\/wp\/v2\/posts\/117246","targetHints":{"allow":["GET"]}}],"collection":[{"href":"https:\/\/www.hoymercedes.com.ar\/principal\/wp-json\/wp\/v2\/posts"}],"about":[{"href":"https:\/\/www.hoymercedes.com.ar\/principal\/wp-json\/wp\/v2\/types\/post"}],"author":[{"embeddable":true,"href":"https:\/\/www.hoymercedes.com.ar\/principal\/wp-json\/wp\/v2\/users\/1"}],"replies":[{"embeddable":true,"href":"https:\/\/www.hoymercedes.com.ar\/principal\/wp-json\/wp\/v2\/comments?post=117246"}],"version-history":[{"count":0,"href":"https:\/\/www.hoymercedes.com.ar\/principal\/wp-json\/wp\/v2\/posts\/117246\/revisions"}],"wp:featuredmedia":[{"embeddable":true,"href":"https:\/\/www.hoymercedes.com.ar\/principal\/wp-json\/wp\/v2\/media\/117247"}],"wp:attachment":[{"href":"https:\/\/www.hoymercedes.com.ar\/principal\/wp-json\/wp\/v2\/media?parent=117246"}],"wp:term":[{"taxonomy":"category","embeddable":true,"href":"https:\/\/www.hoymercedes.com.ar\/principal\/wp-json\/wp\/v2\/categories?post=117246"},{"taxonomy":"post_tag","embeddable":true,"href":"https:\/\/www.hoymercedes.com.ar\/principal\/wp-json\/wp\/v2\/tags?post=117246"}],"curies":[{"name":"wp","href":"https:\/\/api.w.org\/{rel}","templated":true}]}}