{"id":117270,"date":"2020-09-21T20:05:43","date_gmt":"2020-09-21T23:05:43","guid":{"rendered":"http:\/\/www.hoymercedes.com.ar\/principal\/?p=117270"},"modified":"2020-09-21T22:25:21","modified_gmt":"2020-09-22T01:25:21","slug":"destacan-que-en-mercedes-no-hay-nuevas-tomas","status":"publish","type":"post","link":"https:\/\/www.hoymercedes.com.ar\/principal\/2020\/09\/21\/destacan-que-en-mercedes-no-hay-nuevas-tomas\/","title":{"rendered":"Destacan que \u00abEn Mercedes no hay nuevas tomas\u00bb"},"content":{"rendered":"\n<figure class=\"wp-block-image size-large\"><img loading=\"lazy\" decoding=\"async\" width=\"1024\" height=\"576\" data-attachment-id=\"117271\" data-permalink=\"https:\/\/www.hoymercedes.com.ar\/principal\/2020\/09\/21\/destacan-que-en-mercedes-no-hay-nuevas-tomas\/attachment\/380\/#main\" data-orig-file=\"https:\/\/www.hoymercedes.com.ar\/principal\/wp-content\/uploads\/2020\/09\/380.jpeg\" data-orig-size=\"1280,720\" data-comments-opened=\"0\" data-image-meta=\"{&quot;aperture&quot;:&quot;0&quot;,&quot;credit&quot;:&quot;&quot;,&quot;camera&quot;:&quot;&quot;,&quot;caption&quot;:&quot;&quot;,&quot;created_timestamp&quot;:&quot;0&quot;,&quot;copyright&quot;:&quot;&quot;,&quot;focal_length&quot;:&quot;0&quot;,&quot;iso&quot;:&quot;0&quot;,&quot;shutter_speed&quot;:&quot;0&quot;,&quot;title&quot;:&quot;&quot;,&quot;orientation&quot;:&quot;0&quot;}\" data-image-title=\"380\" data-image-description=\"\" data-image-caption=\"\" data-large-file=\"https:\/\/www.hoymercedes.com.ar\/principal\/wp-content\/uploads\/2020\/09\/380-1024x576.jpeg\" src=\"https:\/\/www.hoymercedes.com.ar\/principal\/wp-content\/uploads\/2020\/09\/380-1024x576.jpeg\" alt=\"\" class=\"wp-image-117271\" srcset=\"https:\/\/www.hoymercedes.com.ar\/principal\/wp-content\/uploads\/2020\/09\/380-1024x576.jpeg 1024w, https:\/\/www.hoymercedes.com.ar\/principal\/wp-content\/uploads\/2020\/09\/380-630x354.jpeg 630w, https:\/\/www.hoymercedes.com.ar\/principal\/wp-content\/uploads\/2020\/09\/380-150x84.jpeg 150w, https:\/\/www.hoymercedes.com.ar\/principal\/wp-content\/uploads\/2020\/09\/380.jpeg 1280w\" sizes=\"auto, (max-width: 1024px) 100vw, 1024px\" \/><\/figure>\n\n\n\n<p>Tras la convocatoria efectuada por el jefe comunal se llev\u00f3 a cabo un encuentro con el eje puesto en la pol\u00edtica de tierras desarrollada por la municipalidad. Participaron colegios de profesionales, concejales, funcionarios y representantes de la justicia. El pasado viernes Ustarroz hab\u00eda anunciado la convocatoria a los distintos actores sociales con el objetivo de coordinar acciones y recibir cualquier informaci\u00f3n que puedan tener sobre usurpaciones, cuesti\u00f3n que finalmente no sucedi\u00f3 ratific\u00e1ndose el posicionamiento comunal sobra la inexistencia de nuevas ocupaciones ilegales.<\/p>\n\n\n\n<p><strong>Reuni\u00f3n<\/strong><\/p>\n\n\n\n<p>La reuni\u00f3n cont\u00f3 con la presencia del Colegio de Escribanos, de Agrimensores, de Martilleros, de Magistrados y Funcionarios Judiciales, de Fiscal\u00eda, de Juntos por el Cambio, Partido Fe, Frente de Todos, la Sub Secretar\u00eda de Tierras, Secretar\u00eda de Gobierno y Presidencia del Concejo Deliberante.<\/p>\n\n\n\n<p><strong>Sin novedades<\/strong><\/p>\n\n\n\n<p>En el encuentro no hubo exposici\u00f3n de datos sobre nuevas tomas, por el contrario, prim\u00f3 un acompa\u00f1amiento de lo expresado por la Municipalidad y se ratific\u00f3 el trabajo de identificaci\u00f3n y censo de las existentes desde hace muchos a\u00f1os. Tambi\u00e9n qued\u00f3 nuevamente corroborado que las tres tomas que se produjeron desde 2015 a 2020 fueron desmanteladas entre el municipio, la justicia y la polic\u00eda, siendo estas en 26 y 6, en barrio Ravello y en 20 y 59, siendo estas \u00faltimas de orden privado.<\/p>\n\n\n\n<p><strong>En conjunto<\/strong><\/p>\n\n\n\n<p>Otro punto confirmado fue que mediante un trabajo en conjunto con diversas instituciones se logr\u00f3 recuperar terrenos, como ser en 29 y 6 junto al Juzgado Federal, en barrio Ravello en conjunto con el sector privado y la justicia provincial y la Estaci\u00f3n de Altamira promovido por los vecinos a trav\u00e9s de la Sociedad de Fomento.<\/p>\n\n\n\n<p><strong>Tierras<\/strong><\/p>\n\n\n\n<p>La cuesti\u00f3n de los sorteos del programa Mi Terreno fue un aspecto tratado, dejando de manifiesto que quien eventualmente participe de una toma queda inmediatamente afuera de poder anotarse o si se anot\u00f3 se le quita de los listados. El hecho de contar con un plan de h\u00e1bitat sin duda desanima y afirma las pol\u00edticas de Estado en beneficio de los vecinos.<\/p>\n\n\n\n<p><strong>Propuesta<\/strong><\/p>\n\n\n\n<p>Antes de finalizar el jefe comunal propuso armar una mesa de trabajo con concejales de todos los partidos pol\u00edticos respecto a la ordenanza modificada d\u00edas atr\u00e1s sobre la cual se pretende seguir perfeccion\u00e1ndola y, por ello, tambi\u00e9n podr\u00eda tenerse como espacios de consulta a los Colegios Profesionales.<\/p>\n","protected":false},"excerpt":{"rendered":"<p>Tras la convocatoria efectuada por el jefe comunal se llev\u00f3 a cabo un encuentro con el eje puesto en la &#8230; <a title=\"Destacan que \u00abEn Mercedes no hay nuevas tomas\u00bb\" class=\"read-more\" href=\"https:\/\/www.hoymercedes.com.ar\/principal\/2020\/09\/21\/destacan-que-en-mercedes-no-hay-nuevas-tomas\/\" aria-label=\"Leer m\u00e1s sobre Destacan que \u00abEn Mercedes no hay nuevas tomas\u00bb\">Leer m\u00e1s<\/a><\/p>\n","protected":false},"author":1,"featured_media":117271,"comment_status":"closed","ping_status":"open","sticky":false,"template":"","format":"standard","meta":{"_monsterinsights_skip_tracking":false,"_monsterinsights_sitenote_active":false,"_monsterinsights_sitenote_note":"","_monsterinsights_sitenote_category":0,"jetpack_post_was_ever_published":false,"_jetpack_newsletter_access":"","_jetpack_dont_email_post_to_subs":false,"_jetpack_newsletter_tier_id":0,"_jetpack_memberships_contains_paywalled_content":false,"_jetpack_memberships_contains_paid_content":false,"footnotes":"","jetpack_publicize_message":"","jetpack_publicize_feature_enabled":true,"jetpack_social_post_already_shared":true,"jetpack_social_options":{"image_generator_settings":{"template":"highway","default_image_id":0,"font":"","enabled":false},"version":2},"_wpas_customize_per_network":false},"categories":[30],"tags":[8851],"class_list":["post-117270","post","type-post","status-publish","format-standard","has-post-thumbnail","hentry","category-municipio","tag-usurpaciones","generate-columns","tablet-grid-50","mobile-grid-100","grid-parent","grid-50"],"jetpack_publicize_connections":[],"jetpack_featured_media_url":"https:\/\/www.hoymercedes.com.ar\/principal\/wp-content\/uploads\/2020\/09\/380.jpeg","wps_subtitle":"","jetpack_sharing_enabled":true,"_links":{"self":[{"href":"https:\/\/www.hoymercedes.com.ar\/principal\/wp-json\/wp\/v2\/posts\/117270","targetHints":{"allow":["GET"]}}],"collection":[{"href":"https:\/\/www.hoymercedes.com.ar\/principal\/wp-json\/wp\/v2\/posts"}],"about":[{"href":"https:\/\/www.hoymercedes.com.ar\/principal\/wp-json\/wp\/v2\/types\/post"}],"author":[{"embeddable":true,"href":"https:\/\/www.hoymercedes.com.ar\/principal\/wp-json\/wp\/v2\/users\/1"}],"replies":[{"embeddable":true,"href":"https:\/\/www.hoymercedes.com.ar\/principal\/wp-json\/wp\/v2\/comments?post=117270"}],"version-history":[{"count":0,"href":"https:\/\/www.hoymercedes.com.ar\/principal\/wp-json\/wp\/v2\/posts\/117270\/revisions"}],"wp:featuredmedia":[{"embeddable":true,"href":"https:\/\/www.hoymercedes.com.ar\/principal\/wp-json\/wp\/v2\/media\/117271"}],"wp:attachment":[{"href":"https:\/\/www.hoymercedes.com.ar\/principal\/wp-json\/wp\/v2\/media?parent=117270"}],"wp:term":[{"taxonomy":"category","embeddable":true,"href":"https:\/\/www.hoymercedes.com.ar\/principal\/wp-json\/wp\/v2\/categories?post=117270"},{"taxonomy":"post_tag","embeddable":true,"href":"https:\/\/www.hoymercedes.com.ar\/principal\/wp-json\/wp\/v2\/tags?post=117270"}],"curies":[{"name":"wp","href":"https:\/\/api.w.org\/{rel}","templated":true}]}}