{"id":117296,"date":"2020-09-22T10:11:25","date_gmt":"2020-09-22T13:11:25","guid":{"rendered":"http:\/\/www.hoymercedes.com.ar\/principal\/?p=117296"},"modified":"2020-09-22T18:43:05","modified_gmt":"2020-09-22T21:43:05","slug":"jornada-de-lucha-de-trabajadores-de-la-salud","status":"publish","type":"post","link":"https:\/\/www.hoymercedes.com.ar\/principal\/2020\/09\/22\/jornada-de-lucha-de-trabajadores-de-la-salud\/","title":{"rendered":"Jornada de lucha de trabajadores de la salud"},"content":{"rendered":"\n<p>En el D\u00eda de la Sanidad, los profesionales que luchan contra el Covid-19 pidieron m\u00e1s solidaridad y pol\u00edticas p\u00fablicas para el sector. \u00abQueremos cuidarte, para eso el Estado y la poblaci\u00f3n tienen que cuidarnos a nosotros\u00bb, explicaron.<\/p>\n\n\n\n<p>Video<\/p>\n\n\n\n<figure class=\"wp-block-video aligncenter\"><video height=\"640\" style=\"aspect-ratio: 512 \/ 640;\" width=\"512\" controls src=\"https:\/\/www.hoymercedes.com.ar\/principal\/wp-content\/uploads\/2020\/09\/twitter_20200922_002348.mp4\"><\/video><\/figure>\n\n\n\n<p>M\u00e9dicos, enfermeros, trabajadores de administraci\u00f3n de distintos hospitales de la provincia de Buenos Aires participaron de este pedido de solidaridad. Entre ellos se ven algunos de los profesionales de la salud del Hospital Blas L. Dubarry. \u00abQueremos cuidarte, para eso el Estado y la poblaci\u00f3n tienen que cuidarnos a nosotros\u00bb, reclaman y exigen pol\u00edticas p\u00fablicas que atiendan las necesidades y mejoren las condiciones laborales del sector.<\/p>\n\n\n\n<p>Al 14 de septiembre, las cifras oficiales indicaban que ascend\u00edan a 19.285 el n\u00famero de trabajadorxs de la salud contagiadxs en la provincia de Buenos Aires, as\u00ed como son 90 lxs fallecidxs al 17 del mismo mes.<\/p>\n\n\n\n<p>Fuente: Infonews<\/p>\n","protected":false},"excerpt":{"rendered":"<p>En el D\u00eda de la Sanidad, los profesionales que luchan contra el Covid-19 pidieron m\u00e1s solidaridad y pol\u00edticas p\u00fablicas para &#8230; <a title=\"Jornada de lucha de trabajadores de la salud\" class=\"read-more\" href=\"https:\/\/www.hoymercedes.com.ar\/principal\/2020\/09\/22\/jornada-de-lucha-de-trabajadores-de-la-salud\/\" aria-label=\"Leer m\u00e1s sobre Jornada de lucha de trabajadores de la salud\">Leer m\u00e1s<\/a><\/p>\n","protected":false},"author":5,"featured_media":117304,"comment_status":"closed","ping_status":"open","sticky":false,"template":"","format":"standard","meta":{"_monsterinsights_skip_tracking":false,"_monsterinsights_sitenote_active":false,"_monsterinsights_sitenote_note":"","_monsterinsights_sitenote_category":0,"jetpack_post_was_ever_published":false,"_jetpack_newsletter_access":"","_jetpack_dont_email_post_to_subs":false,"_jetpack_newsletter_tier_id":0,"_jetpack_memberships_contains_paywalled_content":false,"_jetpack_memberships_contains_paid_content":false,"footnotes":"","jetpack_publicize_message":"","jetpack_publicize_feature_enabled":true,"jetpack_social_post_already_shared":true,"jetpack_social_options":{"image_generator_settings":{"template":"highway","default_image_id":0,"font":"","enabled":false},"version":2},"_wpas_customize_per_network":false},"categories":[10563],"tags":[8799,17119,134],"class_list":["post-117296","post","type-post","status-publish","format-standard","has-post-thumbnail","hentry","category-gremios-sindicatos","tag-gremios","tag-lucha","tag-salud","generate-columns","tablet-grid-50","mobile-grid-100","grid-parent","grid-50"],"jetpack_publicize_connections":[],"jetpack_featured_media_url":"https:\/\/www.hoymercedes.com.ar\/principal\/wp-content\/uploads\/2020\/09\/22-salud-cicop.jpg","wps_subtitle":"Reclamo en el d\u00eda de la sanidad","jetpack_sharing_enabled":true,"_links":{"self":[{"href":"https:\/\/www.hoymercedes.com.ar\/principal\/wp-json\/wp\/v2\/posts\/117296","targetHints":{"allow":["GET"]}}],"collection":[{"href":"https:\/\/www.hoymercedes.com.ar\/principal\/wp-json\/wp\/v2\/posts"}],"about":[{"href":"https:\/\/www.hoymercedes.com.ar\/principal\/wp-json\/wp\/v2\/types\/post"}],"author":[{"embeddable":true,"href":"https:\/\/www.hoymercedes.com.ar\/principal\/wp-json\/wp\/v2\/users\/5"}],"replies":[{"embeddable":true,"href":"https:\/\/www.hoymercedes.com.ar\/principal\/wp-json\/wp\/v2\/comments?post=117296"}],"version-history":[{"count":0,"href":"https:\/\/www.hoymercedes.com.ar\/principal\/wp-json\/wp\/v2\/posts\/117296\/revisions"}],"wp:featuredmedia":[{"embeddable":true,"href":"https:\/\/www.hoymercedes.com.ar\/principal\/wp-json\/wp\/v2\/media\/117304"}],"wp:attachment":[{"href":"https:\/\/www.hoymercedes.com.ar\/principal\/wp-json\/wp\/v2\/media?parent=117296"}],"wp:term":[{"taxonomy":"category","embeddable":true,"href":"https:\/\/www.hoymercedes.com.ar\/principal\/wp-json\/wp\/v2\/categories?post=117296"},{"taxonomy":"post_tag","embeddable":true,"href":"https:\/\/www.hoymercedes.com.ar\/principal\/wp-json\/wp\/v2\/tags?post=117296"}],"curies":[{"name":"wp","href":"https:\/\/api.w.org\/{rel}","templated":true}]}}