{"id":117320,"date":"2020-09-22T15:01:10","date_gmt":"2020-09-22T18:01:10","guid":{"rendered":"http:\/\/www.hoymercedes.com.ar\/principal\/?p=117320"},"modified":"2020-09-22T18:24:26","modified_gmt":"2020-09-22T21:24:26","slug":"mas-de-400-libros-repartio-la-biblioteca-sarmiento","status":"publish","type":"post","link":"https:\/\/www.hoymercedes.com.ar\/principal\/2020\/09\/22\/mas-de-400-libros-repartio-la-biblioteca-sarmiento\/","title":{"rendered":"M\u00e1s de 400 libros reparti\u00f3 la Biblioteca Sarmiento"},"content":{"rendered":"\n<p>Por TeCleArte &#8211; En el marco de la acci\u00f3n de difusi\u00f3n de la lectura que llev\u00f3 adelante la Biblioteca Sarmiento de Mercedes regalando libros para que los vecinos lean en sus casas, la instituci\u00f3n entreg\u00f3 m\u00e1s de 400 libros entre novelas y de cuentos, as\u00ed como algunos de difusi\u00f3n cient\u00edfica y revistas.<\/p>\n\n\n\n<div class=\"wp-block-image\"><figure class=\"aligncenter size-large\"><img loading=\"lazy\" decoding=\"async\" width=\"798\" height=\"532\" data-attachment-id=\"117321\" data-permalink=\"https:\/\/www.hoymercedes.com.ar\/principal\/2020\/09\/22\/mas-de-400-libros-repartio-la-biblioteca-sarmiento\/22-biblioteca-1\/#main\" data-orig-file=\"https:\/\/www.hoymercedes.com.ar\/principal\/wp-content\/uploads\/2020\/09\/22-biblioteca-1.jpg\" data-orig-size=\"798,532\" data-comments-opened=\"0\" data-image-meta=\"{&quot;aperture&quot;:&quot;2&quot;,&quot;credit&quot;:&quot;&quot;,&quot;camera&quot;:&quot;Moto G (5S) Plus&quot;,&quot;caption&quot;:&quot;&quot;,&quot;created_timestamp&quot;:&quot;1600687817&quot;,&quot;copyright&quot;:&quot;&quot;,&quot;focal_length&quot;:&quot;3.59&quot;,&quot;iso&quot;:&quot;165&quot;,&quot;shutter_speed&quot;:&quot;0.03030303030303&quot;,&quot;title&quot;:&quot;&quot;,&quot;orientation&quot;:&quot;1&quot;}\" data-image-title=\"22 biblioteca 1\" data-image-description=\"\" data-image-caption=\"\" data-large-file=\"https:\/\/www.hoymercedes.com.ar\/principal\/wp-content\/uploads\/2020\/09\/22-biblioteca-1.jpg\" src=\"https:\/\/www.hoymercedes.com.ar\/principal\/wp-content\/uploads\/2020\/09\/22-biblioteca-1.jpg\" alt=\"\" class=\"wp-image-117321\" srcset=\"https:\/\/www.hoymercedes.com.ar\/principal\/wp-content\/uploads\/2020\/09\/22-biblioteca-1.jpg 798w, https:\/\/www.hoymercedes.com.ar\/principal\/wp-content\/uploads\/2020\/09\/22-biblioteca-1-630x420.jpg 630w, https:\/\/www.hoymercedes.com.ar\/principal\/wp-content\/uploads\/2020\/09\/22-biblioteca-1-150x100.jpg 150w\" sizes=\"auto, (max-width: 798px) 100vw, 798px\" \/><\/figure><\/div>\n\n\n\n<p>En la puerta de la Biblioteca, sobre la vereda de la Avenida 29, la cola se formaba de a poco, pero tambi\u00e9n, algunos comerciantes se comunicaron para que una caja con libros se distribuyan en distintos puntos de la ciudad.<\/p>\n\n\n\n<p>Es as\u00ed como cada uno de los integrantes de la comisi\u00f3n directiva entreg\u00f3 en sus barrios y la instituci\u00f3n entreg\u00f3 por intermedio de Red Solidaria una caja para el Anexo Femenino de la Unidad &nbsp;Penitenciaria N\u00b0 &nbsp;5 de Mercedes.<\/p>\n\n\n\n<p>\u00abNo pens\u00e1bamos que \u00edbamos a tener tanta repercusi\u00f3n\u00bb dijo Leonor Ocampo presidenta de la Comisi\u00f3n Directiva de la Biblioteca. Mientras, una de las colaboradoras repon\u00eda los libros ofertados en la mesa instalada en la puerta de ingreso de la centenaria instituci\u00f3n.<\/p>\n\n\n\n<p>\u201cLa biblioteca tiene m\u00e1s de 200.000 libros, de los cuales solo una porci\u00f3n esta inventariada. La idea es optimizar los registros. Esta acci\u00f3n tiene que ver con esa b\u00fasqueda de ordenamiento\u201d, agreg\u00f3 la representante de la Biblioteca Sarmiento que el \u00faltimo 4 de septiembre cumpli\u00f3 133 a\u00f1os.\u00a0 \u00a0<\/p>\n\n\n\n<div class=\"wp-block-image\"><figure class=\"aligncenter size-large\"><img loading=\"lazy\" decoding=\"async\" width=\"800\" height=\"533\" data-attachment-id=\"117322\" data-permalink=\"https:\/\/www.hoymercedes.com.ar\/principal\/2020\/09\/22\/mas-de-400-libros-repartio-la-biblioteca-sarmiento\/22-biblioteca-2\/#main\" data-orig-file=\"https:\/\/www.hoymercedes.com.ar\/principal\/wp-content\/uploads\/2020\/09\/22-biblioteca-2.jpg\" data-orig-size=\"800,533\" data-comments-opened=\"0\" data-image-meta=\"{&quot;aperture&quot;:&quot;2&quot;,&quot;credit&quot;:&quot;&quot;,&quot;camera&quot;:&quot;Moto G (5S) Plus&quot;,&quot;caption&quot;:&quot;&quot;,&quot;created_timestamp&quot;:&quot;1600699515&quot;,&quot;copyright&quot;:&quot;&quot;,&quot;focal_length&quot;:&quot;3.59&quot;,&quot;iso&quot;:&quot;100&quot;,&quot;shutter_speed&quot;:&quot;0.0010460251046025&quot;,&quot;title&quot;:&quot;&quot;,&quot;orientation&quot;:&quot;1&quot;}\" data-image-title=\"22 biblioteca 2\" data-image-description=\"\" data-image-caption=\"\" data-large-file=\"https:\/\/www.hoymercedes.com.ar\/principal\/wp-content\/uploads\/2020\/09\/22-biblioteca-2.jpg\" src=\"https:\/\/www.hoymercedes.com.ar\/principal\/wp-content\/uploads\/2020\/09\/22-biblioteca-2.jpg\" alt=\"\" class=\"wp-image-117322\" srcset=\"https:\/\/www.hoymercedes.com.ar\/principal\/wp-content\/uploads\/2020\/09\/22-biblioteca-2.jpg 800w, https:\/\/www.hoymercedes.com.ar\/principal\/wp-content\/uploads\/2020\/09\/22-biblioteca-2-630x420.jpg 630w, https:\/\/www.hoymercedes.com.ar\/principal\/wp-content\/uploads\/2020\/09\/22-biblioteca-2-150x100.jpg 150w, https:\/\/www.hoymercedes.com.ar\/principal\/wp-content\/uploads\/2020\/09\/22-biblioteca-2-700x465.jpg 700w\" sizes=\"auto, (max-width: 800px) 100vw, 800px\" \/><\/figure><\/div>\n","protected":false},"excerpt":{"rendered":"<p>Por TeCleArte &#8211; En el marco de la acci\u00f3n de difusi\u00f3n de la lectura que llev\u00f3 adelante la Biblioteca Sarmiento &#8230; <a title=\"M\u00e1s de 400 libros reparti\u00f3 la Biblioteca Sarmiento\" class=\"read-more\" href=\"https:\/\/www.hoymercedes.com.ar\/principal\/2020\/09\/22\/mas-de-400-libros-repartio-la-biblioteca-sarmiento\/\" aria-label=\"Leer m\u00e1s sobre M\u00e1s de 400 libros reparti\u00f3 la Biblioteca Sarmiento\">Leer m\u00e1s<\/a><\/p>\n","protected":false},"author":1,"featured_media":117322,"comment_status":"closed","ping_status":"open","sticky":false,"template":"","format":"standard","meta":{"_monsterinsights_skip_tracking":false,"_monsterinsights_sitenote_active":false,"_monsterinsights_sitenote_note":"","_monsterinsights_sitenote_category":0,"jetpack_post_was_ever_published":false,"_jetpack_newsletter_access":"","_jetpack_dont_email_post_to_subs":false,"_jetpack_newsletter_tier_id":0,"_jetpack_memberships_contains_paywalled_content":false,"_jetpack_memberships_contains_paid_content":false,"footnotes":"","jetpack_publicize_message":"","jetpack_publicize_feature_enabled":true,"jetpack_social_post_already_shared":true,"jetpack_social_options":{"image_generator_settings":{"template":"highway","default_image_id":0,"font":"","enabled":false},"version":2},"_wpas_customize_per_network":false},"categories":[104],"tags":[3066,7805,17115,17116],"class_list":["post-117320","post","type-post","status-publish","format-standard","has-post-thumbnail","hentry","category-cultura","tag-biblioteca-sarmiento","tag-cultura","tag-entrega-de-libros","tag-suelta-de-libros","generate-columns","tablet-grid-50","mobile-grid-100","grid-parent","grid-50"],"jetpack_publicize_connections":[],"jetpack_featured_media_url":"https:\/\/www.hoymercedes.com.ar\/principal\/wp-content\/uploads\/2020\/09\/22-biblioteca-2.jpg","wps_subtitle":"En la jornada del lunes","jetpack_sharing_enabled":true,"_links":{"self":[{"href":"https:\/\/www.hoymercedes.com.ar\/principal\/wp-json\/wp\/v2\/posts\/117320","targetHints":{"allow":["GET"]}}],"collection":[{"href":"https:\/\/www.hoymercedes.com.ar\/principal\/wp-json\/wp\/v2\/posts"}],"about":[{"href":"https:\/\/www.hoymercedes.com.ar\/principal\/wp-json\/wp\/v2\/types\/post"}],"author":[{"embeddable":true,"href":"https:\/\/www.hoymercedes.com.ar\/principal\/wp-json\/wp\/v2\/users\/1"}],"replies":[{"embeddable":true,"href":"https:\/\/www.hoymercedes.com.ar\/principal\/wp-json\/wp\/v2\/comments?post=117320"}],"version-history":[{"count":0,"href":"https:\/\/www.hoymercedes.com.ar\/principal\/wp-json\/wp\/v2\/posts\/117320\/revisions"}],"wp:featuredmedia":[{"embeddable":true,"href":"https:\/\/www.hoymercedes.com.ar\/principal\/wp-json\/wp\/v2\/media\/117322"}],"wp:attachment":[{"href":"https:\/\/www.hoymercedes.com.ar\/principal\/wp-json\/wp\/v2\/media?parent=117320"}],"wp:term":[{"taxonomy":"category","embeddable":true,"href":"https:\/\/www.hoymercedes.com.ar\/principal\/wp-json\/wp\/v2\/categories?post=117320"},{"taxonomy":"post_tag","embeddable":true,"href":"https:\/\/www.hoymercedes.com.ar\/principal\/wp-json\/wp\/v2\/tags?post=117320"}],"curies":[{"name":"wp","href":"https:\/\/api.w.org\/{rel}","templated":true}]}}