{"id":117327,"date":"2020-09-22T18:39:29","date_gmt":"2020-09-22T21:39:29","guid":{"rendered":"http:\/\/www.hoymercedes.com.ar\/principal\/?p=117327"},"modified":"2020-09-22T18:41:46","modified_gmt":"2020-09-22T21:41:46","slug":"un-detenido-por-tentativa-de-homicidio","status":"publish","type":"post","link":"https:\/\/www.hoymercedes.com.ar\/principal\/2020\/09\/22\/un-detenido-por-tentativa-de-homicidio\/","title":{"rendered":"Un detenido por tentativa de homicidio"},"content":{"rendered":"\n<p>El 11 de septiembre, en horas de la tarde, un vecino de Palo Borracho entre Los&nbsp; Lirios y Los Claveles de la localidad de Luj\u00e1n (B),&nbsp; junto a sus familiares fueron agredidos verbalmente y amenazados por varios sujetos, siendo que uno de ellos ataca al padre de la v\u00edctima (de 56 a\u00f1os) con una horquilla&nbsp; provoc\u00e1ndole lesi\u00f3n en el ojo izquierdo, p\u00f3mulo derecho y cuero cabelludo mientras lo amenazaba de muerte.<\/p>\n\n\n\n<p>La reyerta continu\u00f3 y las v\u00edctimas fueron agredidas a piedrazos, recibiendo varias lesiones, hasta que pudieron salir del lugar.<\/p>\n\n\n\n<p>Adem\u00e1s, los atacantes, en esas circunstancias aprovecharon la ocasi\u00f3n para sustraerle al damnificado una mochila con dinero y documentaci\u00f3n.<\/p>\n\n\n\n<p>La denuncia recay\u00f3 en la UFI N\u00b0 10\u2013 a cargo de la Dra. Mar\u00eda Laura Cordiviola- desde la cual se hicieron las actuaciones correspondientes por los delitos&nbsp; antes mencionados.<\/p>\n\n\n\n<p>Tras recabar diversos elementos de inter\u00e9s para la investigaci\u00f3n, se solicit\u00f3 por ante el Juzgado de Garant\u00edas N\u00ba 3 \u2013 a cargo interinamente del Dr. Facundo Oliva \u2013 una orden de allanamiento para una vivienda del Barrio Santa Marta de la ciudad de Luj\u00e1n, y \u00f3rdenes de detenci\u00f3n para varias personas que podr\u00edan estar vinculadas al hecho delictivo. El magistrado, en principio, concedi\u00f3 la orden de allanamiento y la detenci\u00f3n de un sujeto de 18 a\u00f1os, por resultar probable autor del delito de homicidio simple en grado de tentativa y coautor del delito de hurto simple. Los procedimientos se ejecutaron en la jornada de este lunes 21 de septiembre.<\/p>\n\n\n\n<p>El aprehendido compareci\u00f3 este martes 22 ante la agente fiscal a cargo en el marco de la audiencia de declaraci\u00f3n en los t\u00e9rminos del art. 308 del C\u00f3digo Procesal Penal por \u201cRobo agravado por su comisi\u00f3n en poblado y en banda\u201d, \u201cHomicidio simple en grado de tentativa y robo agravado por el uso de arma y su comisi\u00f3n en poblado y en banda\u201d.<\/p>\n\n\n\n<p>Vale destacar, que adem\u00e1s est\u00e1 imputado por la comisi\u00f3n de un robo en un comercio del rubro verduler\u00eda el 22 de abril de 2020, junto a otros sujetos, previo intimidar a la trabajadora del lugar para hacerse de una suma de dinero y darse a la fuga a bordo de un motoveh\u00edculo.<\/p>\n\n\n\n<p>Fuente: Ministerio P\u00fablico Fiscal &#8211; Depto Judicial Mercedes<\/p>\n","protected":false},"excerpt":{"rendered":"<p>El 11 de septiembre, en horas de la tarde, un vecino de Palo Borracho entre Los&nbsp; Lirios y Los Claveles &#8230; <a title=\"Un detenido por tentativa de homicidio\" class=\"read-more\" href=\"https:\/\/www.hoymercedes.com.ar\/principal\/2020\/09\/22\/un-detenido-por-tentativa-de-homicidio\/\" aria-label=\"Leer m\u00e1s sobre Un detenido por tentativa de homicidio\">Leer m\u00e1s<\/a><\/p>\n","protected":false},"author":1,"featured_media":103175,"comment_status":"closed","ping_status":"open","sticky":false,"template":"","format":"standard","meta":{"_monsterinsights_skip_tracking":false,"_monsterinsights_sitenote_active":false,"_monsterinsights_sitenote_note":"","_monsterinsights_sitenote_category":0,"jetpack_post_was_ever_published":false,"_jetpack_newsletter_access":"","_jetpack_dont_email_post_to_subs":false,"_jetpack_newsletter_tier_id":0,"_jetpack_memberships_contains_paywalled_content":false,"_jetpack_memberships_contains_paid_content":false,"footnotes":"","jetpack_publicize_message":"","jetpack_publicize_feature_enabled":true,"jetpack_social_post_already_shared":true,"jetpack_social_options":{"image_generator_settings":{"template":"highway","default_image_id":0,"font":"","enabled":false},"version":2},"_wpas_customize_per_network":false},"categories":[85],"tags":[86,96,1057],"class_list":["post-117327","post","type-post","status-publish","format-standard","has-post-thumbnail","hentry","category-policial","tag-lujan","tag-policial-2","tag-regional","generate-columns","tablet-grid-50","mobile-grid-100","grid-parent","grid-50"],"jetpack_publicize_connections":[],"jetpack_featured_media_url":"https:\/\/www.hoymercedes.com.ar\/principal\/wp-content\/uploads\/2019\/11\/29-policial-lujan.jpg","wps_subtitle":"Informaci\u00f3n regional","jetpack_sharing_enabled":true,"_links":{"self":[{"href":"https:\/\/www.hoymercedes.com.ar\/principal\/wp-json\/wp\/v2\/posts\/117327","targetHints":{"allow":["GET"]}}],"collection":[{"href":"https:\/\/www.hoymercedes.com.ar\/principal\/wp-json\/wp\/v2\/posts"}],"about":[{"href":"https:\/\/www.hoymercedes.com.ar\/principal\/wp-json\/wp\/v2\/types\/post"}],"author":[{"embeddable":true,"href":"https:\/\/www.hoymercedes.com.ar\/principal\/wp-json\/wp\/v2\/users\/1"}],"replies":[{"embeddable":true,"href":"https:\/\/www.hoymercedes.com.ar\/principal\/wp-json\/wp\/v2\/comments?post=117327"}],"version-history":[{"count":0,"href":"https:\/\/www.hoymercedes.com.ar\/principal\/wp-json\/wp\/v2\/posts\/117327\/revisions"}],"wp:featuredmedia":[{"embeddable":true,"href":"https:\/\/www.hoymercedes.com.ar\/principal\/wp-json\/wp\/v2\/media\/103175"}],"wp:attachment":[{"href":"https:\/\/www.hoymercedes.com.ar\/principal\/wp-json\/wp\/v2\/media?parent=117327"}],"wp:term":[{"taxonomy":"category","embeddable":true,"href":"https:\/\/www.hoymercedes.com.ar\/principal\/wp-json\/wp\/v2\/categories?post=117327"},{"taxonomy":"post_tag","embeddable":true,"href":"https:\/\/www.hoymercedes.com.ar\/principal\/wp-json\/wp\/v2\/tags?post=117327"}],"curies":[{"name":"wp","href":"https:\/\/api.w.org\/{rel}","templated":true}]}}