{"id":117339,"date":"2020-09-22T22:22:18","date_gmt":"2020-09-23T01:22:18","guid":{"rendered":"http:\/\/www.hoymercedes.com.ar\/principal\/?p=117339"},"modified":"2020-09-23T12:13:05","modified_gmt":"2020-09-23T15:13:05","slug":"coronavirus-de-78-test-fueron-positivos-23-para-mercedes","status":"publish","type":"post","link":"https:\/\/www.hoymercedes.com.ar\/principal\/2020\/09\/22\/coronavirus-de-78-test-fueron-positivos-23-para-mercedes\/","title":{"rendered":"Coronavirus: De 78 test fueron positivos 23 para Mercedes"},"content":{"rendered":"\n<p>Este martes, la informaci\u00f3n oficial de Mercedes confirma 23 positivos de covid-19 m\u00e1s de acuerdo a los an\u00e1lisis realizados por el Laboratorio del Hospital Dubarry. Desde la llegada de la pandemia a la ciudad, se confirmaron 997 pacientes con el virus SARS-cov2, de ellos, 187 tienen el virus activo de acuerdo a las autoridades sanitarias. <\/p>\n\n\n\n<div class=\"wp-block-image\"><figure class=\"aligncenter size-large\"><img loading=\"lazy\" decoding=\"async\" width=\"800\" height=\"800\" data-attachment-id=\"117340\" data-permalink=\"https:\/\/www.hoymercedes.com.ar\/principal\/2020\/09\/22\/coronavirus-de-78-test-fueron-positivos-23-para-mercedes\/whatsapp-image-2020-09-22-at-22-03-18\/#main\" data-orig-file=\"https:\/\/www.hoymercedes.com.ar\/principal\/wp-content\/uploads\/2020\/09\/WhatsApp-Image-2020-09-22-at-22.03.18.jpeg\" data-orig-size=\"800,800\" data-comments-opened=\"0\" data-image-meta=\"{&quot;aperture&quot;:&quot;0&quot;,&quot;credit&quot;:&quot;&quot;,&quot;camera&quot;:&quot;&quot;,&quot;caption&quot;:&quot;&quot;,&quot;created_timestamp&quot;:&quot;0&quot;,&quot;copyright&quot;:&quot;&quot;,&quot;focal_length&quot;:&quot;0&quot;,&quot;iso&quot;:&quot;0&quot;,&quot;shutter_speed&quot;:&quot;0&quot;,&quot;title&quot;:&quot;&quot;,&quot;orientation&quot;:&quot;0&quot;}\" data-image-title=\"WhatsApp Image 2020-09-22 at 22.03.18\" data-image-description=\"\" data-image-caption=\"\" data-large-file=\"https:\/\/www.hoymercedes.com.ar\/principal\/wp-content\/uploads\/2020\/09\/WhatsApp-Image-2020-09-22-at-22.03.18.jpeg\" src=\"https:\/\/www.hoymercedes.com.ar\/principal\/wp-content\/uploads\/2020\/09\/WhatsApp-Image-2020-09-22-at-22.03.18.jpeg\" alt=\"\" class=\"wp-image-117340\" srcset=\"https:\/\/www.hoymercedes.com.ar\/principal\/wp-content\/uploads\/2020\/09\/WhatsApp-Image-2020-09-22-at-22.03.18.jpeg 800w, https:\/\/www.hoymercedes.com.ar\/principal\/wp-content\/uploads\/2020\/09\/WhatsApp-Image-2020-09-22-at-22.03.18-620x620.jpeg 620w, https:\/\/www.hoymercedes.com.ar\/principal\/wp-content\/uploads\/2020\/09\/WhatsApp-Image-2020-09-22-at-22.03.18-150x150.jpeg 150w\" sizes=\"auto, (max-width: 800px) 100vw, 800px\" \/><\/figure><\/div>\n\n\n\n<p>El informe local expresa: <br>\u00abEn el d\u00eda de la fecha el Laboratorio de Virolog\u00eda Molecular Municipal por medio de los procesos cient\u00edficos que lleva adelante cotidianamente detect\u00f3 23 nuevos casos para covid. <br>Los casos tienen su ra\u00edz epidemiol\u00f3gica y correspondiente trabajo de rastreo y seguimiento. <br>Al d\u00eda de la fecha tenemos 187 casos activos y 997 desde iniciada la pandemia con 793 pacientes recuperados del virus. <br>En seguimiento por contacto estrecho contin\u00faan a instancias del Centro de Teleseguimiento con 93 operadores socio sanitarios se encuentran 655 mercedinos. <br>En cuanto al Centro de Aislamiento Sanitario II con todas las normas socio sanitarias y un fuerte trabajo de Salud, Protecci\u00f3n Civil, SAME, Seguridad, Desarrollo Social y Servicios P\u00fablicos tiene a 1 paciente alojad, aislado y monitoreado\u00bb.<\/p>\n\n\n\n<p><strong>Informe nacional<\/strong><\/p>\n\n\n\n<p>El informe enviado por el gobierno nacional confirma 12.027 nuevos casos de COVID-19 en todo el pa\u00eds. Con estos registros, suman 652.174 positivos en el pa\u00eds, de los cuales 517.228 son pacientes recuperados y 120.994 son casos confirmados activos.<\/p>\n\n\n\n<p>En el detalle por provincia, informaron que la jornada del d\u00eda de hoy los positivos son: provincia de Buenos Aires 5.344; Ciudad de Buenos Aires 927; Chaco 94; Chubut 132; C\u00f3rdoba 1152; Corrientes 30; Entre R\u00edos 121; Jujuy 99; La Pampa 22; La Rioja 120; Mendoza 426; Misiones 8; Neuqu\u00e9n 218; R\u00edo Negro 251; Salta 444; San Juan 27; San Luis 77; Santa Cruz 74; Santa Fe 1.592; Santiago del Estero 75; Tierra del Fuego 78  y Tucum\u00e1n 721. <\/p>\n\n\n\n<p>Asimismo, se notificaron 470 nuevas muertes. Son 252 hombres y 218 mujeres. Al momento la cantidad de personas fallecidas es 13.952.<\/p>\n\n\n\n<p>En las \u00faltimas 24 horas fueron realizados 25.766 testeos y desde el inicio del brote se realizaron 1.790.835 pruebas diagn\u00f3sticas para esta enfermedad, lo que equivale a 39.465,9 muestras por mill\u00f3n de habitantes.<\/p>\n","protected":false},"excerpt":{"rendered":"<p>Este martes, la informaci\u00f3n oficial de Mercedes confirma 23 positivos de covid-19 m\u00e1s de acuerdo a los an\u00e1lisis realizados por &#8230; <a title=\"Coronavirus: De 78 test fueron positivos 23 para Mercedes\" class=\"read-more\" href=\"https:\/\/www.hoymercedes.com.ar\/principal\/2020\/09\/22\/coronavirus-de-78-test-fueron-positivos-23-para-mercedes\/\" aria-label=\"Leer m\u00e1s sobre Coronavirus: De 78 test fueron positivos 23 para Mercedes\">Leer m\u00e1s<\/a><\/p>\n","protected":false},"author":5,"featured_media":117340,"comment_status":"closed","ping_status":"open","sticky":false,"template":"","format":"standard","meta":{"_monsterinsights_skip_tracking":false,"_monsterinsights_sitenote_active":false,"_monsterinsights_sitenote_note":"","_monsterinsights_sitenote_category":0,"jetpack_post_was_ever_published":false,"_jetpack_newsletter_access":"","_jetpack_dont_email_post_to_subs":false,"_jetpack_newsletter_tier_id":0,"_jetpack_memberships_contains_paywalled_content":false,"_jetpack_memberships_contains_paid_content":false,"footnotes":"","jetpack_publicize_message":"","jetpack_publicize_feature_enabled":true,"jetpack_social_post_already_shared":true,"jetpack_social_options":{"image_generator_settings":{"template":"highway","default_image_id":0,"font":"","enabled":false},"version":2},"_wpas_customize_per_network":false},"categories":[9791],"tags":[16428,16561,16175,16313],"class_list":["post-117339","post","type-post","status-publish","format-standard","has-post-thumbnail","hentry","category-salud","tag-casos-positivos","tag-cierre-del-dia","tag-coronavirus","tag-covid-19","generate-columns","tablet-grid-50","mobile-grid-100","grid-parent","grid-50"],"jetpack_publicize_connections":[],"jetpack_featured_media_url":"https:\/\/www.hoymercedes.com.ar\/principal\/wp-content\/uploads\/2020\/09\/WhatsApp-Image-2020-09-22-at-22.03.18.jpeg","wps_subtitle":"Cierre del d\u00eda","jetpack_sharing_enabled":true,"_links":{"self":[{"href":"https:\/\/www.hoymercedes.com.ar\/principal\/wp-json\/wp\/v2\/posts\/117339","targetHints":{"allow":["GET"]}}],"collection":[{"href":"https:\/\/www.hoymercedes.com.ar\/principal\/wp-json\/wp\/v2\/posts"}],"about":[{"href":"https:\/\/www.hoymercedes.com.ar\/principal\/wp-json\/wp\/v2\/types\/post"}],"author":[{"embeddable":true,"href":"https:\/\/www.hoymercedes.com.ar\/principal\/wp-json\/wp\/v2\/users\/5"}],"replies":[{"embeddable":true,"href":"https:\/\/www.hoymercedes.com.ar\/principal\/wp-json\/wp\/v2\/comments?post=117339"}],"version-history":[{"count":0,"href":"https:\/\/www.hoymercedes.com.ar\/principal\/wp-json\/wp\/v2\/posts\/117339\/revisions"}],"wp:featuredmedia":[{"embeddable":true,"href":"https:\/\/www.hoymercedes.com.ar\/principal\/wp-json\/wp\/v2\/media\/117340"}],"wp:attachment":[{"href":"https:\/\/www.hoymercedes.com.ar\/principal\/wp-json\/wp\/v2\/media?parent=117339"}],"wp:term":[{"taxonomy":"category","embeddable":true,"href":"https:\/\/www.hoymercedes.com.ar\/principal\/wp-json\/wp\/v2\/categories?post=117339"},{"taxonomy":"post_tag","embeddable":true,"href":"https:\/\/www.hoymercedes.com.ar\/principal\/wp-json\/wp\/v2\/tags?post=117339"}],"curies":[{"name":"wp","href":"https:\/\/api.w.org\/{rel}","templated":true}]}}