{"id":117354,"date":"2020-09-23T11:08:22","date_gmt":"2020-09-23T14:08:22","guid":{"rendered":"http:\/\/www.hoymercedes.com.ar\/principal\/?p=117354"},"modified":"2020-09-23T12:10:53","modified_gmt":"2020-09-23T15:10:53","slug":"el-1-de-octubre-vence-el-plazo-para-la-reacreditacion-en-programas-de-sanidad-animal-2","status":"publish","type":"post","link":"https:\/\/www.hoymercedes.com.ar\/principal\/2020\/09\/23\/el-1-de-octubre-vence-el-plazo-para-la-reacreditacion-en-programas-de-sanidad-animal-2\/","title":{"rendered":"El 1 de octubre vence el plazo para la reacreditaci\u00f3n en programas de sanidad animal"},"content":{"rendered":"\n<p>Profesionales de ciencias veterinarias y quienes hagan funciones t\u00e9cnicas \u2013con acreditaci\u00f3n previa al 1 de octubre de 2016\u2013 deben reacreditarse para la actividad.<\/p>\n\n\n\n<div class=\"wp-block-image\"><figure class=\"aligncenter size-large\"><img loading=\"lazy\" decoding=\"async\" width=\"640\" height=\"429\" data-attachment-id=\"117355\" data-permalink=\"https:\/\/www.hoymercedes.com.ar\/principal\/2020\/09\/23\/el-1-de-octubre-vence-el-plazo-para-la-reacreditacion-en-programas-de-sanidad-animal-2\/acreditacion\/#main\" data-orig-file=\"https:\/\/www.hoymercedes.com.ar\/principal\/wp-content\/uploads\/2020\/09\/acreditacion.jpg\" data-orig-size=\"640,429\" data-comments-opened=\"0\" data-image-meta=\"{&quot;aperture&quot;:&quot;0&quot;,&quot;credit&quot;:&quot;&quot;,&quot;camera&quot;:&quot;&quot;,&quot;caption&quot;:&quot;&quot;,&quot;created_timestamp&quot;:&quot;0&quot;,&quot;copyright&quot;:&quot;&quot;,&quot;focal_length&quot;:&quot;0&quot;,&quot;iso&quot;:&quot;0&quot;,&quot;shutter_speed&quot;:&quot;0&quot;,&quot;title&quot;:&quot;&quot;,&quot;orientation&quot;:&quot;1&quot;}\" data-image-title=\"acreditacion\" data-image-description=\"\" data-image-caption=\"\" data-large-file=\"https:\/\/www.hoymercedes.com.ar\/principal\/wp-content\/uploads\/2020\/09\/acreditacion.jpg\" src=\"https:\/\/www.hoymercedes.com.ar\/principal\/wp-content\/uploads\/2020\/09\/acreditacion.jpg\" alt=\"\" class=\"wp-image-117355\" srcset=\"https:\/\/www.hoymercedes.com.ar\/principal\/wp-content\/uploads\/2020\/09\/acreditacion.jpg 640w, https:\/\/www.hoymercedes.com.ar\/principal\/wp-content\/uploads\/2020\/09\/acreditacion-630x422.jpg 630w, https:\/\/www.hoymercedes.com.ar\/principal\/wp-content\/uploads\/2020\/09\/acreditacion-150x101.jpg 150w\" sizes=\"auto, (max-width: 640px) 100vw, 640px\" \/><\/figure><\/div>\n\n\n\n<p>El 1\u00ba de octubre vence el plazo para que quienes ejercen funciones veterinarias \u2013t\u00e9cnicas y profesionales\u2013 realicen su reacreditaci\u00f3n en los programas de Sanidad Animal, seg\u00fan la pr\u00f3rroga establecida en la Resoluci\u00f3n 474\/2020 del Servicio Nacional de Sanidad y Calidad Agroalimentaria (Senasa).<\/p>\n\n\n\n<p>Puntualmente, deben realizarla quienes se desempe\u00f1en como profesionales de ciencias veterinarias \u2013en modalidad privada\u2013, quienes cumplan funciones t\u00e9cnicas, de inspecci\u00f3n sanitaria, vacunaci\u00f3n, o que oficien como personal operador privado en tareas vinculadas con el bienestar animal y los diferentes programas sanitarios de la Direcci\u00f3n Nacional de Sanidad Animal del Senasa, que se acreditaron con anterioridad al 1\u00ba de octubre de 2016.<\/p>\n\n\n\n<p>La vigencia de las acreditaciones es de tres a\u00f1os y se otorga un a\u00f1o de gracia para que se realice la gesti\u00f3n; cumplido ese lapso, el sistema las dar\u00e1 de baja.<\/p>\n\n\n\n<p>El nuevo sistema de reacreditaci\u00f3n es gratuito (no tiene costo para quienes sean profesionales y\/o desempe\u00f1en funciones t\u00e9cnicas) y por internet, dado que se realiza enteramente a distancia. Para su implementaci\u00f3n, se incorpor\u00f3 una evaluaci\u00f3n con la modalidad de encuesta o \u201ccheck list\u201d que, una vez completada, se validar\u00e1 autom\u00e1ticamente y actualizar\u00e1 los datos previamente registrados en el sistema<\/p>\n\n\n\n<p>Para inscribirse se debe ingresar a trav\u00e9s de la p\u00e1gina web de la AFIP, con clave fiscal y seguir estos pasos:<\/p>\n\n\n\n<ul class=\"wp-block-list\"><li>\u2022Ingresar a \u00abSAC\u00bb, el Sistema de Administrador de Cursos (aplicaciones en azul)<\/li><li>\u2022Completar los datos personales y laborales (por ejemplo, si es una funci\u00f3n t\u00e9cnica o laboral)<\/li><li>\u2022Ir a Cursos &#8211; Inscripci\u00f3n a cursos DNSA &#8211; Consultar.<\/li><li>\u2022Inscribirse (lupa) al curso de reacreditaci\u00f3n que se desee.<\/li><li>\u2022Cursos \u2013 Consulta de inscripciones realizadas \u2013 Examen (checklist)<\/li><\/ul>\n\n\n\n<p>Se debe tener en cuenta que las y los vacunadores, ISA u otras personas que desempe\u00f1an funciones t\u00e9cnicas con acreditaci\u00f3n en garrapatas deben indicar en \u201cActividad\u201d que son t\u00e9cnico\/a, al completar los datos profesionales.<\/p>\n\n\n\n<p>Asimismo, se encuentra disponible en la p\u00e1gina web del Senasa la Biblioteca para quienes cuenten con la acreditaci\u00f3n en Sanidad Animal, donde se encuentra informaci\u00f3n, normativa y material complementario necesarios para el examen.<\/p>\n\n\n\n<p>Se trata de un espacio de consulta permanente para todas las personas acreditadas. Esta modalidad seguir\u00e1 disponible para profesionales que deban reacreditarse en el momento que tengan vencida su acreditaci\u00f3n.<\/p>\n\n\n\n<p>Para obtener m\u00e1s informaci\u00f3n, las personas interesadas pueden consultar la p\u00e1gina web del Senasa, llamar al Centro Regional Buenos Aires Norte, sede Chivilcoy, al tel\u00e9fono (02346) 436271 o escribir un correo electr\u00f3nico a: acreditados.dnsa@senasa.gob.ar<\/p>\n\n\n\n<p>Fuente: SENASA Centro Regional Norte<\/p>\n","protected":false},"excerpt":{"rendered":"<p>Profesionales de ciencias veterinarias y quienes hagan funciones t\u00e9cnicas \u2013con acreditaci\u00f3n previa al 1 de octubre de 2016\u2013 deben reacreditarse &#8230; <a title=\"El 1 de octubre vence el plazo para la reacreditaci\u00f3n en programas de sanidad animal\" class=\"read-more\" href=\"https:\/\/www.hoymercedes.com.ar\/principal\/2020\/09\/23\/el-1-de-octubre-vence-el-plazo-para-la-reacreditacion-en-programas-de-sanidad-animal-2\/\" aria-label=\"Leer m\u00e1s sobre El 1 de octubre vence el plazo para la reacreditaci\u00f3n en programas de sanidad animal\">Leer m\u00e1s<\/a><\/p>\n","protected":false},"author":1,"featured_media":117355,"comment_status":"closed","ping_status":"open","sticky":false,"template":"","format":"standard","meta":{"_monsterinsights_skip_tracking":false,"_monsterinsights_sitenote_active":false,"_monsterinsights_sitenote_note":"","_monsterinsights_sitenote_category":0,"jetpack_post_was_ever_published":false,"_jetpack_newsletter_access":"","_jetpack_dont_email_post_to_subs":false,"_jetpack_newsletter_tier_id":0,"_jetpack_memberships_contains_paywalled_content":false,"_jetpack_memberships_contains_paid_content":false,"footnotes":"","jetpack_publicize_message":"","jetpack_publicize_feature_enabled":true,"jetpack_social_post_already_shared":true,"jetpack_social_options":{"image_generator_settings":{"template":"highway","default_image_id":0,"font":"","enabled":false},"version":2},"_wpas_customize_per_network":false},"categories":[9791],"tags":[17125,8450],"class_list":["post-117354","post","type-post","status-publish","format-standard","has-post-thumbnail","hentry","category-salud","tag-reacreditacion","tag-senasa","generate-columns","tablet-grid-50","mobile-grid-100","grid-parent","grid-50"],"jetpack_publicize_connections":[],"jetpack_featured_media_url":"https:\/\/www.hoymercedes.com.ar\/principal\/wp-content\/uploads\/2020\/09\/acreditacion.jpg","wps_subtitle":"Actividad formativa","jetpack_sharing_enabled":true,"_links":{"self":[{"href":"https:\/\/www.hoymercedes.com.ar\/principal\/wp-json\/wp\/v2\/posts\/117354","targetHints":{"allow":["GET"]}}],"collection":[{"href":"https:\/\/www.hoymercedes.com.ar\/principal\/wp-json\/wp\/v2\/posts"}],"about":[{"href":"https:\/\/www.hoymercedes.com.ar\/principal\/wp-json\/wp\/v2\/types\/post"}],"author":[{"embeddable":true,"href":"https:\/\/www.hoymercedes.com.ar\/principal\/wp-json\/wp\/v2\/users\/1"}],"replies":[{"embeddable":true,"href":"https:\/\/www.hoymercedes.com.ar\/principal\/wp-json\/wp\/v2\/comments?post=117354"}],"version-history":[{"count":0,"href":"https:\/\/www.hoymercedes.com.ar\/principal\/wp-json\/wp\/v2\/posts\/117354\/revisions"}],"wp:featuredmedia":[{"embeddable":true,"href":"https:\/\/www.hoymercedes.com.ar\/principal\/wp-json\/wp\/v2\/media\/117355"}],"wp:attachment":[{"href":"https:\/\/www.hoymercedes.com.ar\/principal\/wp-json\/wp\/v2\/media?parent=117354"}],"wp:term":[{"taxonomy":"category","embeddable":true,"href":"https:\/\/www.hoymercedes.com.ar\/principal\/wp-json\/wp\/v2\/categories?post=117354"},{"taxonomy":"post_tag","embeddable":true,"href":"https:\/\/www.hoymercedes.com.ar\/principal\/wp-json\/wp\/v2\/tags?post=117354"}],"curies":[{"name":"wp","href":"https:\/\/api.w.org\/{rel}","templated":true}]}}