{"id":117373,"date":"2020-09-23T12:49:52","date_gmt":"2020-09-23T15:49:52","guid":{"rendered":"http:\/\/www.hoymercedes.com.ar\/principal\/?p=117373"},"modified":"2020-09-23T13:08:01","modified_gmt":"2020-09-23T16:08:01","slug":"fallecio-interno-de-la-carcel-con-covid","status":"publish","type":"post","link":"https:\/\/www.hoymercedes.com.ar\/principal\/2020\/09\/23\/fallecio-interno-de-la-carcel-con-covid\/","title":{"rendered":"Falleci\u00f3 interno de la c\u00e1rcel con covid"},"content":{"rendered":"\n<p>En la jornada de este mi\u00e9rcoles, la Unidad Penitenciaria N\u00b05 del Servicio Penitenciario Bonaerense confirm\u00f3 que un interno de 53 a\u00f1os de edad, falleci\u00f3 por covid-19 en el hospital de Mercedes.<\/p>\n\n\n\n<p>De acuerdo a la informaci\u00f3n recibida, \u00abel pasado jueves 17, en horas de la tarde se asisti\u00f3 en el \u00e1rea de traige por personal de Salud Penitenciaria, y por presentar s\u00edntomas compatibles con covid, se activa el protocolo dise\u00f1ado por las autoridades de sanitarias\u00bb. <\/p>\n\n\n\n<p>El paciente es trasladado hasta el hospital Blas L. Dubarry y recibido con protocolos de aislamiento. En el nosocomio se lo hisopa y queda internado en el piso destinado a personas que cursan la enfermedad. <\/p>\n\n\n\n<p>\u00abEl d\u00eda viernes el resultado es positivo. Durante la estad\u00eda es atendido, se le realizaron estudios cl\u00ednicos, y otros tratamientos. Falleci\u00f3 el d\u00eda s\u00e1bado a las 21 horas\u00bb, confirman desde la unidad penitenciaria y agregan que la justicia y la fiscal\u00eda relacionada con el caso judicial del interno est\u00e1 trabajando en esta situaci\u00f3n. <\/p>\n\n\n\n<p>\u00abEl pabell\u00f3n fue aislado preventivamente, y se hacen controles cl\u00ednicos y de temperatura dos veces al d\u00eda. Ninguno hasta hoy present\u00f3 s\u00edntomas\u00bb, resaltan desde la Unidad N\u00b0 5 del SPB.<\/p>\n","protected":false},"excerpt":{"rendered":"<p>En la jornada de este mi\u00e9rcoles, la Unidad Penitenciaria N\u00b05 del Servicio Penitenciario Bonaerense confirm\u00f3 que un interno de 53 &#8230; <a title=\"Falleci\u00f3 interno de la c\u00e1rcel con covid\" class=\"read-more\" href=\"https:\/\/www.hoymercedes.com.ar\/principal\/2020\/09\/23\/fallecio-interno-de-la-carcel-con-covid\/\" aria-label=\"Leer m\u00e1s sobre Falleci\u00f3 interno de la c\u00e1rcel con covid\">Leer m\u00e1s<\/a><\/p>\n","protected":false},"author":5,"featured_media":117374,"comment_status":"closed","ping_status":"open","sticky":false,"template":"","format":"standard","meta":{"_monsterinsights_skip_tracking":false,"_monsterinsights_sitenote_active":false,"_monsterinsights_sitenote_note":"","_monsterinsights_sitenote_category":0,"jetpack_post_was_ever_published":false,"_jetpack_newsletter_access":"","_jetpack_dont_email_post_to_subs":false,"_jetpack_newsletter_tier_id":0,"_jetpack_memberships_contains_paywalled_content":false,"_jetpack_memberships_contains_paid_content":false,"footnotes":"","jetpack_publicize_message":"","jetpack_publicize_feature_enabled":true,"jetpack_social_post_already_shared":true,"jetpack_social_options":{"image_generator_settings":{"template":"highway","default_image_id":0,"font":"","enabled":false},"version":2},"_wpas_customize_per_network":false},"categories":[8],"tags":[995,16175,16313,8777],"class_list":["post-117373","post","type-post","status-publish","format-standard","has-post-thumbnail","hentry","category-sociedad","tag-carcel-de-mercedes","tag-coronavirus","tag-covid-19","tag-fallecimiento","generate-columns","tablet-grid-50","mobile-grid-100","grid-parent","grid-50"],"jetpack_publicize_connections":[],"jetpack_featured_media_url":"https:\/\/www.hoymercedes.com.ar\/principal\/wp-content\/uploads\/2020\/09\/carcel-mercedes.png","wps_subtitle":"Coronavirus en la regi\u00f3n","jetpack_sharing_enabled":true,"_links":{"self":[{"href":"https:\/\/www.hoymercedes.com.ar\/principal\/wp-json\/wp\/v2\/posts\/117373","targetHints":{"allow":["GET"]}}],"collection":[{"href":"https:\/\/www.hoymercedes.com.ar\/principal\/wp-json\/wp\/v2\/posts"}],"about":[{"href":"https:\/\/www.hoymercedes.com.ar\/principal\/wp-json\/wp\/v2\/types\/post"}],"author":[{"embeddable":true,"href":"https:\/\/www.hoymercedes.com.ar\/principal\/wp-json\/wp\/v2\/users\/5"}],"replies":[{"embeddable":true,"href":"https:\/\/www.hoymercedes.com.ar\/principal\/wp-json\/wp\/v2\/comments?post=117373"}],"version-history":[{"count":0,"href":"https:\/\/www.hoymercedes.com.ar\/principal\/wp-json\/wp\/v2\/posts\/117373\/revisions"}],"wp:featuredmedia":[{"embeddable":true,"href":"https:\/\/www.hoymercedes.com.ar\/principal\/wp-json\/wp\/v2\/media\/117374"}],"wp:attachment":[{"href":"https:\/\/www.hoymercedes.com.ar\/principal\/wp-json\/wp\/v2\/media?parent=117373"}],"wp:term":[{"taxonomy":"category","embeddable":true,"href":"https:\/\/www.hoymercedes.com.ar\/principal\/wp-json\/wp\/v2\/categories?post=117373"},{"taxonomy":"post_tag","embeddable":true,"href":"https:\/\/www.hoymercedes.com.ar\/principal\/wp-json\/wp\/v2\/tags?post=117373"}],"curies":[{"name":"wp","href":"https:\/\/api.w.org\/{rel}","templated":true}]}}