{"id":117392,"date":"2020-09-23T19:59:11","date_gmt":"2020-09-23T22:59:11","guid":{"rendered":"http:\/\/www.hoymercedes.com.ar\/principal\/?p=117392"},"modified":"2020-09-23T19:48:47","modified_gmt":"2020-09-23T22:48:47","slug":"comite-de-crisis-autorizo-nuevas-actividades-con-distanciamiento","status":"publish","type":"post","link":"https:\/\/www.hoymercedes.com.ar\/principal\/2020\/09\/23\/comite-de-crisis-autorizo-nuevas-actividades-con-distanciamiento\/","title":{"rendered":"Comit\u00e9 de Crisis autoriz\u00f3 nuevas actividades con distanciamiento"},"content":{"rendered":"\n<p>En el marco de una nueva reuni\u00f3n del Comit\u00e9 de Crisis de la ciudad de Mercedes, los presentes acordaron nuevas actividades y disposiciones en el marco del distanciamiento social obligatorio por el covid-19. Entre las propuestas y autorizaciones, se acord\u00f3 habilitar caminatas, bicicleteadas y running en el Parque Municipal, donde habr\u00e1 profesores de educaci\u00f3n f\u00edsica. As\u00ed como una nueva ampliaci\u00f3n horaria para comercios no esenciales hasta la hora 20, y las ceremonias religiosas al aire libre para peque\u00f1os grupos. <\/p>\n\n\n\n<div class=\"wp-block-image\"><figure class=\"aligncenter size-large\"><img loading=\"lazy\" decoding=\"async\" width=\"800\" height=\"450\" data-attachment-id=\"117395\" data-permalink=\"https:\/\/www.hoymercedes.com.ar\/principal\/2020\/09\/23\/provincia-reanuda-las-negociaciones-paritarias-con-estatales\/23-comite-crisis2\/#main\" data-orig-file=\"https:\/\/www.hoymercedes.com.ar\/principal\/wp-content\/uploads\/2020\/09\/23-comite-crisis2.jpeg\" data-orig-size=\"800,450\" data-comments-opened=\"0\" data-image-meta=\"{&quot;aperture&quot;:&quot;0&quot;,&quot;credit&quot;:&quot;&quot;,&quot;camera&quot;:&quot;&quot;,&quot;caption&quot;:&quot;&quot;,&quot;created_timestamp&quot;:&quot;0&quot;,&quot;copyright&quot;:&quot;&quot;,&quot;focal_length&quot;:&quot;0&quot;,&quot;iso&quot;:&quot;0&quot;,&quot;shutter_speed&quot;:&quot;0&quot;,&quot;title&quot;:&quot;&quot;,&quot;orientation&quot;:&quot;0&quot;}\" data-image-title=\"23 comite crisis2\" data-image-description=\"\" data-image-caption=\"\" data-large-file=\"https:\/\/www.hoymercedes.com.ar\/principal\/wp-content\/uploads\/2020\/09\/23-comite-crisis2.jpeg\" src=\"https:\/\/www.hoymercedes.com.ar\/principal\/wp-content\/uploads\/2020\/09\/23-comite-crisis2.jpeg\" alt=\"\" class=\"wp-image-117395\" srcset=\"https:\/\/www.hoymercedes.com.ar\/principal\/wp-content\/uploads\/2020\/09\/23-comite-crisis2.jpeg 800w, https:\/\/www.hoymercedes.com.ar\/principal\/wp-content\/uploads\/2020\/09\/23-comite-crisis2-630x354.jpeg 630w, https:\/\/www.hoymercedes.com.ar\/principal\/wp-content\/uploads\/2020\/09\/23-comite-crisis2-150x84.jpeg 150w\" sizes=\"auto, (max-width: 800px) 100vw, 800px\" \/><\/figure><\/div>\n\n\n\n<p><\/p>\n\n\n\n<p>Durante las primeras horas de este mi\u00e9rcoles, los integrantes del Comit\u00e9 de Crisis volvieron a reunirse con el fin de hacer un balance de la situaci\u00f3n epidemiol\u00f3gica en torno al covid-19 y plantear nuevas aperturas con protocolos, as\u00ed como el debate que esto conlleva. <\/p>\n\n\n\n<p>El informe sanitario dio cuenta de una \u00abestabilidad\u00bb en la cantidad de contagios, pero con un incremento en los contagios entre los adultos mayores que requieren atenci\u00f3n m\u00e9dica o internaci\u00f3n y por eso se increment\u00f3 la cantidad de camas utilizadas. Incluso informaron que hay dos pacientes con respiradores. El Dr. Laporta coment\u00f3 que los contagios se daba por las reuniones en el \u00e1mbito privado y familiar. <\/p>\n\n\n\n<p>Tambi\u00e9n se analiz\u00f3 el comportamiento de la comunidad, en especial la de los estudiantes, en el d\u00eda de la Primavera. Se destac\u00f3 la actividad en el Parque Municipal y el trabajo en el contexto. <\/p>\n\n\n\n<p>En el marco de la reuni\u00f3n, se plantearon diferentes propuestas para abrir nuevas actividades o ampliar las ya autorizadas. Es as\u00ed que la Direcci\u00f3n de Deportes propuso habilitar caminatas en caminos rurales y bicicleteada y running en el Parque Municipal, de manera protocolizada y controlada, donde tiene profesores y personal del \u00e1rea. No obstante, la preocupaci\u00f3n se centr\u00f3 en el control en zonas rurales y la Avenida 40, por eso no confirmaron estas actividades, m\u00e1s que en el Parque. <\/p>\n\n\n\n<p>Asimismo, la C\u00e1mara Econ\u00f3mica Mercedina propuso extender el horario comercial de no esenciales hasta las hora 20. Una propuesta que sum\u00f3 adeptos y comenzar\u00e1 a regir este jueves 24. <\/p>\n\n\n\n<p>Por su parte, las Iglesias Cat\u00f3licas de Mercedes propusieron celebrar la misa al aire libre, igual que los bautismos. La idea es que sean en peque\u00f1os grupos que no superen las diez personas con un estricto protocolo. El inicio de la propuesta, ser\u00e1 el jueves con una \u00abautomisa\u00bb en el Mart\u00edn Rodr\u00edguez. <\/p>\n\n\n\n<p>Finalmente, se propuso promover campa\u00f1as de conscientizaci\u00f3n para que se eviten las reuniones en el \u00e1mbito privado, ya que los riesgos se acrecientan. Asimismo, se plante\u00f3 empezar a trabajar en pr\u00f3ximas reuniones el tema del verano y las quintas, as\u00ed como el turismo rural. <\/p>\n\n\n\n<p>En la reuni\u00f3n, estuvieron presentes representantes del gobierno municipal con referentes de las diferentes \u00e1reas, el Concejo Deliberante, referente del Hospital Dubarry, de la Cl\u00ednica Nueva Cruz Azul, de la C\u00e1mara Econ\u00f3mica Mercedina, Bomberos Voluntarios, Comit\u00e9 Operativo de Emergencia, Iglesias Cat\u00f3licas, Polic\u00eda Comunal, OMIC, Centros de Estudiantes, Asociaci\u00f3n M\u00e9dica, Inspecci\u00f3n Regional Educativa, Consejo Escolar,  ATE, CTA Aut\u00f3noma, Anses, y Servicio Penitenciario.<\/p>\n\n\n\n<div class=\"wp-block-image\"><figure class=\"aligncenter size-large\"><img loading=\"lazy\" decoding=\"async\" width=\"800\" height=\"450\" data-attachment-id=\"117394\" data-permalink=\"https:\/\/www.hoymercedes.com.ar\/principal\/2020\/09\/23\/provincia-reanuda-las-negociaciones-paritarias-con-estatales\/23-comite-crisis\/#main\" data-orig-file=\"https:\/\/www.hoymercedes.com.ar\/principal\/wp-content\/uploads\/2020\/09\/23-comite-crisis.jpeg\" data-orig-size=\"800,450\" data-comments-opened=\"0\" data-image-meta=\"{&quot;aperture&quot;:&quot;0&quot;,&quot;credit&quot;:&quot;&quot;,&quot;camera&quot;:&quot;&quot;,&quot;caption&quot;:&quot;&quot;,&quot;created_timestamp&quot;:&quot;0&quot;,&quot;copyright&quot;:&quot;&quot;,&quot;focal_length&quot;:&quot;0&quot;,&quot;iso&quot;:&quot;0&quot;,&quot;shutter_speed&quot;:&quot;0&quot;,&quot;title&quot;:&quot;&quot;,&quot;orientation&quot;:&quot;0&quot;}\" data-image-title=\"23 comite crisis\" data-image-description=\"\" data-image-caption=\"\" data-large-file=\"https:\/\/www.hoymercedes.com.ar\/principal\/wp-content\/uploads\/2020\/09\/23-comite-crisis.jpeg\" src=\"https:\/\/www.hoymercedes.com.ar\/principal\/wp-content\/uploads\/2020\/09\/23-comite-crisis.jpeg\" alt=\"\" class=\"wp-image-117394\" srcset=\"https:\/\/www.hoymercedes.com.ar\/principal\/wp-content\/uploads\/2020\/09\/23-comite-crisis.jpeg 800w, https:\/\/www.hoymercedes.com.ar\/principal\/wp-content\/uploads\/2020\/09\/23-comite-crisis-630x354.jpeg 630w, https:\/\/www.hoymercedes.com.ar\/principal\/wp-content\/uploads\/2020\/09\/23-comite-crisis-150x84.jpeg 150w\" sizes=\"auto, (max-width: 800px) 100vw, 800px\" \/><\/figure><\/div>\n","protected":false},"excerpt":{"rendered":"<p>En el marco de una nueva reuni\u00f3n del Comit\u00e9 de Crisis de la ciudad de Mercedes, los presentes acordaron nuevas &#8230; <a title=\"Comit\u00e9 de Crisis autoriz\u00f3 nuevas actividades con distanciamiento\" class=\"read-more\" href=\"https:\/\/www.hoymercedes.com.ar\/principal\/2020\/09\/23\/comite-de-crisis-autorizo-nuevas-actividades-con-distanciamiento\/\" aria-label=\"Leer m\u00e1s sobre Comit\u00e9 de Crisis autoriz\u00f3 nuevas actividades con distanciamiento\">Leer m\u00e1s<\/a><\/p>\n","protected":false},"author":1,"featured_media":117394,"comment_status":"closed","ping_status":"open","sticky":false,"template":"","format":"standard","meta":{"_monsterinsights_skip_tracking":false,"_monsterinsights_sitenote_active":false,"_monsterinsights_sitenote_note":"","_monsterinsights_sitenote_category":0,"jetpack_post_was_ever_published":false,"_jetpack_newsletter_access":"","_jetpack_dont_email_post_to_subs":false,"_jetpack_newsletter_tier_id":0,"_jetpack_memberships_contains_paywalled_content":false,"_jetpack_memberships_contains_paid_content":false,"footnotes":"","jetpack_publicize_message":"","jetpack_publicize_feature_enabled":true,"jetpack_social_post_already_shared":true,"jetpack_social_options":{"image_generator_settings":{"template":"highway","default_image_id":0,"font":"","enabled":false},"version":2},"_wpas_customize_per_network":false},"categories":[30],"tags":[17127,16345,16175,16313,244,16554],"class_list":["post-117392","post","type-post","status-publish","format-standard","has-post-thumbnail","hentry","category-municipio","tag-autorizacion","tag-comite-de-crisis","tag-coronavirus","tag-covid-19","tag-municipio-2","tag-protocolos","generate-columns","tablet-grid-50","mobile-grid-100","grid-parent","grid-50"],"jetpack_publicize_connections":[],"jetpack_featured_media_url":"https:\/\/www.hoymercedes.com.ar\/principal\/wp-content\/uploads\/2020\/09\/23-comite-crisis.jpeg","wps_subtitle":"Durante la ma\u00f1ana del mi\u00e9rcoles","jetpack_sharing_enabled":true,"_links":{"self":[{"href":"https:\/\/www.hoymercedes.com.ar\/principal\/wp-json\/wp\/v2\/posts\/117392","targetHints":{"allow":["GET"]}}],"collection":[{"href":"https:\/\/www.hoymercedes.com.ar\/principal\/wp-json\/wp\/v2\/posts"}],"about":[{"href":"https:\/\/www.hoymercedes.com.ar\/principal\/wp-json\/wp\/v2\/types\/post"}],"author":[{"embeddable":true,"href":"https:\/\/www.hoymercedes.com.ar\/principal\/wp-json\/wp\/v2\/users\/1"}],"replies":[{"embeddable":true,"href":"https:\/\/www.hoymercedes.com.ar\/principal\/wp-json\/wp\/v2\/comments?post=117392"}],"version-history":[{"count":0,"href":"https:\/\/www.hoymercedes.com.ar\/principal\/wp-json\/wp\/v2\/posts\/117392\/revisions"}],"wp:featuredmedia":[{"embeddable":true,"href":"https:\/\/www.hoymercedes.com.ar\/principal\/wp-json\/wp\/v2\/media\/117394"}],"wp:attachment":[{"href":"https:\/\/www.hoymercedes.com.ar\/principal\/wp-json\/wp\/v2\/media?parent=117392"}],"wp:term":[{"taxonomy":"category","embeddable":true,"href":"https:\/\/www.hoymercedes.com.ar\/principal\/wp-json\/wp\/v2\/categories?post=117392"},{"taxonomy":"post_tag","embeddable":true,"href":"https:\/\/www.hoymercedes.com.ar\/principal\/wp-json\/wp\/v2\/tags?post=117392"}],"curies":[{"name":"wp","href":"https:\/\/api.w.org\/{rel}","templated":true}]}}