{"id":117393,"date":"2020-09-23T19:18:28","date_gmt":"2020-09-23T22:18:28","guid":{"rendered":"http:\/\/www.hoymercedes.com.ar\/principal\/?p=117393"},"modified":"2020-09-23T19:49:22","modified_gmt":"2020-09-23T22:49:22","slug":"provincia-reanuda-las-negociaciones-paritarias-con-estatales","status":"publish","type":"post","link":"https:\/\/www.hoymercedes.com.ar\/principal\/2020\/09\/23\/provincia-reanuda-las-negociaciones-paritarias-con-estatales\/","title":{"rendered":"Provincia reanuda las negociaciones paritarias con estatales"},"content":{"rendered":"\n<p>El ministro de Hacienda y Finanzas, Pablo L\u00f3pez, la ministra de Trabajo de la Provincia, Mara Ruiz Malec, y el subsecretario de Empleo P\u00fablico y Gesti\u00f3n de Bienes de la Jefatura de Gabinete de Ministros, Agust\u00edn Robla, retomaron este mi\u00e9rcoles las reuniones paritarias con los gremios que nuclean a las y los trabajadores estatales de la Ley 10.430, para trabajar en una agenda que permita ir recuperando el poder adquisitivo y mejorar las condiciones laborales. Las negociaciones salariales se iniciaron en el mes de marzo y luego tuvieron que ser suspendidas por la pandemia generada por el Covid-19.<\/p>\n\n\n\n<div class=\"wp-block-image\"><figure class=\"aligncenter size-large\"><img loading=\"lazy\" decoding=\"async\" width=\"800\" height=\"466\" data-attachment-id=\"117396\" data-permalink=\"https:\/\/www.hoymercedes.com.ar\/principal\/2020\/09\/23\/provincia-reanuda-las-negociaciones-paritarias-con-estatales\/23-provincia-paritarias\/#main\" data-orig-file=\"https:\/\/www.hoymercedes.com.ar\/principal\/wp-content\/uploads\/2020\/09\/23-provincia-paritarias.jpg\" data-orig-size=\"800,466\" data-comments-opened=\"0\" data-image-meta=\"{&quot;aperture&quot;:&quot;0&quot;,&quot;credit&quot;:&quot;&quot;,&quot;camera&quot;:&quot;&quot;,&quot;caption&quot;:&quot;&quot;,&quot;created_timestamp&quot;:&quot;0&quot;,&quot;copyright&quot;:&quot;&quot;,&quot;focal_length&quot;:&quot;0&quot;,&quot;iso&quot;:&quot;0&quot;,&quot;shutter_speed&quot;:&quot;0&quot;,&quot;title&quot;:&quot;&quot;,&quot;orientation&quot;:&quot;0&quot;}\" data-image-title=\"23 provincia paritarias\" data-image-description=\"\" data-image-caption=\"\" data-large-file=\"https:\/\/www.hoymercedes.com.ar\/principal\/wp-content\/uploads\/2020\/09\/23-provincia-paritarias.jpg\" src=\"https:\/\/www.hoymercedes.com.ar\/principal\/wp-content\/uploads\/2020\/09\/23-provincia-paritarias.jpg\" alt=\"\" class=\"wp-image-117396\" srcset=\"https:\/\/www.hoymercedes.com.ar\/principal\/wp-content\/uploads\/2020\/09\/23-provincia-paritarias.jpg 800w, https:\/\/www.hoymercedes.com.ar\/principal\/wp-content\/uploads\/2020\/09\/23-provincia-paritarias-630x367.jpg 630w, https:\/\/www.hoymercedes.com.ar\/principal\/wp-content\/uploads\/2020\/09\/23-provincia-paritarias-150x87.jpg 150w\" sizes=\"auto, (max-width: 800px) 100vw, 800px\" \/><\/figure><\/div>\n\n\n\n<p>Durante el encuentro, que se realiz\u00f3 en forma virtual, las autoridades provinciales expusieron el estado de la situaci\u00f3n econ\u00f3mica de la Provincia, escucharon las demandas de los gremios, y acordaron volver a reunirse el martes de la semana que viene a las 10 de la ma\u00f1ana.&nbsp;<\/p>\n\n\n\n<p>En la apertura del encuentro la ministra de Trabajo, Mara Ruiz Malec, dijo que: \u201cHemos reiniciado el di\u00e1logo paritario con el sector estatal con la idea de empezar a mejorar el salario de las y los trabajadores. Hoy escuchamos las demandas de los gremios, que plantearon la necesidad de recomponer de los que est\u00e1n abajo, pero tambi\u00e9n de sostener la calidad del salario, y en ese sentido nos hemos comprometido a reunirnos el martes que viene para trabajar sobre una propuesta\u00bb.&nbsp;<\/p>\n\n\n\n<p>\u201cTodos coincidimos en validar y celebrar las instancias de di\u00e1logo paritario que son las que esperamos nos permitan llegar a un acuerdo que traiga alivio a los trabajadores y trabajadoras estatales\u00bb, concluy\u00f3 Ruiz Malec.&nbsp;<\/p>\n\n\n\n<p>Por su parte, el Ministro Pablo L\u00f3pez tambi\u00e9n manifest\u00f3 su satisfacci\u00f3n por poder retomar el di\u00e1logo con las y los trabajadores estatales y asegur\u00f3 que: \u201cEn estos meses hemos realizado un gran esfuerzo, en conjunto con las y los trabajadores. La Provincia sufri\u00f3 una ca\u00edda de la recaudaci\u00f3n del 15% en t\u00e9rminos reales, y aun as\u00ed nos hemos comprometido en reforzar el sistema de salud, asistir financieramente a todos los municipios para que puedan seguir pagando salarios, y tambi\u00e9n en mejorar las condiciones laborales de los trabajadores de la Provincia\u201d.<\/p>\n\n\n\n<p>L\u00f3pez tambi\u00e9n agreg\u00f3 que: \u201cEn este sentido, hemos tratado de avanzar sobre objetivos que hacen a la calidad del trabajo, como es el pase a planta de una gran cantidad de trabajadores de la Provincia, como es el caso de los becarios trabajadores de la salud, el de los residentes que fue anunciado recientemente por el Ministerio de Salud, y tambi\u00e9n de aquellos trabajadores con contratos de emergencia generados en los \u00faltimos 4 a\u00f1os. Por eso hoy nuestra intenci\u00f3n es retomar una agenda constructiva de trabajo, que qued\u00f3 suspendida por la pandemia, y avanzar en un sendero de recomposici\u00f3n salarial\u201d.<\/p>\n\n\n\n<p>Finalmente, el subsecretario de Empleo P\u00fablico y Gesti\u00f3n de Bienes de la Jefatura de Gabinete de Ministros, Agust\u00edn Robla, asegur\u00f3 que: \u201cVenimos avanzando en la regularizaci\u00f3n comprometida por el gobierno provincial en materia de empleo p\u00fablico, y en la identificaci\u00f3n y evaluaci\u00f3n de las distintas particularidades contractuales que tienen las y los trabajadores en las diferentes jurisdicciones de la Provincia\u201d.<\/p>\n\n\n\n<p>Participaron del encuentro los y las representantes de los gremios nucleados en FEGEPPBA, ATE, CICOP, AMRA, y UPCN. Por el Ministerio de Hacienda y Finanzas tambi\u00e9n estuvo presente el subsecretario de Coordinaci\u00f3n Econ\u00f3mica y Estad\u00edstica, Nicol\u00e1s Todesca, y por el Ministerio de Trabajo, Leandro Macia, subsecretario de Relaciones del Trabajo.\u00a0<\/p>\n\n\n\n<p>Fuente: Ministerio de Hacienda y Finanzas del gobierno de la provincia de Buenos Aires. <\/p>\n","protected":false},"excerpt":{"rendered":"<p>El ministro de Hacienda y Finanzas, Pablo L\u00f3pez, la ministra de Trabajo de la Provincia, Mara Ruiz Malec, y el &#8230; <a title=\"Provincia reanuda las negociaciones paritarias con estatales\" class=\"read-more\" href=\"https:\/\/www.hoymercedes.com.ar\/principal\/2020\/09\/23\/provincia-reanuda-las-negociaciones-paritarias-con-estatales\/\" aria-label=\"Leer m\u00e1s sobre Provincia reanuda las negociaciones paritarias con estatales\">Leer m\u00e1s<\/a><\/p>\n","protected":false},"author":1,"featured_media":117396,"comment_status":"closed","ping_status":"open","sticky":false,"template":"","format":"standard","meta":{"_monsterinsights_skip_tracking":false,"_monsterinsights_sitenote_active":false,"_monsterinsights_sitenote_note":"","_monsterinsights_sitenote_category":0,"jetpack_post_was_ever_published":false,"_jetpack_newsletter_access":"","_jetpack_dont_email_post_to_subs":false,"_jetpack_newsletter_tier_id":0,"_jetpack_memberships_contains_paywalled_content":false,"_jetpack_memberships_contains_paid_content":false,"footnotes":"","jetpack_publicize_message":"","jetpack_publicize_feature_enabled":true,"jetpack_social_post_already_shared":true,"jetpack_social_options":{"image_generator_settings":{"template":"highway","default_image_id":0,"font":"","enabled":false},"version":2},"_wpas_customize_per_network":false},"categories":[8881],"tags":[11411,2194,1803],"class_list":["post-117393","post","type-post","status-publish","format-standard","has-post-thumbnail","hentry","category-provincia","tag-estatales","tag-paritarias","tag-provincia","generate-columns","tablet-grid-50","mobile-grid-100","grid-parent","grid-50"],"jetpack_publicize_connections":[],"jetpack_featured_media_url":"https:\/\/www.hoymercedes.com.ar\/principal\/wp-content\/uploads\/2020\/09\/23-provincia-paritarias.jpg","wps_subtitle":"informaci\u00f3n oficial","jetpack_sharing_enabled":true,"_links":{"self":[{"href":"https:\/\/www.hoymercedes.com.ar\/principal\/wp-json\/wp\/v2\/posts\/117393","targetHints":{"allow":["GET"]}}],"collection":[{"href":"https:\/\/www.hoymercedes.com.ar\/principal\/wp-json\/wp\/v2\/posts"}],"about":[{"href":"https:\/\/www.hoymercedes.com.ar\/principal\/wp-json\/wp\/v2\/types\/post"}],"author":[{"embeddable":true,"href":"https:\/\/www.hoymercedes.com.ar\/principal\/wp-json\/wp\/v2\/users\/1"}],"replies":[{"embeddable":true,"href":"https:\/\/www.hoymercedes.com.ar\/principal\/wp-json\/wp\/v2\/comments?post=117393"}],"version-history":[{"count":0,"href":"https:\/\/www.hoymercedes.com.ar\/principal\/wp-json\/wp\/v2\/posts\/117393\/revisions"}],"wp:featuredmedia":[{"embeddable":true,"href":"https:\/\/www.hoymercedes.com.ar\/principal\/wp-json\/wp\/v2\/media\/117396"}],"wp:attachment":[{"href":"https:\/\/www.hoymercedes.com.ar\/principal\/wp-json\/wp\/v2\/media?parent=117393"}],"wp:term":[{"taxonomy":"category","embeddable":true,"href":"https:\/\/www.hoymercedes.com.ar\/principal\/wp-json\/wp\/v2\/categories?post=117393"},{"taxonomy":"post_tag","embeddable":true,"href":"https:\/\/www.hoymercedes.com.ar\/principal\/wp-json\/wp\/v2\/tags?post=117393"}],"curies":[{"name":"wp","href":"https:\/\/api.w.org\/{rel}","templated":true}]}}