{"id":117408,"date":"2020-09-24T07:23:27","date_gmt":"2020-09-24T10:23:27","guid":{"rendered":"http:\/\/www.hoymercedes.com.ar\/principal\/?p=117408"},"modified":"2020-09-23T21:46:36","modified_gmt":"2020-09-24T00:46:36","slug":"refuerzo-de-dispositivos-tecnologicos-para-el-centro-de-contencion-de-mercedes","status":"publish","type":"post","link":"https:\/\/www.hoymercedes.com.ar\/principal\/2020\/09\/24\/refuerzo-de-dispositivos-tecnologicos-para-el-centro-de-contencion-de-mercedes\/","title":{"rendered":"Refuerzo de dispositivos tecnol\u00f3gicos para el Centro de Contenci\u00f3n de Mercedes"},"content":{"rendered":"\n<p>J\u00f3venes que viven en el Centro de Contenci\u00f3n de Mercedes  recibieron  tablets nuevas en el marco de acciones dirigidas a reforzar la conectividad para garantizar su educaci\u00f3n, comunicaci\u00f3n y entretenimiento en tiempos de aislamiento social, preventivo y obligatorio.<\/p>\n\n\n\n<div class=\"wp-block-image\"><figure class=\"aligncenter size-large\"><img loading=\"lazy\" decoding=\"async\" width=\"800\" height=\"450\" data-attachment-id=\"117409\" data-permalink=\"https:\/\/www.hoymercedes.com.ar\/principal\/2020\/09\/24\/refuerzo-de-dispositivos-tecnologicos-para-el-centro-de-contencion-de-mercedes\/mail-1-2\/#main\" data-orig-file=\"https:\/\/www.hoymercedes.com.ar\/principal\/wp-content\/uploads\/2020\/09\/mail-1.jpg\" data-orig-size=\"800,450\" data-comments-opened=\"0\" data-image-meta=\"{&quot;aperture&quot;:&quot;0&quot;,&quot;credit&quot;:&quot;&quot;,&quot;camera&quot;:&quot;&quot;,&quot;caption&quot;:&quot;&quot;,&quot;created_timestamp&quot;:&quot;0&quot;,&quot;copyright&quot;:&quot;&quot;,&quot;focal_length&quot;:&quot;0&quot;,&quot;iso&quot;:&quot;0&quot;,&quot;shutter_speed&quot;:&quot;0&quot;,&quot;title&quot;:&quot;&quot;,&quot;orientation&quot;:&quot;0&quot;}\" data-image-title=\"mail (1)\" data-image-description=\"\" data-image-caption=\"\" data-large-file=\"https:\/\/www.hoymercedes.com.ar\/principal\/wp-content\/uploads\/2020\/09\/mail-1.jpg\" src=\"https:\/\/www.hoymercedes.com.ar\/principal\/wp-content\/uploads\/2020\/09\/mail-1.jpg\" alt=\"\" class=\"wp-image-117409\" srcset=\"https:\/\/www.hoymercedes.com.ar\/principal\/wp-content\/uploads\/2020\/09\/mail-1.jpg 800w, https:\/\/www.hoymercedes.com.ar\/principal\/wp-content\/uploads\/2020\/09\/mail-1-630x354.jpg 630w, https:\/\/www.hoymercedes.com.ar\/principal\/wp-content\/uploads\/2020\/09\/mail-1-150x84.jpg 150w\" sizes=\"auto, (max-width: 800px) 100vw, 800px\" \/><\/figure><\/div>\n\n\n\n<p>Durante la entrega, la directora ejecutiva del Organismo Provincial de Ni\u00f1ez y Adolescencia, Eva Asprella, asegur\u00f3 que el trabajo \u201cespecialmente en este tiempo de pandemia es seguir apostando a profundizar el acceso y los derechos de los pibes y pibas de la provincia de Buenos Aires, para que puedan tener un mejor plan de vida y desarrollarse en este contexto que estamos viviendo\u201d.<\/p>\n\n\n\n<p>Los Centros de Contenci\u00f3n son establecimientos para la ejecuci\u00f3n de medidas cautelares o sancionatorias ordenadas por la Justicia, bajo un r\u00e9gimen de semi-libertad.\u00a0En Mercedes, el Centro de Contenci\u00f3n est\u00e1 ubicado en la calle 24, entre 105 y 107. Se encuentran alojados j\u00f3venes de entre 17 y 19 a\u00f1os.<\/p>\n","protected":false},"excerpt":{"rendered":"<p>J\u00f3venes que viven en el Centro de Contenci\u00f3n de Mercedes recibieron tablets nuevas en el marco de acciones dirigidas a &#8230; <a title=\"Refuerzo de dispositivos tecnol\u00f3gicos para el Centro de Contenci\u00f3n de Mercedes\" class=\"read-more\" href=\"https:\/\/www.hoymercedes.com.ar\/principal\/2020\/09\/24\/refuerzo-de-dispositivos-tecnologicos-para-el-centro-de-contencion-de-mercedes\/\" aria-label=\"Leer m\u00e1s sobre Refuerzo de dispositivos tecnol\u00f3gicos para el Centro de Contenci\u00f3n de Mercedes\">Leer m\u00e1s<\/a><\/p>\n","protected":false},"author":5,"featured_media":117409,"comment_status":"closed","ping_status":"open","sticky":false,"template":"","format":"standard","meta":{"_monsterinsights_skip_tracking":false,"_monsterinsights_sitenote_active":false,"_monsterinsights_sitenote_note":"","_monsterinsights_sitenote_category":0,"jetpack_post_was_ever_published":false,"_jetpack_newsletter_access":"","_jetpack_dont_email_post_to_subs":false,"_jetpack_newsletter_tier_id":0,"_jetpack_memberships_contains_paywalled_content":false,"_jetpack_memberships_contains_paid_content":false,"footnotes":"","jetpack_publicize_message":"","jetpack_publicize_feature_enabled":true,"jetpack_social_post_already_shared":true,"jetpack_social_options":{"image_generator_settings":{"template":"highway","default_image_id":0,"font":"","enabled":false},"version":2},"_wpas_customize_per_network":false},"categories":[8881],"tags":[17131,17130,1803],"class_list":["post-117408","post","type-post","status-publish","format-standard","has-post-thumbnail","hentry","category-provincia","tag-adolescencia-y-ninez","tag-centro-de-contencion","tag-provincia","generate-columns","tablet-grid-50","mobile-grid-100","grid-parent","grid-50"],"jetpack_publicize_connections":[],"jetpack_featured_media_url":"https:\/\/www.hoymercedes.com.ar\/principal\/wp-content\/uploads\/2020\/09\/mail-1.jpg","wps_subtitle":"Entrega de provincia","jetpack_sharing_enabled":true,"_links":{"self":[{"href":"https:\/\/www.hoymercedes.com.ar\/principal\/wp-json\/wp\/v2\/posts\/117408","targetHints":{"allow":["GET"]}}],"collection":[{"href":"https:\/\/www.hoymercedes.com.ar\/principal\/wp-json\/wp\/v2\/posts"}],"about":[{"href":"https:\/\/www.hoymercedes.com.ar\/principal\/wp-json\/wp\/v2\/types\/post"}],"author":[{"embeddable":true,"href":"https:\/\/www.hoymercedes.com.ar\/principal\/wp-json\/wp\/v2\/users\/5"}],"replies":[{"embeddable":true,"href":"https:\/\/www.hoymercedes.com.ar\/principal\/wp-json\/wp\/v2\/comments?post=117408"}],"version-history":[{"count":0,"href":"https:\/\/www.hoymercedes.com.ar\/principal\/wp-json\/wp\/v2\/posts\/117408\/revisions"}],"wp:featuredmedia":[{"embeddable":true,"href":"https:\/\/www.hoymercedes.com.ar\/principal\/wp-json\/wp\/v2\/media\/117409"}],"wp:attachment":[{"href":"https:\/\/www.hoymercedes.com.ar\/principal\/wp-json\/wp\/v2\/media?parent=117408"}],"wp:term":[{"taxonomy":"category","embeddable":true,"href":"https:\/\/www.hoymercedes.com.ar\/principal\/wp-json\/wp\/v2\/categories?post=117408"},{"taxonomy":"post_tag","embeddable":true,"href":"https:\/\/www.hoymercedes.com.ar\/principal\/wp-json\/wp\/v2\/tags?post=117408"}],"curies":[{"name":"wp","href":"https:\/\/api.w.org\/{rel}","templated":true}]}}