{"id":117454,"date":"2020-09-25T16:06:58","date_gmt":"2020-09-25T19:06:58","guid":{"rendered":"http:\/\/www.hoymercedes.com.ar\/principal\/?p=117454"},"modified":"2020-09-26T14:08:59","modified_gmt":"2020-09-26T17:08:59","slug":"presupuesto-2021-vamos-a-levantarnos-y-reconstruir-el-pais","status":"publish","type":"post","link":"https:\/\/www.hoymercedes.com.ar\/principal\/2020\/09\/25\/presupuesto-2021-vamos-a-levantarnos-y-reconstruir-el-pais\/","title":{"rendered":"Presupuesto 2021: \u00abVamos a levantarnos y reconstruir el pa\u00eds\u00bb"},"content":{"rendered":"\n<p>El diputado nacional\u00a0<strong>Carlos Am\u00e9rico Selva<\/strong>, que es parte del Frente de Todos, valor\u00f3 la presentaci\u00f3n del Presupuesto 2021, tras escuchar al ministro de Econom\u00eda Mart\u00edn Guzm\u00e1n, quien este martes present\u00f3 el Presupuesto 2021 en la C\u00e1mara baja.<\/p>\n\n\n\n<figure class=\"wp-block-image size-large\"><img loading=\"lazy\" decoding=\"async\" width=\"1012\" height=\"852\" data-attachment-id=\"117455\" data-permalink=\"https:\/\/www.hoymercedes.com.ar\/principal\/2020\/09\/25\/presupuesto-2021-vamos-a-levantarnos-y-reconstruir-el-pais\/25-carlos-selvas\/#main\" data-orig-file=\"https:\/\/www.hoymercedes.com.ar\/principal\/wp-content\/uploads\/2020\/09\/25-Carlos-Selvas.jpg\" data-orig-size=\"1012,852\" data-comments-opened=\"0\" data-image-meta=\"{&quot;aperture&quot;:&quot;0&quot;,&quot;credit&quot;:&quot;&quot;,&quot;camera&quot;:&quot;&quot;,&quot;caption&quot;:&quot;&quot;,&quot;created_timestamp&quot;:&quot;0&quot;,&quot;copyright&quot;:&quot;&quot;,&quot;focal_length&quot;:&quot;0&quot;,&quot;iso&quot;:&quot;0&quot;,&quot;shutter_speed&quot;:&quot;0&quot;,&quot;title&quot;:&quot;&quot;,&quot;orientation&quot;:&quot;0&quot;}\" data-image-title=\"25 Carlos Selvas\" data-image-description=\"\" data-image-caption=\"\" data-large-file=\"https:\/\/www.hoymercedes.com.ar\/principal\/wp-content\/uploads\/2020\/09\/25-Carlos-Selvas.jpg\" src=\"https:\/\/www.hoymercedes.com.ar\/principal\/wp-content\/uploads\/2020\/09\/25-Carlos-Selvas.jpg\" alt=\"\" class=\"wp-image-117455\" srcset=\"https:\/\/www.hoymercedes.com.ar\/principal\/wp-content\/uploads\/2020\/09\/25-Carlos-Selvas.jpg 1012w, https:\/\/www.hoymercedes.com.ar\/principal\/wp-content\/uploads\/2020\/09\/25-Carlos-Selvas-630x530.jpg 630w, https:\/\/www.hoymercedes.com.ar\/principal\/wp-content\/uploads\/2020\/09\/25-Carlos-Selvas-150x126.jpg 150w\" sizes=\"auto, (max-width: 1012px) 100vw, 1012px\" \/><\/figure>\n\n\n\n<p>\u00abEl Gobierno present\u00f3 en la C\u00e1mara de Diputados el Presupuesto Nacional para el a\u00f1o 2021 como parte de un esquema integral de transici\u00f3n que apunta hacia la sostenibilidad, la estabilidad y el crecimiento de la Argentina, para que los argentinos y las argentinas puedan tener la certeza de que hay un Estado presente pensando en el futuro\u00bb, dijo Selva.<\/p>\n\n\n\n<p>\u00abEntre todos y todas vamos a levantarnos y a reconstruir la Argentina que so\u00f1amos\u00bb, sentenci\u00f3 el diputado nacional del Frente de Todos que es parte de las discusiones.<\/p>\n\n\n\n<p>En tanto, por primera vez desde que se renov\u00f3 el Protocolo de Funcionamiento Remoto, la C\u00e1mara de Diputados sesionar\u00e1 nuevamente en forma virtual. Ser\u00e1 este jueves a partir de las 15 y se tratar\u00e1 una serie de proyectos acordados, que ser\u00edan aprobados por amplia mayor\u00eda.<\/p>\n\n\n\n<p>La principal iniciativa del temario es la que apunta a refinanciar la deuda de las provincias con la ANSES y, paralelamente, modificar el modo de financiamiento de la Reparaci\u00f3n Hist\u00f3rica para proteger los activos del Fondo de Garant\u00eda de Sustentabilidad (FGS).<\/p>\n\n\n\n<p>Fuente: Carlos Selva Web<\/p>\n","protected":false},"excerpt":{"rendered":"<p>El diputado nacional\u00a0Carlos Am\u00e9rico Selva, que es parte del Frente de Todos, valor\u00f3 la presentaci\u00f3n del Presupuesto 2021, tras escuchar &#8230; <a title=\"Presupuesto 2021: \u00abVamos a levantarnos y reconstruir el pa\u00eds\u00bb\" class=\"read-more\" href=\"https:\/\/www.hoymercedes.com.ar\/principal\/2020\/09\/25\/presupuesto-2021-vamos-a-levantarnos-y-reconstruir-el-pais\/\" aria-label=\"Leer m\u00e1s sobre Presupuesto 2021: \u00abVamos a levantarnos y reconstruir el pa\u00eds\u00bb\">Leer m\u00e1s<\/a><\/p>\n","protected":false},"author":1,"featured_media":117455,"comment_status":"closed","ping_status":"open","sticky":false,"template":"","format":"standard","meta":{"_monsterinsights_skip_tracking":false,"_monsterinsights_sitenote_active":false,"_monsterinsights_sitenote_note":"","_monsterinsights_sitenote_category":0,"jetpack_post_was_ever_published":false,"_jetpack_newsletter_access":"","_jetpack_dont_email_post_to_subs":false,"_jetpack_newsletter_tier_id":0,"_jetpack_memberships_contains_paywalled_content":false,"_jetpack_memberships_contains_paid_content":false,"footnotes":"","jetpack_publicize_message":"","jetpack_publicize_feature_enabled":true,"jetpack_social_post_already_shared":true,"jetpack_social_options":{"image_generator_settings":{"template":"highway","default_image_id":0,"font":"","enabled":false},"version":2},"_wpas_customize_per_network":false},"categories":[5210],"tags":[39,10113,17138],"class_list":["post-117454","post","type-post","status-publish","format-standard","has-post-thumbnail","hentry","category-politica-nacional","tag-carlos-selva","tag-politica-nacional","tag-presupuesto-2021","generate-columns","tablet-grid-50","mobile-grid-100","grid-parent","grid-50"],"jetpack_publicize_connections":[],"jetpack_featured_media_url":"https:\/\/www.hoymercedes.com.ar\/principal\/wp-content\/uploads\/2020\/09\/25-Carlos-Selvas.jpg","wps_subtitle":"Previo a la sesi\u00f3n del Congreso","jetpack_sharing_enabled":true,"_links":{"self":[{"href":"https:\/\/www.hoymercedes.com.ar\/principal\/wp-json\/wp\/v2\/posts\/117454","targetHints":{"allow":["GET"]}}],"collection":[{"href":"https:\/\/www.hoymercedes.com.ar\/principal\/wp-json\/wp\/v2\/posts"}],"about":[{"href":"https:\/\/www.hoymercedes.com.ar\/principal\/wp-json\/wp\/v2\/types\/post"}],"author":[{"embeddable":true,"href":"https:\/\/www.hoymercedes.com.ar\/principal\/wp-json\/wp\/v2\/users\/1"}],"replies":[{"embeddable":true,"href":"https:\/\/www.hoymercedes.com.ar\/principal\/wp-json\/wp\/v2\/comments?post=117454"}],"version-history":[{"count":0,"href":"https:\/\/www.hoymercedes.com.ar\/principal\/wp-json\/wp\/v2\/posts\/117454\/revisions"}],"wp:featuredmedia":[{"embeddable":true,"href":"https:\/\/www.hoymercedes.com.ar\/principal\/wp-json\/wp\/v2\/media\/117455"}],"wp:attachment":[{"href":"https:\/\/www.hoymercedes.com.ar\/principal\/wp-json\/wp\/v2\/media?parent=117454"}],"wp:term":[{"taxonomy":"category","embeddable":true,"href":"https:\/\/www.hoymercedes.com.ar\/principal\/wp-json\/wp\/v2\/categories?post=117454"},{"taxonomy":"post_tag","embeddable":true,"href":"https:\/\/www.hoymercedes.com.ar\/principal\/wp-json\/wp\/v2\/tags?post=117454"}],"curies":[{"name":"wp","href":"https:\/\/api.w.org\/{rel}","templated":true}]}}