{"id":117458,"date":"2020-09-25T22:39:50","date_gmt":"2020-09-26T01:39:50","guid":{"rendered":"http:\/\/www.hoymercedes.com.ar\/principal\/?p=117458"},"modified":"2020-09-26T14:06:16","modified_gmt":"2020-09-26T17:06:16","slug":"coronavirus-trece-nuevos-pacientes-confirmaron-su-diagnostico","status":"publish","type":"post","link":"https:\/\/www.hoymercedes.com.ar\/principal\/2020\/09\/25\/coronavirus-trece-nuevos-pacientes-confirmaron-su-diagnostico\/","title":{"rendered":"Coronavirus: trece nuevos pacientes confirmaron su diagn\u00f3stico"},"content":{"rendered":"\n<p>En la noche del viernes, el Municipio de Mercedes y el Hospital Blas L. Dubarry confirmaron 13 nuevos casos de covid-19 en la ciudad. Con estas cifras, los registros de la localidad dan cuenta de 1066 contagios desde el inicio de la pandemia. La informaci\u00f3n destaca que el Laboratorio del Dubarry analiz\u00f3 50 muestras de pacientes sospechosos. <\/p>\n\n\n\n<div class=\"wp-block-image\"><figure class=\"aligncenter size-large\"><img loading=\"lazy\" decoding=\"async\" width=\"800\" height=\"800\" data-attachment-id=\"117467\" data-permalink=\"https:\/\/www.hoymercedes.com.ar\/principal\/2020\/09\/25\/coronavirus-trece-nuevos-pacientes-confirmaron-su-diagnostico\/whatsapp-image-2020-09-25-at-22-27-13\/#main\" data-orig-file=\"https:\/\/www.hoymercedes.com.ar\/principal\/wp-content\/uploads\/2020\/09\/WhatsApp-Image-2020-09-25-at-22.27.13.jpeg\" data-orig-size=\"800,800\" data-comments-opened=\"0\" data-image-meta=\"{&quot;aperture&quot;:&quot;0&quot;,&quot;credit&quot;:&quot;&quot;,&quot;camera&quot;:&quot;&quot;,&quot;caption&quot;:&quot;&quot;,&quot;created_timestamp&quot;:&quot;0&quot;,&quot;copyright&quot;:&quot;&quot;,&quot;focal_length&quot;:&quot;0&quot;,&quot;iso&quot;:&quot;0&quot;,&quot;shutter_speed&quot;:&quot;0&quot;,&quot;title&quot;:&quot;&quot;,&quot;orientation&quot;:&quot;0&quot;}\" data-image-title=\"WhatsApp-Image-2020-09-25-at-22.27.13\" data-image-description=\"\" data-image-caption=\"\" data-large-file=\"https:\/\/www.hoymercedes.com.ar\/principal\/wp-content\/uploads\/2020\/09\/WhatsApp-Image-2020-09-25-at-22.27.13.jpeg\" src=\"https:\/\/www.hoymercedes.com.ar\/principal\/wp-content\/uploads\/2020\/09\/WhatsApp-Image-2020-09-25-at-22.27.13.jpeg\" alt=\"\" class=\"wp-image-117467\" srcset=\"https:\/\/www.hoymercedes.com.ar\/principal\/wp-content\/uploads\/2020\/09\/WhatsApp-Image-2020-09-25-at-22.27.13.jpeg 800w, https:\/\/www.hoymercedes.com.ar\/principal\/wp-content\/uploads\/2020\/09\/WhatsApp-Image-2020-09-25-at-22.27.13-620x620.jpeg 620w, https:\/\/www.hoymercedes.com.ar\/principal\/wp-content\/uploads\/2020\/09\/WhatsApp-Image-2020-09-25-at-22.27.13-150x150.jpeg 150w\" sizes=\"auto, (max-width: 800px) 100vw, 800px\" \/><\/figure><\/div>\n\n\n\n<p>El informe expresa: <\/p>\n\n\n\n<p>\u00abEn el d\u00eda de la fecha el Laboratorio de Virolog\u00eda Molecular Municipal por medio de los procesos cient\u00edficos que lleva adelante cotidianamente detect\u00f3 13 nuevos casos para covid.<br>Los casos tienen su ra\u00edz epidemiol\u00f3gica y correspondiente trabajo de rastreo y seguimiento.<br>Al d\u00eda de la fecha tenemos 202 casos activos con 14 altas m\u00e9dicas. <br>Por su parte 1066 casos se registraron desde iniciada la pandemia con 847 pacientes recuperados del virus.<br>En seguimiento por contacto estrecho contin\u00faan a instancias del Centro de Teleseguimiento con 93 operadores socio sanitarios se encuentran 765 mercedinos.<br>En cuanto al Centro de Aislamiento Sanitario II con todas las normas socio sanitarias y un fuerte trabajo de Salud, Protecci\u00f3n Civil, SAME, Seguridad, Desarrollo Social y Servicios P\u00fablicos tiene a 3 pacientes alojados, aislados y monitoreados\u00bb.<\/p>\n\n\n\n<p><strong>Informe nacional<\/strong><\/p>\n\n\n\n<p>Desde el Ministerio de Salud de Naci\u00f3n confirmaron 12.969 nuevos casos de COVID-19. Con estos registros, suman 691.235 positivos en el pa\u00eds, de los cuales 546.924 son pacientes recuperados y 129.103 son casos confirmados activos. En las \u00faltimas 24 horas fueron realizados 25.098 testeos y desde el inicio del brote se realizaron 1.868.089 pruebas diagn\u00f3sticas para esta enfermedad, lo que equivale a 41.168,3 muestras por mill\u00f3n de habitantes.<\/p>\n\n\n\n<p>Durante esta jornada, los pacientes confirmados con covid-19 pertenecen a: provincia de Buenos Aires 5.600; Ciudad de Buenos Aires 926; Catamarca 6; Chaco 120; Chubut 207; C\u00f3rdoba 1.575; Entre R\u00edos 165; Jujuy 193; La Pampa 25; La Rioja 106; Mendoza 768; Misiones 2; Neuqu\u00e9n 105; R\u00edo Negro 227; Salta 469; San Juan 8; San Luis 94; Santa Cruz 139; Santa Fe 1.728; Santiago del Estero 94; Tierra del Fuego 37 y Tucum\u00e1n 383. <\/p>\n\n\n\n<p>En las \u00faltimas 24 horas, se notificaron 443 nuevas muertes, son 243 hombres y 200 mujeres. Al momento la cantidad de personas fallecidas es 15.208. La provincia de Buenos Aires inform\u00f3 en el d\u00eda de la fecha que registra un total de fallecidos de 12.566, de los cuales 3.459 a\u00fan no se encuentran cargados en el Sistema Nacional de Vigilancia de la Salud (SNVS).<\/p>\n","protected":false},"excerpt":{"rendered":"<p>En la noche del viernes, el Municipio de Mercedes y el Hospital Blas L. Dubarry confirmaron 13 nuevos casos de &#8230; <a title=\"Coronavirus: trece nuevos pacientes confirmaron su diagn\u00f3stico\" class=\"read-more\" href=\"https:\/\/www.hoymercedes.com.ar\/principal\/2020\/09\/25\/coronavirus-trece-nuevos-pacientes-confirmaron-su-diagnostico\/\" aria-label=\"Leer m\u00e1s sobre Coronavirus: trece nuevos pacientes confirmaron su diagn\u00f3stico\">Leer m\u00e1s<\/a><\/p>\n","protected":false},"author":1,"featured_media":117467,"comment_status":"closed","ping_status":"open","sticky":false,"template":"","format":"standard","meta":{"_monsterinsights_skip_tracking":false,"_monsterinsights_sitenote_active":false,"_monsterinsights_sitenote_note":"","_monsterinsights_sitenote_category":0,"jetpack_post_was_ever_published":false,"_jetpack_newsletter_access":"","_jetpack_dont_email_post_to_subs":false,"_jetpack_newsletter_tier_id":0,"_jetpack_memberships_contains_paywalled_content":false,"_jetpack_memberships_contains_paid_content":false,"footnotes":"","jetpack_publicize_message":"","jetpack_publicize_feature_enabled":true,"jetpack_social_post_already_shared":true,"jetpack_social_options":{"image_generator_settings":{"template":"highway","default_image_id":0,"font":"","enabled":false},"version":2},"_wpas_customize_per_network":false},"categories":[9791],"tags":[16561,17137,16175,16313],"class_list":["post-117458","post","type-post","status-publish","format-standard","has-post-thumbnail","hentry","category-salud","tag-cierre-del-dia","tag-confirmados-del-dia","tag-coronavirus","tag-covid-19","generate-columns","tablet-grid-50","mobile-grid-100","grid-parent","grid-50"],"jetpack_publicize_connections":[],"jetpack_featured_media_url":"https:\/\/www.hoymercedes.com.ar\/principal\/wp-content\/uploads\/2020\/09\/WhatsApp-Image-2020-09-25-at-22.27.13.jpeg","wps_subtitle":"Cierre del d\u00eda","jetpack_sharing_enabled":true,"_links":{"self":[{"href":"https:\/\/www.hoymercedes.com.ar\/principal\/wp-json\/wp\/v2\/posts\/117458","targetHints":{"allow":["GET"]}}],"collection":[{"href":"https:\/\/www.hoymercedes.com.ar\/principal\/wp-json\/wp\/v2\/posts"}],"about":[{"href":"https:\/\/www.hoymercedes.com.ar\/principal\/wp-json\/wp\/v2\/types\/post"}],"author":[{"embeddable":true,"href":"https:\/\/www.hoymercedes.com.ar\/principal\/wp-json\/wp\/v2\/users\/1"}],"replies":[{"embeddable":true,"href":"https:\/\/www.hoymercedes.com.ar\/principal\/wp-json\/wp\/v2\/comments?post=117458"}],"version-history":[{"count":0,"href":"https:\/\/www.hoymercedes.com.ar\/principal\/wp-json\/wp\/v2\/posts\/117458\/revisions"}],"wp:featuredmedia":[{"embeddable":true,"href":"https:\/\/www.hoymercedes.com.ar\/principal\/wp-json\/wp\/v2\/media\/117467"}],"wp:attachment":[{"href":"https:\/\/www.hoymercedes.com.ar\/principal\/wp-json\/wp\/v2\/media?parent=117458"}],"wp:term":[{"taxonomy":"category","embeddable":true,"href":"https:\/\/www.hoymercedes.com.ar\/principal\/wp-json\/wp\/v2\/categories?post=117458"},{"taxonomy":"post_tag","embeddable":true,"href":"https:\/\/www.hoymercedes.com.ar\/principal\/wp-json\/wp\/v2\/tags?post=117458"}],"curies":[{"name":"wp","href":"https:\/\/api.w.org\/{rel}","templated":true}]}}