{"id":117474,"date":"2020-09-26T07:47:21","date_gmt":"2020-09-26T10:47:21","guid":{"rendered":"http:\/\/www.hoymercedes.com.ar\/principal\/?p=117474"},"modified":"2020-09-26T14:05:16","modified_gmt":"2020-09-26T17:05:16","slug":"sitio-web-para-reservar-en-locales-gastronomicos-y-recreativos","status":"publish","type":"post","link":"https:\/\/www.hoymercedes.com.ar\/principal\/2020\/09\/26\/sitio-web-para-reservar-en-locales-gastronomicos-y-recreativos\/","title":{"rendered":"Sitio web para reservar en locales gastron\u00f3micos y recreativos"},"content":{"rendered":"\n<p>Las primeras semanas con la apertura de locales gastron\u00f3micos bajo protocolo permiti\u00f3 presentar dos sitios web que le permite a los comensales realizar la reserva de la mesa.  Las p\u00e1ginas son:\u00a0<a rel=\"noreferrer noopener\" target=\"_blank\" href=\"http:\/\/reservas.mercedes.gob.ar\/\">reservas.mercedes.gob.ar<\/a>\u00a0y se sum\u00f3 \u00a0<a rel=\"noreferrer noopener\" target=\"_blank\" href=\"http:\/\/mercedesya.com\/gastronom%C3%ADa\">mercedesya.com\/gastronom\u00eda<\/a><\/p>\n\n\n\n<div class=\"wp-block-image\"><figure class=\"aligncenter size-large\"><img loading=\"lazy\" decoding=\"async\" width=\"800\" height=\"600\" data-attachment-id=\"117475\" data-permalink=\"https:\/\/www.hoymercedes.com.ar\/principal\/2020\/09\/26\/sitio-web-para-reservar-en-locales-gastronomicos-y-recreativos\/soto-boragno\/#main\" data-orig-file=\"https:\/\/www.hoymercedes.com.ar\/principal\/wp-content\/uploads\/2020\/09\/Soto-Boragno.jpeg\" data-orig-size=\"800,600\" data-comments-opened=\"0\" data-image-meta=\"{&quot;aperture&quot;:&quot;0&quot;,&quot;credit&quot;:&quot;&quot;,&quot;camera&quot;:&quot;&quot;,&quot;caption&quot;:&quot;&quot;,&quot;created_timestamp&quot;:&quot;0&quot;,&quot;copyright&quot;:&quot;&quot;,&quot;focal_length&quot;:&quot;0&quot;,&quot;iso&quot;:&quot;0&quot;,&quot;shutter_speed&quot;:&quot;0&quot;,&quot;title&quot;:&quot;&quot;,&quot;orientation&quot;:&quot;0&quot;}\" data-image-title=\"Soto-Boragno\" data-image-description=\"\" data-image-caption=\"\" data-large-file=\"https:\/\/www.hoymercedes.com.ar\/principal\/wp-content\/uploads\/2020\/09\/Soto-Boragno.jpeg\" src=\"https:\/\/www.hoymercedes.com.ar\/principal\/wp-content\/uploads\/2020\/09\/Soto-Boragno.jpeg\" alt=\"\" class=\"wp-image-117475\" srcset=\"https:\/\/www.hoymercedes.com.ar\/principal\/wp-content\/uploads\/2020\/09\/Soto-Boragno.jpeg 800w, https:\/\/www.hoymercedes.com.ar\/principal\/wp-content\/uploads\/2020\/09\/Soto-Boragno-630x473.jpeg 630w, https:\/\/www.hoymercedes.com.ar\/principal\/wp-content\/uploads\/2020\/09\/Soto-Boragno-150x113.jpeg 150w\" sizes=\"auto, (max-width: 800px) 100vw, 800px\" \/><\/figure><\/div>\n\n\n\n<p>El director de turismo de nuestra ciudad, Mart\u00edn Boragno expres\u00f3 \u201cla Municipalidad de Mercedes a trav\u00e9s del \u00e1rea de modernizaci\u00f3n hizo un sistema de reserva donde se encuentran no solamente los gastron\u00f3micos del casco urbano, sino tambi\u00e9n, del polo gastron\u00f3mico de Tom\u00e1s Jofr\u00e9\u201d y destac\u00f3 \u201cla ciudad cuenta con una gastronom\u00eda muy importante y nos permite a trav\u00e9s de esta p\u00e1gina vincular al cliente directamente con los locales de una manera muy sencilla\u201d.<\/p>\n\n\n\n<p>Asimismo, Boragno apunt\u00f3 \u201cesto viene funcionando ya hace unas semanas, queremos agradecer a todo el equipo de modernizaci\u00f3n por jerarquizar este sistema de reservas y ahora a Carlos Soto por profundizarlo, con qui\u00e9n, adem\u00e1s, estamos pensando en diferentes estrategias, no s\u00f3lo para el casco urbano, sino tambi\u00e9n, para el polo de Tom\u00e1s Jofr\u00e9\u201d.<\/p>\n\n\n\n<p>Carlos Soto, desarrollador manifest\u00f3 \u201cel Municipio desarroll\u00f3 un sistema de reservas, cada uno de los establecimientos tiene un formulario propio donde el cliente puede hacer la reserva, dejando los datos b\u00e1sicos, eligiendo un d\u00eda y un horario, y nosotros lo que hicimos fue una capa m\u00e1s de abstracci\u00f3n para que los distintos vecinos puedan acceder a estos mismos establecimientos pero desde un mapa\u201d y agreg\u00f3 \u201cel mismo tiene ubicado a cada uno de los restoranes y bares, tanto del casco urbano como de Tom\u00e1s Jofr\u00e9, donde se accede a los datos b\u00e1sicos del lugar, m\u00e1s el formulario de ese local\u201d.<\/p>\n\n\n\n<p>Por Prensa Municipal<\/p>\n","protected":false},"excerpt":{"rendered":"<p>Las primeras semanas con la apertura de locales gastron\u00f3micos bajo protocolo permiti\u00f3 presentar dos sitios web que le permite a &#8230; <a title=\"Sitio web para reservar en locales gastron\u00f3micos y recreativos\" class=\"read-more\" href=\"https:\/\/www.hoymercedes.com.ar\/principal\/2020\/09\/26\/sitio-web-para-reservar-en-locales-gastronomicos-y-recreativos\/\" aria-label=\"Leer m\u00e1s sobre Sitio web para reservar en locales gastron\u00f3micos y recreativos\">Leer m\u00e1s<\/a><\/p>\n","protected":false},"author":5,"featured_media":117475,"comment_status":"closed","ping_status":"open","sticky":false,"template":"","format":"standard","meta":{"_monsterinsights_skip_tracking":false,"_monsterinsights_sitenote_active":false,"_monsterinsights_sitenote_note":"","_monsterinsights_sitenote_category":0,"jetpack_post_was_ever_published":false,"_jetpack_newsletter_access":"","_jetpack_dont_email_post_to_subs":false,"_jetpack_newsletter_tier_id":0,"_jetpack_memberships_contains_paywalled_content":false,"_jetpack_memberships_contains_paid_content":false,"footnotes":"","jetpack_publicize_message":"","jetpack_publicize_feature_enabled":true,"jetpack_social_post_already_shared":true,"jetpack_social_options":{"image_generator_settings":{"template":"highway","default_image_id":0,"font":"","enabled":false},"version":2},"_wpas_customize_per_network":false},"categories":[30],"tags":[17135,17136,17134],"class_list":["post-117474","post","type-post","status-publish","format-standard","has-post-thumbnail","hentry","category-municipio","tag-comercio-gastronomico","tag-reservas","tag-sitios-web","generate-columns","tablet-grid-50","mobile-grid-100","grid-parent","grid-50"],"jetpack_publicize_connections":[],"jetpack_featured_media_url":"https:\/\/www.hoymercedes.com.ar\/principal\/wp-content\/uploads\/2020\/09\/Soto-Boragno.jpeg","wps_subtitle":"Para locales en la ciudad y en zona rural","jetpack_sharing_enabled":true,"_links":{"self":[{"href":"https:\/\/www.hoymercedes.com.ar\/principal\/wp-json\/wp\/v2\/posts\/117474","targetHints":{"allow":["GET"]}}],"collection":[{"href":"https:\/\/www.hoymercedes.com.ar\/principal\/wp-json\/wp\/v2\/posts"}],"about":[{"href":"https:\/\/www.hoymercedes.com.ar\/principal\/wp-json\/wp\/v2\/types\/post"}],"author":[{"embeddable":true,"href":"https:\/\/www.hoymercedes.com.ar\/principal\/wp-json\/wp\/v2\/users\/5"}],"replies":[{"embeddable":true,"href":"https:\/\/www.hoymercedes.com.ar\/principal\/wp-json\/wp\/v2\/comments?post=117474"}],"version-history":[{"count":0,"href":"https:\/\/www.hoymercedes.com.ar\/principal\/wp-json\/wp\/v2\/posts\/117474\/revisions"}],"wp:featuredmedia":[{"embeddable":true,"href":"https:\/\/www.hoymercedes.com.ar\/principal\/wp-json\/wp\/v2\/media\/117475"}],"wp:attachment":[{"href":"https:\/\/www.hoymercedes.com.ar\/principal\/wp-json\/wp\/v2\/media?parent=117474"}],"wp:term":[{"taxonomy":"category","embeddable":true,"href":"https:\/\/www.hoymercedes.com.ar\/principal\/wp-json\/wp\/v2\/categories?post=117474"},{"taxonomy":"post_tag","embeddable":true,"href":"https:\/\/www.hoymercedes.com.ar\/principal\/wp-json\/wp\/v2\/tags?post=117474"}],"curies":[{"name":"wp","href":"https:\/\/api.w.org\/{rel}","templated":true}]}}