{"id":117492,"date":"2020-09-26T16:45:39","date_gmt":"2020-09-26T19:45:39","guid":{"rendered":"http:\/\/www.hoymercedes.com.ar\/principal\/?p=117492"},"modified":"2020-09-26T16:26:11","modified_gmt":"2020-09-26T19:26:11","slug":"en-el-barrio-san-jorge-el-juez-no-autorizo-el-lanzamiento","status":"publish","type":"post","link":"https:\/\/www.hoymercedes.com.ar\/principal\/2020\/09\/26\/en-el-barrio-san-jorge-el-juez-no-autorizo-el-lanzamiento\/","title":{"rendered":"En el barrio San Jorge el juez no autoriz\u00f3 el lanzamiento"},"content":{"rendered":"\n<figure class=\"wp-block-image size-large\"><img loading=\"lazy\" decoding=\"async\" width=\"1024\" height=\"576\" data-attachment-id=\"117271\" data-permalink=\"https:\/\/www.hoymercedes.com.ar\/principal\/2020\/09\/21\/destacan-que-en-mercedes-no-hay-nuevas-tomas\/attachment\/380\/#main\" data-orig-file=\"https:\/\/www.hoymercedes.com.ar\/principal\/wp-content\/uploads\/2020\/09\/380.jpeg\" data-orig-size=\"1280,720\" data-comments-opened=\"0\" data-image-meta=\"{&quot;aperture&quot;:&quot;0&quot;,&quot;credit&quot;:&quot;&quot;,&quot;camera&quot;:&quot;&quot;,&quot;caption&quot;:&quot;&quot;,&quot;created_timestamp&quot;:&quot;0&quot;,&quot;copyright&quot;:&quot;&quot;,&quot;focal_length&quot;:&quot;0&quot;,&quot;iso&quot;:&quot;0&quot;,&quot;shutter_speed&quot;:&quot;0&quot;,&quot;title&quot;:&quot;&quot;,&quot;orientation&quot;:&quot;0&quot;}\" data-image-title=\"380\" data-image-description=\"\" data-image-caption=\"\" data-large-file=\"https:\/\/www.hoymercedes.com.ar\/principal\/wp-content\/uploads\/2020\/09\/380-1024x576.jpeg\" src=\"https:\/\/www.hoymercedes.com.ar\/principal\/wp-content\/uploads\/2020\/09\/380-1024x576.jpeg\" alt=\"\" class=\"wp-image-117271\" srcset=\"https:\/\/www.hoymercedes.com.ar\/principal\/wp-content\/uploads\/2020\/09\/380-1024x576.jpeg 1024w, https:\/\/www.hoymercedes.com.ar\/principal\/wp-content\/uploads\/2020\/09\/380-630x354.jpeg 630w, https:\/\/www.hoymercedes.com.ar\/principal\/wp-content\/uploads\/2020\/09\/380-150x84.jpeg 150w, https:\/\/www.hoymercedes.com.ar\/principal\/wp-content\/uploads\/2020\/09\/380.jpeg 1280w\" sizes=\"auto, (max-width: 1024px) 100vw, 1024px\" \/><\/figure>\n\n\n\n<p>El concejal Edgard Killmeate en la reuni\u00f3n de lunes solo habl\u00f3 respecto a las denuncias del barrio San Jorge. \u201cNos llaman los vecinos preocupados\u201d, dijo y el fiscal Baraldo Vict\u00f3rica fue claro: \u201cen la zona de San Jorge tenemos una sola denuncia que a\u00fan se est\u00e1 sustanciando\u201d. Y Javier Guevara pregunt\u00f3: \u201cEs el caso Caetano\u201d, a lo que el fiscal afirm\u00f3.<\/p>\n\n\n\n<p>Llamativamente d\u00edas despu\u00e9s de esa reuni\u00f3n en la cual los ediles de Juntos por el Cambio hicieron \u00fanicamente menci\u00f3n a la problem\u00e1tica de ese barrio, un grupo autodenominado vecinos de San Jorge remitieron a los medios una carta donde advierten sobre \u201cusurpaciones, ileg\u00edtimas, il\u00edcitas y hasta violentas de las que algunos han sido v\u00edctimas en los \u00faltimos tiempos\u201d.<\/p>\n\n\n\n<p>Entre los firmantes se encuentra el marido de una concejal de Juntos por el Cambio y las afirmaciones se contraponen con los dichos del propio fiscal Baraldo Victorica y el fiscal general Pablo Merola presentes en el encuentro del lunes. Y es que Caetano \u2013uno de los firmantes de la carta- denunci\u00f3 en enero del a\u00f1o 2019 que le hab\u00edan usurpado una finca. El fiscal Baraldo Victorica pidi\u00f3 el lanzamiento inmediato y el juez de garant\u00edas, Facundo Oliva no hizo lugar a tal solicitud porque entend\u00eda que no se encontraba debidamente acreditado no solo la titularidad del inmueble, sino que los ocupantes presentaron documentaci\u00f3n que dar\u00eda cuenta del ejercicio de la posesi\u00f3n desde hac\u00eda 7 a\u00f1os. En aquella oportunidad el fiscal le solicit\u00f3 al denunciante que le acompa\u00f1e una documentaci\u00f3n que jam\u00e1s alcanz\u00f3 a la sede fiscal.<\/p>\n\n\n\n<p>Hay quienes sostienen que la carta remitida a los medios tiene una clara intencionalidad pol\u00edtica ya que concluyen la nota confiando en la Justicia aunque omiten se\u00f1alar que fue precisamente la justicia \u2013en primera instancia y el a\u00f1o pasado- quien no hizo lugar al pedido de lanzamiento de los supuestos usurpadores.<\/p>\n\n\n\n<p>En este contexto vale destacar que antes que este tema tomara trascendencia medi\u00e1tica, se hab\u00eda iniciado un expediente administrativo en la Municipalidad de Mercedes por las construcciones clandestinas y la posible violaci\u00f3n a la ordenanza de zonificaci\u00f3n en el marco de la cual se cit\u00f3 a una audiencia para este mi\u00e9rcoles ante el juez de faltas Mat\u00edas Maresca.<\/p>\n","protected":false},"excerpt":{"rendered":"<p>El concejal Edgard Killmeate en la reuni\u00f3n de lunes solo habl\u00f3 respecto a las denuncias del barrio San Jorge. \u201cNos &#8230; <a title=\"En el barrio San Jorge el juez no autoriz\u00f3 el lanzamiento\" class=\"read-more\" href=\"https:\/\/www.hoymercedes.com.ar\/principal\/2020\/09\/26\/en-el-barrio-san-jorge-el-juez-no-autorizo-el-lanzamiento\/\" aria-label=\"Leer m\u00e1s sobre En el barrio San Jorge el juez no autoriz\u00f3 el lanzamiento\">Leer m\u00e1s<\/a><\/p>\n","protected":false},"author":1,"featured_media":117271,"comment_status":"closed","ping_status":"open","sticky":false,"template":"","format":"standard","meta":{"_monsterinsights_skip_tracking":false,"_monsterinsights_sitenote_active":false,"_monsterinsights_sitenote_note":"","_monsterinsights_sitenote_category":0,"jetpack_post_was_ever_published":false,"_jetpack_newsletter_access":"","_jetpack_dont_email_post_to_subs":false,"_jetpack_newsletter_tier_id":0,"_jetpack_memberships_contains_paywalled_content":false,"_jetpack_memberships_contains_paid_content":false,"footnotes":"","jetpack_publicize_message":"","jetpack_publicize_feature_enabled":true,"jetpack_social_post_already_shared":true,"jetpack_social_options":{"image_generator_settings":{"template":"highway","default_image_id":0,"font":"","enabled":false},"version":2},"_wpas_customize_per_network":false},"categories":[8],"tags":[3324],"class_list":["post-117492","post","type-post","status-publish","format-standard","has-post-thumbnail","hentry","category-sociedad","tag-usurpacion","generate-columns","tablet-grid-50","mobile-grid-100","grid-parent","grid-50"],"jetpack_publicize_connections":[],"jetpack_featured_media_url":"https:\/\/www.hoymercedes.com.ar\/principal\/wp-content\/uploads\/2020\/09\/380.jpeg","wps_subtitle":"Trabajo en conjunto ","jetpack_sharing_enabled":true,"_links":{"self":[{"href":"https:\/\/www.hoymercedes.com.ar\/principal\/wp-json\/wp\/v2\/posts\/117492","targetHints":{"allow":["GET"]}}],"collection":[{"href":"https:\/\/www.hoymercedes.com.ar\/principal\/wp-json\/wp\/v2\/posts"}],"about":[{"href":"https:\/\/www.hoymercedes.com.ar\/principal\/wp-json\/wp\/v2\/types\/post"}],"author":[{"embeddable":true,"href":"https:\/\/www.hoymercedes.com.ar\/principal\/wp-json\/wp\/v2\/users\/1"}],"replies":[{"embeddable":true,"href":"https:\/\/www.hoymercedes.com.ar\/principal\/wp-json\/wp\/v2\/comments?post=117492"}],"version-history":[{"count":0,"href":"https:\/\/www.hoymercedes.com.ar\/principal\/wp-json\/wp\/v2\/posts\/117492\/revisions"}],"wp:featuredmedia":[{"embeddable":true,"href":"https:\/\/www.hoymercedes.com.ar\/principal\/wp-json\/wp\/v2\/media\/117271"}],"wp:attachment":[{"href":"https:\/\/www.hoymercedes.com.ar\/principal\/wp-json\/wp\/v2\/media?parent=117492"}],"wp:term":[{"taxonomy":"category","embeddable":true,"href":"https:\/\/www.hoymercedes.com.ar\/principal\/wp-json\/wp\/v2\/categories?post=117492"},{"taxonomy":"post_tag","embeddable":true,"href":"https:\/\/www.hoymercedes.com.ar\/principal\/wp-json\/wp\/v2\/tags?post=117492"}],"curies":[{"name":"wp","href":"https:\/\/api.w.org\/{rel}","templated":true}]}}