{"id":117531,"date":"2020-09-27T11:11:15","date_gmt":"2020-09-27T14:11:15","guid":{"rendered":"http:\/\/www.hoymercedes.com.ar\/principal\/?p=117531"},"modified":"2020-09-28T23:39:53","modified_gmt":"2020-09-29T02:39:53","slug":"avanzan-las-obras-en-lotes-para-mi-terreno","status":"publish","type":"post","link":"https:\/\/www.hoymercedes.com.ar\/principal\/2020\/09\/27\/avanzan-las-obras-en-lotes-para-mi-terreno\/","title":{"rendered":"Avanzan las obras en lotes para Mi Terreno"},"content":{"rendered":"\n<p>Desde el Municipio de Mercedes informaron que la semana que pas\u00f3 se comenz\u00f3 con la apertura de calles en el predio donde se intalar\u00e1n las casas de los beneficiarios del programa Mi Terreno. Con maquinaria municipal se procedi\u00f3 al desmonte de 17 hect\u00e1reas para los 174 lotes- <\/p>\n\n\n\n<p>Esta tarea permitir\u00e1 que los vecinos beneficiarios del plan puedan comenzar con las obras para la instalaci\u00f3n de sus viviendas. En tanto, los beneficiarios de la primera entrega de los terrenos en el Barrio Favaloro comenzaron a cercar sus lotes. Asimismo, explicaron que para el predio de mayor tama\u00f1o que fue limpiado, convocar\u00edan a concurso de precios para realizar una tarea de mayor envergadura. <\/p>\n\n\n\n<div class=\"wp-block-image\"><figure class=\"aligncenter size-large\"><img loading=\"lazy\" decoding=\"async\" width=\"800\" height=\"533\" data-attachment-id=\"117532\" data-permalink=\"https:\/\/www.hoymercedes.com.ar\/principal\/2020\/09\/27\/avanzan-las-obras-en-lotes-para-mi-terreno\/900-2\/#main\" data-orig-file=\"https:\/\/www.hoymercedes.com.ar\/principal\/wp-content\/uploads\/2020\/09\/900-1.jpeg\" data-orig-size=\"800,533\" data-comments-opened=\"0\" data-image-meta=\"{&quot;aperture&quot;:&quot;0&quot;,&quot;credit&quot;:&quot;&quot;,&quot;camera&quot;:&quot;&quot;,&quot;caption&quot;:&quot;&quot;,&quot;created_timestamp&quot;:&quot;0&quot;,&quot;copyright&quot;:&quot;&quot;,&quot;focal_length&quot;:&quot;0&quot;,&quot;iso&quot;:&quot;0&quot;,&quot;shutter_speed&quot;:&quot;0&quot;,&quot;title&quot;:&quot;&quot;,&quot;orientation&quot;:&quot;0&quot;}\" data-image-title=\"900\" data-image-description=\"\" data-image-caption=\"\" data-large-file=\"https:\/\/www.hoymercedes.com.ar\/principal\/wp-content\/uploads\/2020\/09\/900-1.jpeg\" src=\"https:\/\/www.hoymercedes.com.ar\/principal\/wp-content\/uploads\/2020\/09\/900-1.jpeg\" alt=\"\" class=\"wp-image-117532\" srcset=\"https:\/\/www.hoymercedes.com.ar\/principal\/wp-content\/uploads\/2020\/09\/900-1.jpeg 800w, https:\/\/www.hoymercedes.com.ar\/principal\/wp-content\/uploads\/2020\/09\/900-1-630x420.jpeg 630w, https:\/\/www.hoymercedes.com.ar\/principal\/wp-content\/uploads\/2020\/09\/900-1-150x100.jpeg 150w, https:\/\/www.hoymercedes.com.ar\/principal\/wp-content\/uploads\/2020\/09\/900-1-700x465.jpeg 700w\" sizes=\"auto, (max-width: 800px) 100vw, 800px\" \/><\/figure><\/div>\n","protected":false},"excerpt":{"rendered":"<p>Desde el Municipio de Mercedes informaron que la semana que pas\u00f3 se comenz\u00f3 con la apertura de calles en el &#8230; <a title=\"Avanzan las obras en lotes para Mi Terreno\" class=\"read-more\" href=\"https:\/\/www.hoymercedes.com.ar\/principal\/2020\/09\/27\/avanzan-las-obras-en-lotes-para-mi-terreno\/\" aria-label=\"Leer m\u00e1s sobre Avanzan las obras en lotes para Mi Terreno\">Leer m\u00e1s<\/a><\/p>\n","protected":false},"author":5,"featured_media":117532,"comment_status":"closed","ping_status":"open","sticky":false,"template":"","format":"standard","meta":{"_monsterinsights_skip_tracking":false,"_monsterinsights_sitenote_active":false,"_monsterinsights_sitenote_note":"","_monsterinsights_sitenote_category":0,"jetpack_post_was_ever_published":false,"_jetpack_newsletter_access":"","_jetpack_dont_email_post_to_subs":false,"_jetpack_newsletter_tier_id":0,"_jetpack_memberships_contains_paywalled_content":false,"_jetpack_memberships_contains_paid_content":false,"footnotes":"","jetpack_publicize_message":"","jetpack_publicize_feature_enabled":true,"jetpack_social_post_already_shared":true,"jetpack_social_options":{"image_generator_settings":{"template":"highway","default_image_id":0,"font":"","enabled":false},"version":2},"_wpas_customize_per_network":false},"categories":[30],"tags":[17152,14241,244],"class_list":["post-117531","post","type-post","status-publish","format-standard","has-post-thumbnail","hentry","category-municipio","tag-lotes","tag-mi-terreno","tag-municipio-2","generate-columns","tablet-grid-50","mobile-grid-100","grid-parent","grid-50"],"jetpack_publicize_connections":[],"jetpack_featured_media_url":"https:\/\/www.hoymercedes.com.ar\/principal\/wp-content\/uploads\/2020\/09\/900-1.jpeg","wps_subtitle":"Informaci\u00f3n municipal","jetpack_sharing_enabled":true,"_links":{"self":[{"href":"https:\/\/www.hoymercedes.com.ar\/principal\/wp-json\/wp\/v2\/posts\/117531","targetHints":{"allow":["GET"]}}],"collection":[{"href":"https:\/\/www.hoymercedes.com.ar\/principal\/wp-json\/wp\/v2\/posts"}],"about":[{"href":"https:\/\/www.hoymercedes.com.ar\/principal\/wp-json\/wp\/v2\/types\/post"}],"author":[{"embeddable":true,"href":"https:\/\/www.hoymercedes.com.ar\/principal\/wp-json\/wp\/v2\/users\/5"}],"replies":[{"embeddable":true,"href":"https:\/\/www.hoymercedes.com.ar\/principal\/wp-json\/wp\/v2\/comments?post=117531"}],"version-history":[{"count":0,"href":"https:\/\/www.hoymercedes.com.ar\/principal\/wp-json\/wp\/v2\/posts\/117531\/revisions"}],"wp:featuredmedia":[{"embeddable":true,"href":"https:\/\/www.hoymercedes.com.ar\/principal\/wp-json\/wp\/v2\/media\/117532"}],"wp:attachment":[{"href":"https:\/\/www.hoymercedes.com.ar\/principal\/wp-json\/wp\/v2\/media?parent=117531"}],"wp:term":[{"taxonomy":"category","embeddable":true,"href":"https:\/\/www.hoymercedes.com.ar\/principal\/wp-json\/wp\/v2\/categories?post=117531"},{"taxonomy":"post_tag","embeddable":true,"href":"https:\/\/www.hoymercedes.com.ar\/principal\/wp-json\/wp\/v2\/tags?post=117531"}],"curies":[{"name":"wp","href":"https:\/\/api.w.org\/{rel}","templated":true}]}}