{"id":117542,"date":"2020-09-27T17:19:16","date_gmt":"2020-09-27T20:19:16","guid":{"rendered":"http:\/\/www.hoymercedes.com.ar\/principal\/?p=117542"},"modified":"2020-09-27T17:19:22","modified_gmt":"2020-09-27T20:19:22","slug":"se-espera-esta-semana-el-anuncio-del-nuevo-secretario-de-salud-municipal","status":"publish","type":"post","link":"https:\/\/www.hoymercedes.com.ar\/principal\/2020\/09\/27\/se-espera-esta-semana-el-anuncio-del-nuevo-secretario-de-salud-municipal\/","title":{"rendered":"Se espera esta semana el anuncio del nuevo Secretario de Salud Municipal"},"content":{"rendered":"\n<p>El intendente Ustarroz en las pr\u00f3ximas jornadas anunciar\u00e1 quien ser\u00e1 el pr\u00f3ximo Secretario de Salud. Se dice es un reconocido profesional m\u00e9dico sin antecedentes en pol\u00edtica. Tendr\u00e1 un perfil acad\u00e9mico y de gesti\u00f3n. Por su parte, Pablo Cassiani continuar\u00e1 como director del hospital y vinculado estrechamente con la gesti\u00f3n de Juani Ustarroz.<\/p>\n\n\n\n<p>El intendente Ustarroz a\u00fan no confirm\u00f3 por los hechos, pero si es una realidad que en el \u00e1rea se conoce. Se supo extra oficialmente que el intendente ya tuvo varias reuniones con el profesional m\u00e9dico que empezar\u00e1 a dirigir la cartera sanitaria.<\/p>\n\n\n\n<p>Por su parte, el Dr. Cassiani en su facebook personal expres\u00f3:<\/p>\n\n\n\n<p>LA PANDEMIA NOS OBLIGA A SER MEJORES D\u00cdA A DIA \ud83d\udcaa\ud83d\udcaa<\/p>\n\n\n\n<p>A comienzos de este a\u00f1o, asum\u00ed como director del Hospital \ud83c\udfe5, conservando mi cargo Ad Honoren de Secretario de Salud del Municipio. El desaf\u00edo: unificar el sistema de Salud. La pandemia lejos de contradecir ese objetivo, lo consolid\u00f3 y hoy podemos decir que tenemos un sistema <a href=\"https:\/\/www.facebook.com\/hashtag\/unificado?__eep__=6&amp;source=feed_text&amp;epa=HASHTAG\" target=\"_blank\" rel=\"noopener\">#UNIFICADO<\/a>, incluso con el sector privado con el cual trabajamos cotidianamente.<\/p>\n\n\n\n<p>Es momento entonces de incorporar nuevos actores, profesionales que se sumen en esta hermosa aventura de la salud p\u00fablica. Hemos encontrado a la persona adecuada para que asuma la responsabilidad y la conducci\u00f3n de la Secretaria.<\/p>\n\n\n\n<p>Con un poco de nostalgia, en los pr\u00f3ximos d\u00edas dejar\u00e9 de ser Secretario de Salud. Han sido muchos a\u00f1os, 12 desde que trabajo dentro del \u00e1mbito municipal, y ya es momento de que otros asuman el desaf\u00edo.<\/p>\n\n\n\n<p>Continuar\u00e9 mi labor y mi compromiso con la salud de TODOS LOS MERCEDINOS. Sigo formando parte de este maravilloso equipo que Juani ha sabido construir.<\/p>\n\n\n\n<p>Quiero agradecerles a mis amigos\/as y compa\u00f1eros\/as de la secretaria, a todos y a cada uno en particular por el compromiso asumido. Somos una familia, siempre me han hecho sentir as\u00ed.\u2764\ufe0f\u2764\ufe0f Desde el esfuerzo, la responsabilidad y tambi\u00e9n la camarader\u00eda, hemos logrado grandes cambios en la salud mercedina. Gracias por su paciencia, por bancarse mis locuras y mi ansiedad. Sobre todo gracias por estar siempre y ense\u00f1arme tanto.\ud83e\udd70<\/p>\n\n\n\n<p>Gracias Juani por confiar en m\u00ed, por empoderar la salud y darme la oportunidad de crecer continuamente.<\/p>\n\n\n\n<p>Continuo a disposici\u00f3n de uds, mis amigos y de cada mercedino siempre.<\/p>\n\n\n\n<p>GRACIAS<\/p>\n\n\n\n<p><a href=\"https:\/\/www.facebook.com\/hashtag\/amolasaludpublica?__eep__=6&amp;source=feed_text&amp;epa=HASHTAG\" target=\"_blank\" rel=\"noopener\">#AmoLaSaludPublica<\/a><\/p>\n\n\n\n<figure class=\"wp-block-embed\"><div class=\"wp-block-embed__wrapper\">\nhttps:\/\/www.facebook.com\/plugins\/post.php?href=https%3A%2F%2Fwww.facebook.com%2Fpablomcassiani%2Fposts%2F10158569111234054&#038;width=500\n<\/div><\/figure>\n","protected":false},"excerpt":{"rendered":"<p>El intendente Ustarroz en las pr\u00f3ximas jornadas anunciar\u00e1 quien ser\u00e1 el pr\u00f3ximo Secretario de Salud. Se dice es un reconocido &#8230; <a title=\"Se espera esta semana el anuncio del nuevo Secretario de Salud Municipal\" class=\"read-more\" href=\"https:\/\/www.hoymercedes.com.ar\/principal\/2020\/09\/27\/se-espera-esta-semana-el-anuncio-del-nuevo-secretario-de-salud-municipal\/\" aria-label=\"Leer m\u00e1s sobre Se espera esta semana el anuncio del nuevo Secretario de Salud Municipal\">Leer m\u00e1s<\/a><\/p>\n","protected":false},"author":1,"featured_media":113362,"comment_status":"closed","ping_status":"open","sticky":false,"template":"","format":"standard","meta":{"_monsterinsights_skip_tracking":false,"_monsterinsights_sitenote_active":false,"_monsterinsights_sitenote_note":"","_monsterinsights_sitenote_category":0,"jetpack_post_was_ever_published":false,"_jetpack_newsletter_access":"","_jetpack_dont_email_post_to_subs":false,"_jetpack_newsletter_tier_id":0,"_jetpack_memberships_contains_paywalled_content":false,"_jetpack_memberships_contains_paid_content":false,"footnotes":"","jetpack_publicize_message":"","jetpack_publicize_feature_enabled":true,"jetpack_social_post_already_shared":true,"jetpack_social_options":{"image_generator_settings":{"template":"highway","default_image_id":0,"font":"","enabled":false},"version":2},"_wpas_customize_per_network":false},"categories":[30],"tags":[540,4650],"class_list":["post-117542","post","type-post","status-publish","format-standard","has-post-thumbnail","hentry","category-municipio","tag-juani-ustarroz","tag-pablo-cassiani","generate-columns","tablet-grid-50","mobile-grid-100","grid-parent","grid-50"],"jetpack_publicize_connections":[],"jetpack_featured_media_url":"https:\/\/www.hoymercedes.com.ar\/principal\/wp-content\/uploads\/2020\/07\/Ustarroz-Cassiani.jpg","wps_subtitle":"Politica y gesti\u00f3n ","jetpack_sharing_enabled":true,"_links":{"self":[{"href":"https:\/\/www.hoymercedes.com.ar\/principal\/wp-json\/wp\/v2\/posts\/117542","targetHints":{"allow":["GET"]}}],"collection":[{"href":"https:\/\/www.hoymercedes.com.ar\/principal\/wp-json\/wp\/v2\/posts"}],"about":[{"href":"https:\/\/www.hoymercedes.com.ar\/principal\/wp-json\/wp\/v2\/types\/post"}],"author":[{"embeddable":true,"href":"https:\/\/www.hoymercedes.com.ar\/principal\/wp-json\/wp\/v2\/users\/1"}],"replies":[{"embeddable":true,"href":"https:\/\/www.hoymercedes.com.ar\/principal\/wp-json\/wp\/v2\/comments?post=117542"}],"version-history":[{"count":0,"href":"https:\/\/www.hoymercedes.com.ar\/principal\/wp-json\/wp\/v2\/posts\/117542\/revisions"}],"wp:featuredmedia":[{"embeddable":true,"href":"https:\/\/www.hoymercedes.com.ar\/principal\/wp-json\/wp\/v2\/media\/113362"}],"wp:attachment":[{"href":"https:\/\/www.hoymercedes.com.ar\/principal\/wp-json\/wp\/v2\/media?parent=117542"}],"wp:term":[{"taxonomy":"category","embeddable":true,"href":"https:\/\/www.hoymercedes.com.ar\/principal\/wp-json\/wp\/v2\/categories?post=117542"},{"taxonomy":"post_tag","embeddable":true,"href":"https:\/\/www.hoymercedes.com.ar\/principal\/wp-json\/wp\/v2\/tags?post=117542"}],"curies":[{"name":"wp","href":"https:\/\/api.w.org\/{rel}","templated":true}]}}