{"id":117545,"date":"2020-09-27T15:22:29","date_gmt":"2020-09-27T18:22:29","guid":{"rendered":"http:\/\/www.hoymercedes.com.ar\/principal\/?p=117545"},"modified":"2020-09-28T23:39:17","modified_gmt":"2020-09-29T02:39:17","slug":"otras-vez-vandalizan-el-predio-de-la-escuela-sol-de-invierno","status":"publish","type":"post","link":"https:\/\/www.hoymercedes.com.ar\/principal\/2020\/09\/27\/otras-vez-vandalizan-el-predio-de-la-escuela-sol-de-invierno\/","title":{"rendered":"Otra vez vandalizan el predio de la Escuela Sol de Invierno"},"content":{"rendered":"\n<p>Nuevamente y en menos de dos meses, la Escuela Sol de Invierno sufri\u00f3 destrozos por parte\u00a0 de uno o varios delincuentes que\u00a0ingresaron en la madrugada del 25 de septiembre,\u00a0al predio de\u00a0prolongaci\u00f3n de calle 48, donde los pap\u00e1s\u00a0y mam\u00e1s\u00a0de los ni\u00f1os est\u00e1n\u00a0construyendo las nuevas instalaciones de la escuela.\u00a0<\/p>\n\n\n\n<div class=\"wp-block-image\"><figure class=\"aligncenter size-large\"><img loading=\"lazy\" decoding=\"async\" width=\"800\" height=\"400\" data-attachment-id=\"117546\" data-permalink=\"https:\/\/www.hoymercedes.com.ar\/principal\/2020\/09\/27\/otras-vez-vandalizan-el-predio-de-la-escuela-sol-de-invierno\/27-sol-invierno\/#main\" data-orig-file=\"https:\/\/www.hoymercedes.com.ar\/principal\/wp-content\/uploads\/2020\/09\/27-sol-invierno.jpeg\" data-orig-size=\"800,400\" data-comments-opened=\"0\" data-image-meta=\"{&quot;aperture&quot;:&quot;0&quot;,&quot;credit&quot;:&quot;&quot;,&quot;camera&quot;:&quot;&quot;,&quot;caption&quot;:&quot;&quot;,&quot;created_timestamp&quot;:&quot;0&quot;,&quot;copyright&quot;:&quot;&quot;,&quot;focal_length&quot;:&quot;0&quot;,&quot;iso&quot;:&quot;0&quot;,&quot;shutter_speed&quot;:&quot;0&quot;,&quot;title&quot;:&quot;&quot;,&quot;orientation&quot;:&quot;0&quot;}\" data-image-title=\"27 sol invierno\" data-image-description=\"\" data-image-caption=\"\" data-large-file=\"https:\/\/www.hoymercedes.com.ar\/principal\/wp-content\/uploads\/2020\/09\/27-sol-invierno.jpeg\" src=\"https:\/\/www.hoymercedes.com.ar\/principal\/wp-content\/uploads\/2020\/09\/27-sol-invierno.jpeg\" alt=\"\" class=\"wp-image-117546\" srcset=\"https:\/\/www.hoymercedes.com.ar\/principal\/wp-content\/uploads\/2020\/09\/27-sol-invierno.jpeg 800w, https:\/\/www.hoymercedes.com.ar\/principal\/wp-content\/uploads\/2020\/09\/27-sol-invierno-630x315.jpeg 630w, https:\/\/www.hoymercedes.com.ar\/principal\/wp-content\/uploads\/2020\/09\/27-sol-invierno-150x75.jpeg 150w\" sizes=\"auto, (max-width: 800px) 100vw, 800px\" \/><\/figure><\/div>\n\n\n\n<p>En esta oportunidad rompieron vidrios de un vag\u00f3n\u00a0que se est\u00e1\u00a0reacondicionando para instalar oficinas administrativas. Tambi\u00e9n se violent\u00f3 una puerta de una construcci\u00f3n\u00a0destinada a ba\u00f1os.\u00a0\u00a0La Asociaci\u00f3n Civil Sol de Invierno radic\u00f3 la correspondiente denuncia en sede de la polic\u00eda.<\/p>\n\n\n\n<p>A mediados de Agosto, tambi\u00e9n se produjo un il\u00edcito&nbsp;en el predio , donde se robaron alargues y herramientas de construcci\u00f3n.&nbsp;<\/p>\n\n\n\n<p>No est\u00e1 dem\u00e1s se\u00f1alar que la Escuela Sol de Invierno es una entidad sin fines de lucro que no recibe subsidio alguno y que sus miembros, en su mayor\u00eda padres y madres de los alumnos aportan desinteresadamente su trabajo para construir el nuevo edificio de la escuela.&nbsp;<\/p>\n","protected":false},"excerpt":{"rendered":"<p>Nuevamente y en menos de dos meses, la Escuela Sol de Invierno sufri\u00f3 destrozos por parte\u00a0 de uno o varios &#8230; <a title=\"Otra vez vandalizan el predio de la Escuela Sol de Invierno\" class=\"read-more\" href=\"https:\/\/www.hoymercedes.com.ar\/principal\/2020\/09\/27\/otras-vez-vandalizan-el-predio-de-la-escuela-sol-de-invierno\/\" aria-label=\"Leer m\u00e1s sobre Otra vez vandalizan el predio de la Escuela Sol de Invierno\">Leer m\u00e1s<\/a><\/p>\n","protected":false},"author":5,"featured_media":117546,"comment_status":"closed","ping_status":"open","sticky":false,"template":"","format":"standard","meta":{"_monsterinsights_skip_tracking":false,"_monsterinsights_sitenote_active":false,"_monsterinsights_sitenote_note":"","_monsterinsights_sitenote_category":0,"jetpack_post_was_ever_published":false,"_jetpack_newsletter_access":"","_jetpack_dont_email_post_to_subs":false,"_jetpack_newsletter_tier_id":0,"_jetpack_memberships_contains_paywalled_content":false,"_jetpack_memberships_contains_paid_content":false,"footnotes":"","jetpack_publicize_message":"","jetpack_publicize_feature_enabled":true,"jetpack_social_post_already_shared":true,"jetpack_social_options":{"image_generator_settings":{"template":"highway","default_image_id":0,"font":"","enabled":false},"version":2},"_wpas_customize_per_network":false},"categories":[23],"tags":[47,16993,96],"class_list":["post-117545","post","type-post","status-publish","format-standard","has-post-thumbnail","hentry","category-educacion","tag-educacion-2","tag-escuela-sol-de-invierno","tag-policial-2","generate-columns","tablet-grid-50","mobile-grid-100","grid-parent","grid-50"],"jetpack_publicize_connections":[],"jetpack_featured_media_url":"https:\/\/www.hoymercedes.com.ar\/principal\/wp-content\/uploads\/2020\/09\/27-sol-invierno.jpeg","wps_subtitle":"Policial","jetpack_sharing_enabled":true,"_links":{"self":[{"href":"https:\/\/www.hoymercedes.com.ar\/principal\/wp-json\/wp\/v2\/posts\/117545","targetHints":{"allow":["GET"]}}],"collection":[{"href":"https:\/\/www.hoymercedes.com.ar\/principal\/wp-json\/wp\/v2\/posts"}],"about":[{"href":"https:\/\/www.hoymercedes.com.ar\/principal\/wp-json\/wp\/v2\/types\/post"}],"author":[{"embeddable":true,"href":"https:\/\/www.hoymercedes.com.ar\/principal\/wp-json\/wp\/v2\/users\/5"}],"replies":[{"embeddable":true,"href":"https:\/\/www.hoymercedes.com.ar\/principal\/wp-json\/wp\/v2\/comments?post=117545"}],"version-history":[{"count":0,"href":"https:\/\/www.hoymercedes.com.ar\/principal\/wp-json\/wp\/v2\/posts\/117545\/revisions"}],"wp:featuredmedia":[{"embeddable":true,"href":"https:\/\/www.hoymercedes.com.ar\/principal\/wp-json\/wp\/v2\/media\/117546"}],"wp:attachment":[{"href":"https:\/\/www.hoymercedes.com.ar\/principal\/wp-json\/wp\/v2\/media?parent=117545"}],"wp:term":[{"taxonomy":"category","embeddable":true,"href":"https:\/\/www.hoymercedes.com.ar\/principal\/wp-json\/wp\/v2\/categories?post=117545"},{"taxonomy":"post_tag","embeddable":true,"href":"https:\/\/www.hoymercedes.com.ar\/principal\/wp-json\/wp\/v2\/tags?post=117545"}],"curies":[{"name":"wp","href":"https:\/\/api.w.org\/{rel}","templated":true}]}}