{"id":117576,"date":"2020-09-28T11:30:46","date_gmt":"2020-09-28T14:30:46","guid":{"rendered":"http:\/\/www.hoymercedes.com.ar\/principal\/?p=117576"},"modified":"2020-09-28T10:11:13","modified_gmt":"2020-09-28T13:11:13","slug":"el-dr-pisapia-sera-el-nuevo-secretario-de-salud","status":"publish","type":"post","link":"https:\/\/www.hoymercedes.com.ar\/principal\/2020\/09\/28\/el-dr-pisapia-sera-el-nuevo-secretario-de-salud\/","title":{"rendered":"El Dr. Pisapia ser\u00e1 el nuevo secretario de salud"},"content":{"rendered":"\n<p>El reemplazo de Cassiani en la Secretar\u00eda de Salud ser\u00e1 el Dr. Carlos Pisapia. El pediatra asumir\u00e1 en los pr\u00f3ximos d\u00edas. Se espera el anuncio del jefe comunal, Dr Ustarroz. La noticia tuvo excelente recepci\u00f3n en espacio municipal y m\u00e9dico dado que el futuro funcionario tiene una amplia y destacada experiencia en la tarea de la salud.<\/p>\n\n\n\n<p>El propio Cassiani coment\u00f3 en sus redes sociales (Ver noticia) la novedad remarcando que no dejar\u00e1 de trabajar en conjunto con el intendente Ustarroz y la gesti\u00f3n municipal, sino que se trata de un acci\u00f3n para reforzar el \u00e1rea comunal y tambi\u00e9n sumar experiencias en el marco de una pandemia que demanda todas las intervenciones, acciones y profesionales posibles en el cuidado de los mercedinos, destacaron.<\/p>\n","protected":false},"excerpt":{"rendered":"<p>El reemplazo de Cassiani en la Secretar\u00eda de Salud ser\u00e1 el Dr. Carlos Pisapia. El pediatra asumir\u00e1 en los pr\u00f3ximos &#8230; <a title=\"El Dr. Pisapia ser\u00e1 el nuevo secretario de salud\" class=\"read-more\" href=\"https:\/\/www.hoymercedes.com.ar\/principal\/2020\/09\/28\/el-dr-pisapia-sera-el-nuevo-secretario-de-salud\/\" aria-label=\"Leer m\u00e1s sobre El Dr. Pisapia ser\u00e1 el nuevo secretario de salud\">Leer m\u00e1s<\/a><\/p>\n","protected":false},"author":1,"featured_media":117577,"comment_status":"closed","ping_status":"open","sticky":false,"template":"","format":"standard","meta":{"_monsterinsights_skip_tracking":false,"_monsterinsights_sitenote_active":false,"_monsterinsights_sitenote_note":"","_monsterinsights_sitenote_category":0,"jetpack_post_was_ever_published":false,"_jetpack_newsletter_access":"","_jetpack_dont_email_post_to_subs":false,"_jetpack_newsletter_tier_id":0,"_jetpack_memberships_contains_paywalled_content":false,"_jetpack_memberships_contains_paid_content":false,"footnotes":"","jetpack_publicize_message":"","jetpack_publicize_feature_enabled":true,"jetpack_social_post_already_shared":true,"jetpack_social_options":{"image_generator_settings":{"template":"highway","default_image_id":0,"font":"","enabled":false},"version":2},"_wpas_customize_per_network":false},"categories":[8],"tags":[8529],"class_list":["post-117576","post","type-post","status-publish","format-standard","has-post-thumbnail","hentry","category-sociedad","tag-secretaria-de-salud","generate-columns","tablet-grid-50","mobile-grid-100","grid-parent","grid-50"],"jetpack_publicize_connections":[],"jetpack_featured_media_url":"https:\/\/www.hoymercedes.com.ar\/principal\/wp-content\/uploads\/2020\/09\/Pisapia.jpeg","wps_subtitle":"Gesti\u00f3n municipal","jetpack_sharing_enabled":true,"_links":{"self":[{"href":"https:\/\/www.hoymercedes.com.ar\/principal\/wp-json\/wp\/v2\/posts\/117576","targetHints":{"allow":["GET"]}}],"collection":[{"href":"https:\/\/www.hoymercedes.com.ar\/principal\/wp-json\/wp\/v2\/posts"}],"about":[{"href":"https:\/\/www.hoymercedes.com.ar\/principal\/wp-json\/wp\/v2\/types\/post"}],"author":[{"embeddable":true,"href":"https:\/\/www.hoymercedes.com.ar\/principal\/wp-json\/wp\/v2\/users\/1"}],"replies":[{"embeddable":true,"href":"https:\/\/www.hoymercedes.com.ar\/principal\/wp-json\/wp\/v2\/comments?post=117576"}],"version-history":[{"count":0,"href":"https:\/\/www.hoymercedes.com.ar\/principal\/wp-json\/wp\/v2\/posts\/117576\/revisions"}],"wp:featuredmedia":[{"embeddable":true,"href":"https:\/\/www.hoymercedes.com.ar\/principal\/wp-json\/wp\/v2\/media\/117577"}],"wp:attachment":[{"href":"https:\/\/www.hoymercedes.com.ar\/principal\/wp-json\/wp\/v2\/media?parent=117576"}],"wp:term":[{"taxonomy":"category","embeddable":true,"href":"https:\/\/www.hoymercedes.com.ar\/principal\/wp-json\/wp\/v2\/categories?post=117576"},{"taxonomy":"post_tag","embeddable":true,"href":"https:\/\/www.hoymercedes.com.ar\/principal\/wp-json\/wp\/v2\/tags?post=117576"}],"curies":[{"name":"wp","href":"https:\/\/api.w.org\/{rel}","templated":true}]}}