{"id":117597,"date":"2020-09-28T19:30:19","date_gmt":"2020-09-28T22:30:19","guid":{"rendered":"http:\/\/www.hoymercedes.com.ar\/principal\/?p=117597"},"modified":"2020-09-28T23:36:10","modified_gmt":"2020-09-29T02:36:10","slug":"capacitacion-y-suma-de-personal-al-centro-de-teleseguimiento-municipal","status":"publish","type":"post","link":"https:\/\/www.hoymercedes.com.ar\/principal\/2020\/09\/28\/capacitacion-y-suma-de-personal-al-centro-de-teleseguimiento-municipal\/","title":{"rendered":"Capacitaci\u00f3n y suma de personal al Centro de Teleseguimiento Municipal"},"content":{"rendered":"\n<p>El Municipio de Mercedes, a trav\u00e9s de la Secretar\u00eda de Salud, est\u00e1 realizando una nueva capacitaci\u00f3n para operadores de tele seguimiento y rastreo de pacientes COVID-19, como as\u00ed tambi\u00e9n, sumando personal. De esta manera, el Estado Comunal junto a instituciones y vecinos contin\u00faan brindando asistencia a la comunidad ante esta pandemia.<\/p>\n\n\n\n<figure class=\"wp-block-image size-large\"><img loading=\"lazy\" decoding=\"async\" width=\"939\" height=\"626\" data-attachment-id=\"117598\" data-permalink=\"https:\/\/www.hoymercedes.com.ar\/principal\/2020\/09\/28\/capacitacion-y-suma-de-personal-al-centro-de-teleseguimiento-municipal\/dsc08616\/#main\" data-orig-file=\"https:\/\/www.hoymercedes.com.ar\/principal\/wp-content\/uploads\/2020\/09\/DSC08616.jpg\" data-orig-size=\"939,626\" data-comments-opened=\"0\" data-image-meta=\"{&quot;aperture&quot;:&quot;0&quot;,&quot;credit&quot;:&quot;&quot;,&quot;camera&quot;:&quot;&quot;,&quot;caption&quot;:&quot;&quot;,&quot;created_timestamp&quot;:&quot;0&quot;,&quot;copyright&quot;:&quot;&quot;,&quot;focal_length&quot;:&quot;0&quot;,&quot;iso&quot;:&quot;0&quot;,&quot;shutter_speed&quot;:&quot;0&quot;,&quot;title&quot;:&quot;&quot;,&quot;orientation&quot;:&quot;0&quot;}\" data-image-title=\"DSC08616\" data-image-description=\"\" data-image-caption=\"\" data-large-file=\"https:\/\/www.hoymercedes.com.ar\/principal\/wp-content\/uploads\/2020\/09\/DSC08616.jpg\" src=\"https:\/\/www.hoymercedes.com.ar\/principal\/wp-content\/uploads\/2020\/09\/DSC08616.jpg\" alt=\"\" class=\"wp-image-117598\" srcset=\"https:\/\/www.hoymercedes.com.ar\/principal\/wp-content\/uploads\/2020\/09\/DSC08616.jpg 939w, https:\/\/www.hoymercedes.com.ar\/principal\/wp-content\/uploads\/2020\/09\/DSC08616-630x420.jpg 630w, https:\/\/www.hoymercedes.com.ar\/principal\/wp-content\/uploads\/2020\/09\/DSC08616-150x100.jpg 150w\" sizes=\"auto, (max-width: 939px) 100vw, 939px\" \/><figcaption>Lic. Marianela Arenillas<\/figcaption><\/figure>\n\n\n\n<p>La Lic. Marianela Arenillas como nueva responsable del Centro Integrador Comunitario (CIC) inform\u00f3 \u201cesta es la cuarta capacitaci\u00f3n de operadores de tele seguimiento por COVID positivo, donde, adem\u00e1s, en esta oportunidad estamos sumando nuevos operadores\u201d.<\/p>\n\n\n\n<p>En este sentido, ahond\u00f3 \u201cesta capacitaci\u00f3n se basa en los cambios de protocolos, ya que los mismos, en este tipo de enfermedad, son muy din\u00e1micos\u201d y agreg\u00f3 \u201cde esta forma, hacemos capacitaci\u00f3n para los operadores de tele seguimiento, sumando los nuevos protocolos\u201d.<\/p>\n\n\n\n<figure class=\"wp-block-embed-youtube wp-block-embed is-type-video is-provider-youtube wp-embed-aspect-16-9 wp-has-aspect-ratio\"><div class=\"wp-block-embed__wrapper\">\n<span class=\"embed-youtube\" style=\"text-align:center; display: block;\"><iframe loading=\"lazy\" class=\"youtube-player\" width=\"1200\" height=\"675\" src=\"https:\/\/www.youtube.com\/embed\/wRiTsLvH77E?version=3&#038;rel=1&#038;showsearch=0&#038;showinfo=1&#038;iv_load_policy=1&#038;fs=1&#038;hl=es-ES&#038;autohide=2&#038;wmode=transparent\" allowfullscreen=\"true\" style=\"border:0;\" sandbox=\"allow-scripts allow-same-origin allow-popups allow-presentation allow-popups-to-escape-sandbox\"><\/iframe><\/span>\n<\/div><\/figure>\n\n\n\n<p>Asimismo, Arenilla se\u00f1al\u00f3 \u201csiempre tratamos de cambiar para mejorar, tanto a nivel provincial como local, hemos cambiado administrativamente las planillas de tele seguimiento y el env\u00edo de la informaci\u00f3n, por lo cual, los teleoperadores tienen que estar informados para as\u00ed tener un mejor manejo de un sistema mucho m\u00e1s operativo\u201d y a\u00f1adi\u00f3 \u201cen un contexto nuevo, donde debemos convivir con esta pandemia, donde ya las salidas se hacen m\u00e1s frecuente, lo que implica m\u00e1s trabajo mancomunado, pero que tiene que ver con esta nueva realidad\u201d.<\/p>\n\n\n\n<p>Asimismo, Arenilla expres\u00f3 \u201choy todo se hace de manera digital -rastreo y seguimiento- ya que en esos catorce (14) o veinte (20) d\u00edas que tienen de aislamiento los pacientes positivos y los contactos estrechos, no pueden tener contacto con el exterior, por eso se hace de esta forma\u201d y apunt\u00f3 \u201ctambi\u00e9n nos acompa\u00f1an en este sentido alumnos de la U.N.Lu que est\u00e1n realizando este seguimiento dentro de sus pr\u00e1cticas preprofesionales y lo hacen desde sus hogares, sumado a los voluntarios y al personal municipal\u201d.<\/p>\n\n\n\n<p>\u201cLa idea principal es poder contener a los pacientes y crear un v\u00ednculo para poder acompa\u00f1arlos durante este proceso sumamente dif\u00edcil que les toca vivir\u201d destac\u00f3 la Lic. Marianella Arenilla.<\/p>\n\n\n\n<p>Por otro lado, Arenilla se\u00f1al\u00f3 \u201chemos notado a trav\u00e9s de las comunicaciones que tenemos por tele seguimiento que las reuniones familiares son las que m\u00e1s generan contagios, no en el espacio p\u00fablico, ya que est\u00e1 controlado con las diferentes medidas de salud, pero en el \u00e1mbito de lo privado se relajan y ah\u00ed es donde se contagian\u201d.<\/p>\n\n\n\n<p>Info: Sec.Salud<\/p>\n","protected":false},"excerpt":{"rendered":"<p>El Municipio de Mercedes, a trav\u00e9s de la Secretar\u00eda de Salud, est\u00e1 realizando una nueva capacitaci\u00f3n para operadores de tele &#8230; <a title=\"Capacitaci\u00f3n y suma de personal al Centro de Teleseguimiento Municipal\" class=\"read-more\" href=\"https:\/\/www.hoymercedes.com.ar\/principal\/2020\/09\/28\/capacitacion-y-suma-de-personal-al-centro-de-teleseguimiento-municipal\/\" aria-label=\"Leer m\u00e1s sobre Capacitaci\u00f3n y suma de personal al Centro de Teleseguimiento Municipal\">Leer m\u00e1s<\/a><\/p>\n","protected":false},"author":1,"featured_media":117598,"comment_status":"closed","ping_status":"open","sticky":false,"template":"","format":"standard","meta":{"_monsterinsights_skip_tracking":false,"_monsterinsights_sitenote_active":false,"_monsterinsights_sitenote_note":"","_monsterinsights_sitenote_category":0,"jetpack_post_was_ever_published":false,"_jetpack_newsletter_access":"","_jetpack_dont_email_post_to_subs":false,"_jetpack_newsletter_tier_id":0,"_jetpack_memberships_contains_paywalled_content":false,"_jetpack_memberships_contains_paid_content":false,"footnotes":"","jetpack_publicize_message":"","jetpack_publicize_feature_enabled":true,"jetpack_social_post_already_shared":true,"jetpack_social_options":{"image_generator_settings":{"template":"highway","default_image_id":0,"font":"","enabled":false},"version":2},"_wpas_customize_per_network":false},"categories":[30],"tags":[8656,244,134],"class_list":["post-117597","post","type-post","status-publish","format-standard","has-post-thumbnail","hentry","category-municipio","tag-capacitacion","tag-municipio-2","tag-salud","generate-columns","tablet-grid-50","mobile-grid-100","grid-parent","grid-50"],"jetpack_publicize_connections":[],"jetpack_featured_media_url":"https:\/\/www.hoymercedes.com.ar\/principal\/wp-content\/uploads\/2020\/09\/DSC08616.jpg","wps_subtitle":"Salud municipal","jetpack_sharing_enabled":true,"_links":{"self":[{"href":"https:\/\/www.hoymercedes.com.ar\/principal\/wp-json\/wp\/v2\/posts\/117597","targetHints":{"allow":["GET"]}}],"collection":[{"href":"https:\/\/www.hoymercedes.com.ar\/principal\/wp-json\/wp\/v2\/posts"}],"about":[{"href":"https:\/\/www.hoymercedes.com.ar\/principal\/wp-json\/wp\/v2\/types\/post"}],"author":[{"embeddable":true,"href":"https:\/\/www.hoymercedes.com.ar\/principal\/wp-json\/wp\/v2\/users\/1"}],"replies":[{"embeddable":true,"href":"https:\/\/www.hoymercedes.com.ar\/principal\/wp-json\/wp\/v2\/comments?post=117597"}],"version-history":[{"count":0,"href":"https:\/\/www.hoymercedes.com.ar\/principal\/wp-json\/wp\/v2\/posts\/117597\/revisions"}],"wp:featuredmedia":[{"embeddable":true,"href":"https:\/\/www.hoymercedes.com.ar\/principal\/wp-json\/wp\/v2\/media\/117598"}],"wp:attachment":[{"href":"https:\/\/www.hoymercedes.com.ar\/principal\/wp-json\/wp\/v2\/media?parent=117597"}],"wp:term":[{"taxonomy":"category","embeddable":true,"href":"https:\/\/www.hoymercedes.com.ar\/principal\/wp-json\/wp\/v2\/categories?post=117597"},{"taxonomy":"post_tag","embeddable":true,"href":"https:\/\/www.hoymercedes.com.ar\/principal\/wp-json\/wp\/v2\/tags?post=117597"}],"curies":[{"name":"wp","href":"https:\/\/api.w.org\/{rel}","templated":true}]}}