{"id":117637,"date":"2020-09-28T23:34:21","date_gmt":"2020-09-29T02:34:21","guid":{"rendered":"http:\/\/www.hoymercedes.com.ar\/principal\/?p=117637"},"modified":"2020-09-28T23:35:40","modified_gmt":"2020-09-29T02:35:40","slug":"coronavirus-confirmaron-16-casos-positivos-en-mercedes","status":"publish","type":"post","link":"https:\/\/www.hoymercedes.com.ar\/principal\/2020\/09\/28\/coronavirus-confirmaron-16-casos-positivos-en-mercedes\/","title":{"rendered":"Coronavirus: Confirmaron 16 casos positivos en Mercedes"},"content":{"rendered":"\n<p>La informaci\u00f3n epidemiol\u00f3gica de este lunes en Mercedes confirma 16 nuevos casos positivos, alcanzando los 207 casos activos. La cifra alcanza desde el inicio de la pandemia a 1108 pacientes que tienen o tuvieron covid-19. Diez pacientes fueron dados altas tras cumplir el tiempo estipulado por protocolo sanitario. <\/p>\n\n\n\n<div class=\"wp-block-image\"><figure class=\"aligncenter size-large\"><img loading=\"lazy\" decoding=\"async\" width=\"800\" height=\"800\" data-attachment-id=\"117638\" data-permalink=\"https:\/\/www.hoymercedes.com.ar\/principal\/2020\/09\/28\/coronavirus-confirmaron-16-casos-positivos-en-mercedes\/whatsapp-image-2020-09-28-at-22-13-46\/#main\" data-orig-file=\"https:\/\/www.hoymercedes.com.ar\/principal\/wp-content\/uploads\/2020\/09\/WhatsApp-Image-2020-09-28-at-22.13.46.jpeg\" data-orig-size=\"800,800\" data-comments-opened=\"0\" data-image-meta=\"{&quot;aperture&quot;:&quot;0&quot;,&quot;credit&quot;:&quot;&quot;,&quot;camera&quot;:&quot;&quot;,&quot;caption&quot;:&quot;&quot;,&quot;created_timestamp&quot;:&quot;0&quot;,&quot;copyright&quot;:&quot;&quot;,&quot;focal_length&quot;:&quot;0&quot;,&quot;iso&quot;:&quot;0&quot;,&quot;shutter_speed&quot;:&quot;0&quot;,&quot;title&quot;:&quot;&quot;,&quot;orientation&quot;:&quot;0&quot;}\" data-image-title=\"WhatsApp Image 2020-09-28 at 22.13.46\" data-image-description=\"\" data-image-caption=\"\" data-large-file=\"https:\/\/www.hoymercedes.com.ar\/principal\/wp-content\/uploads\/2020\/09\/WhatsApp-Image-2020-09-28-at-22.13.46.jpeg\" src=\"https:\/\/www.hoymercedes.com.ar\/principal\/wp-content\/uploads\/2020\/09\/WhatsApp-Image-2020-09-28-at-22.13.46.jpeg\" alt=\"\" class=\"wp-image-117638\" srcset=\"https:\/\/www.hoymercedes.com.ar\/principal\/wp-content\/uploads\/2020\/09\/WhatsApp-Image-2020-09-28-at-22.13.46.jpeg 800w, https:\/\/www.hoymercedes.com.ar\/principal\/wp-content\/uploads\/2020\/09\/WhatsApp-Image-2020-09-28-at-22.13.46-620x620.jpeg 620w, https:\/\/www.hoymercedes.com.ar\/principal\/wp-content\/uploads\/2020\/09\/WhatsApp-Image-2020-09-28-at-22.13.46-150x150.jpeg 150w\" sizes=\"auto, (max-width: 800px) 100vw, 800px\" \/><\/figure><\/div>\n\n\n\n<p>El informe enviado por las autoridades expresa: <br>\u00abEn el d\u00eda de la fecha el Laboratorio de Virolog\u00eda Molecular Municipal por medio de los procesos cient\u00edficos que lleva adelante cotidianamente detect\u00f3 16 nuevos casos para covid.<br>Los casos tienen su ra\u00edz epidemiol\u00f3gica y correspondiente trabajo de rastreo y seguimiento.<br>Al d\u00eda de la fecha tenemos 207 casos activos con 10 altas m\u00e9dicas. Por su parte 1108 casos se registraron desde iniciada la pandemia con 884 pacientes recuperados del virus.<br>En seguimiento por contacto estrecho contin\u00faan a instancias del Centro de Teleseguimiento con 93 operadores socio sanitarios se encuentran 780 mercedinos.<br>En cuanto al Centro de Aislamiento Sanitario II con todas las normas socio sanitarias y un fuerte trabajo de Salud, Protecci\u00f3n Civil, SAME, Seguridad, Desarrollo Social y Servicios P\u00fablicos tiene a 3 pacientes alojados, aislados y monitoreados\u00bb.<\/p>\n\n\n\n<p><strong>Informe nacional<\/strong><\/p>\n\n\n\n<p>El Ministerio de Salud de Naci\u00f3n confirm\u00f3 11.807 nuevos casos de COVID-19. Con estos registros, suman 723.132 positivos en el pa\u00eds, de los cuales 576.715 son pacientes recuperados y 130.304 son casos confirmados activos. En las \u00faltimas 24 hs fueron realizados 21.356 testeos y desde el inicio del brote se realizaron 1.926.717 pruebas diagn\u00f3sticas para esta enfermedad, lo que equivale a 42.460,4 muestras por mill\u00f3n de habitantes.<\/p>\n\n\n\n<p>En el detalle del d\u00eda confirman que 4544 casos positivos son de la provincia de Buenos Aires. El resto se divide en la Ciudad de Buenos Aires 787; Catamarca 3; Chaco 65; Chubut 181; C\u00f3rdoba 1.475; Corrientes 22; Entre R\u00edos 103; Jujuy 109; La Pampa 25; La Rioja 69; Mendoza 649; Neuqu\u00e9n 288; R\u00edo Negro 213; Salta 234; San Juan 72; San Luis 100; Santa Cruz 129; Santa Fe 1575; Santiago del Estero 124; Tierra del Fuego 158 y Tucum\u00e1n 889. <\/p>\n\n\n\n<p>En las \u00faltimas 24 horas, se notificaron 364 nuevas muertes, son 212 hombres y 153 mujeres. Al momento la cantidad de personas fallecidas es 16.113. Del total de fallecidos que reporta la provincia de Buenos Aires en el d\u00eda de hoy (12.723), 3.194 casos se encuentran pendientes de carga en el Sistema Nacional de Vigilancia de la Salud (SNVS).<\/p>\n","protected":false},"excerpt":{"rendered":"<p>La informaci\u00f3n epidemiol\u00f3gica de este lunes en Mercedes confirma 16 nuevos casos positivos, alcanzando los 207 casos activos. La cifra &#8230; <a title=\"Coronavirus: Confirmaron 16 casos positivos en Mercedes\" class=\"read-more\" href=\"https:\/\/www.hoymercedes.com.ar\/principal\/2020\/09\/28\/coronavirus-confirmaron-16-casos-positivos-en-mercedes\/\" aria-label=\"Leer m\u00e1s sobre Coronavirus: Confirmaron 16 casos positivos en Mercedes\">Leer m\u00e1s<\/a><\/p>\n","protected":false},"author":5,"featured_media":117638,"comment_status":"closed","ping_status":"open","sticky":false,"template":"","format":"standard","meta":{"_monsterinsights_skip_tracking":false,"_monsterinsights_sitenote_active":false,"_monsterinsights_sitenote_note":"","_monsterinsights_sitenote_category":0,"jetpack_post_was_ever_published":false,"_jetpack_newsletter_access":"","_jetpack_dont_email_post_to_subs":false,"_jetpack_newsletter_tier_id":0,"_jetpack_memberships_contains_paywalled_content":false,"_jetpack_memberships_contains_paid_content":false,"footnotes":"","jetpack_publicize_message":"","jetpack_publicize_feature_enabled":true,"jetpack_social_post_already_shared":true,"jetpack_social_options":{"image_generator_settings":{"template":"highway","default_image_id":0,"font":"","enabled":false},"version":2},"_wpas_customize_per_network":false},"categories":[8],"tags":[16428,16561,16175,16313],"class_list":["post-117637","post","type-post","status-publish","format-standard","has-post-thumbnail","hentry","category-sociedad","tag-casos-positivos","tag-cierre-del-dia","tag-coronavirus","tag-covid-19","generate-columns","tablet-grid-50","mobile-grid-100","grid-parent","grid-50"],"jetpack_publicize_connections":[],"jetpack_featured_media_url":"https:\/\/www.hoymercedes.com.ar\/principal\/wp-content\/uploads\/2020\/09\/WhatsApp-Image-2020-09-28-at-22.13.46.jpeg","wps_subtitle":"Cierre del d\u00eda","jetpack_sharing_enabled":true,"_links":{"self":[{"href":"https:\/\/www.hoymercedes.com.ar\/principal\/wp-json\/wp\/v2\/posts\/117637","targetHints":{"allow":["GET"]}}],"collection":[{"href":"https:\/\/www.hoymercedes.com.ar\/principal\/wp-json\/wp\/v2\/posts"}],"about":[{"href":"https:\/\/www.hoymercedes.com.ar\/principal\/wp-json\/wp\/v2\/types\/post"}],"author":[{"embeddable":true,"href":"https:\/\/www.hoymercedes.com.ar\/principal\/wp-json\/wp\/v2\/users\/5"}],"replies":[{"embeddable":true,"href":"https:\/\/www.hoymercedes.com.ar\/principal\/wp-json\/wp\/v2\/comments?post=117637"}],"version-history":[{"count":0,"href":"https:\/\/www.hoymercedes.com.ar\/principal\/wp-json\/wp\/v2\/posts\/117637\/revisions"}],"wp:featuredmedia":[{"embeddable":true,"href":"https:\/\/www.hoymercedes.com.ar\/principal\/wp-json\/wp\/v2\/media\/117638"}],"wp:attachment":[{"href":"https:\/\/www.hoymercedes.com.ar\/principal\/wp-json\/wp\/v2\/media?parent=117637"}],"wp:term":[{"taxonomy":"category","embeddable":true,"href":"https:\/\/www.hoymercedes.com.ar\/principal\/wp-json\/wp\/v2\/categories?post=117637"},{"taxonomy":"post_tag","embeddable":true,"href":"https:\/\/www.hoymercedes.com.ar\/principal\/wp-json\/wp\/v2\/tags?post=117637"}],"curies":[{"name":"wp","href":"https:\/\/api.w.org\/{rel}","templated":true}]}}