{"id":11764,"date":"2012-03-26T13:41:51","date_gmt":"2012-03-26T13:41:51","guid":{"rendered":"http:\/\/www.hoymercedes.com.ar\/principal\/?p=11764"},"modified":"2012-03-26T13:41:51","modified_gmt":"2012-03-26T13:41:51","slug":"wado-selva-benitez-ustarroz-y-mas-en-un-polemico-libro-sobre-la-campora-1era-entrega","status":"publish","type":"post","link":"https:\/\/www.hoymercedes.com.ar\/principal\/2012\/03\/26\/wado-selva-benitez-ustarroz-y-mas-en-un-polemico-libro-sobre-la-campora-1era-entrega\/","title":{"rendered":"Wado, Selva, Ben\u00edtez, Ustarroz y m\u00e1s en un pol\u00e9mico libro sobre La C\u00e1mpora (1era entrega)"},"content":{"rendered":"<figure id=\"attachment_11766\" aria-describedby=\"caption-attachment-11766\" style=\"width: 189px\" class=\"wp-caption alignleft\"><a href=\"https:\/\/www.hoymercedes.com.ar\/principal\/wp-content\/uploads\/2012\/03\/la-campora-laura-dimarco.jpg\"><img loading=\"lazy\" decoding=\"async\" data-attachment-id=\"11766\" data-permalink=\"https:\/\/www.hoymercedes.com.ar\/principal\/2012\/03\/26\/wado-selva-benitez-ustarroz-y-mas-en-un-polemico-libro-sobre-la-campora-1era-entrega\/la-campora-laura-dimarco\/#main\" data-orig-file=\"https:\/\/www.hoymercedes.com.ar\/principal\/wp-content\/uploads\/2012\/03\/la-campora-laura-dimarco.jpg\" data-orig-size=\"288,433\" data-comments-opened=\"1\" data-image-meta=\"{&quot;aperture&quot;:&quot;0&quot;,&quot;credit&quot;:&quot;&quot;,&quot;camera&quot;:&quot;&quot;,&quot;caption&quot;:&quot;&quot;,&quot;created_timestamp&quot;:&quot;0&quot;,&quot;copyright&quot;:&quot;&quot;,&quot;focal_length&quot;:&quot;0&quot;,&quot;iso&quot;:&quot;0&quot;,&quot;shutter_speed&quot;:&quot;0&quot;,&quot;title&quot;:&quot;&quot;}\" data-image-title=\"la-campora-laura-dimarco\" data-image-description=\"&lt;p&gt;La C\u00e1mpora, de Laura Di Marco&lt;\/p&gt;\n\" data-image-caption=\"&lt;p&gt;La C\u00e1mpora, de Laura Di Marco&lt;\/p&gt;\n\" data-large-file=\"https:\/\/www.hoymercedes.com.ar\/principal\/wp-content\/uploads\/2012\/03\/la-campora-laura-dimarco.jpg\" class=\"size-medium wp-image-11766\" title=\"la-campora-laura-dimarco\" src=\"https:\/\/www.hoymercedes.com.ar\/principal\/wp-content\/uploads\/2012\/03\/la-campora-laura-dimarco-199x300.jpg\" alt=\"La C\u00e1mpora, de Laura Di Marco\" width=\"199\" height=\"300\" srcset=\"https:\/\/www.hoymercedes.com.ar\/principal\/wp-content\/uploads\/2012\/03\/la-campora-laura-dimarco-199x300.jpg 199w, https:\/\/www.hoymercedes.com.ar\/principal\/wp-content\/uploads\/2012\/03\/la-campora-laura-dimarco.jpg 288w\" sizes=\"auto, (max-width: 199px) 100vw, 199px\" \/><\/a><figcaption id=\"caption-attachment-11766\" class=\"wp-caption-text\">La C\u00e1mpora, de Laura Di Marco<\/figcaption><\/figure>\n<p>En un pol\u00e9mico libro, por diversos motivos, dedicado a la C\u00e1mpora, de Laura Di Marco, a su supuesta g\u00e9nesis y creaci\u00f3n, ha tocado el perfil de diversos mercedinos siendo una cuesti\u00f3n obvia: no puede intentarse una biograf\u00eda &#8211; hist\u00f3rica sin tomar la ciudad natal de uno de sus m\u00e1s importantes referentes: Wado de Pedro y el laboratorio de una de las principales incursiones en pol\u00edtica como lo fue y es Mercedes con el Frente Mercedino para la Victoria.<\/p>\n<p>Ya en la p\u00e1gina 76 hablan de Juan Ignacio Ustarroz quien se lanz\u00f3 como candidato a Intendente. Obviamente asociado a Wado de Pedro. La p\u00e1gina 92 se ocupa en un p\u00e1rrafo peque\u00f1o del \u201cdirigente molinero Alberto Espa\u00f1a, t\u00edo de Wado y aliado natural del camporismo por parentesco y convicci\u00f3n. Dirigente de la Federaci\u00f3n de Molinos, blanquea su kirchnerismo durante 2011 y obtiene su premio con una banca\u201d (P.92)<\/p>\n<p>M\u00e1s adelante menciona los avatares vividos en cada incursi\u00f3n pol\u00edtica de De Pedro, sobre Mercedes nos recuerda una historia conocida al hablar del FMV y de su acci\u00f3n pol\u00edtica catalog\u00e1ndola de fracaso a pesar de haber tenido todo el apoyo, incluida la visita de Andrea del Boca. (P.93)<\/p>\n<p>Wado, por supuesto, es mencionado en m\u00faltiples ocasiones. Se repite su nombre, su historia, alg\u00fan dato de pasillo a cada momento, incluso, el cap\u00edtulo 6, est\u00e1 encabezado y dedicado a su figura.<\/p>\n<p>Se habla del v\u00ednculo privilegiado que tuvo y tiene con la presidenta desde mucho antes de la muerte de N\u00e9stor llam\u00e1ndolo la \u201cmateria gris de la mesa nacional de La C\u00e1mpora, el Zanini de la agrupaci\u00f3n\u201d (P.195)<\/p>\n<p>El mismo cap\u00edtulo menciona y trata el caso de nuestra ciudad y la victoria de Selva sobre Ustarroz, l\u00f3gicamente, imput\u00e1ndole a De Pedro una derrota contra su estrella pol\u00edtica. Tambi\u00e9n se le imputan innumerables nombramientos en la estructura del Estado nacional, sueldos altos y viajes en avi\u00f3n para mercedinos a ver la selecci\u00f3n.<\/p>\n<p>El cap\u00edtulo hace un recorrido hist\u00f3rico sencillamente desgarrador. Repleto de identidad y significado simb\u00f3lico. Para alguien de cultura cr\u00edtica, no embebido en el sentido com\u00fan, simplemente, le resultar\u00e1 conmovedor, no s\u00f3lo por el relato hist\u00f3rico de su familia sino tambi\u00e9n por su propia forma de lucha durante los noventa y en el estallido del 2001 donde fue parte de la movilizaci\u00f3n popular.<\/p>\n<p>Un subtitulo contundente atiende la cuesti\u00f3n local: \u201cMercedes, otra frustraci\u00f3n\u201d (P.210) Uno de los informantes del libro es el concejal Juan Carlos Ben\u00edtez qui\u00e9n es citado en el cap\u00edtulo 6.<\/p>\n<p>El libro tiene innumerables detalles. En pr\u00f3ximas entregas seguiremos hablando del mismo que, a Mercedes, la coloca en un lugar de importancia por los diversos mercedinos involucrados.<\/p>\n<p>Entre \u00e9pico, chusmer\u00edo y narraciones pol\u00edticas desarrolla la b\u00fasqueda de crear la historia del gen de la agrupaci\u00f3n pol\u00edtica.<\/p>\n<p>&nbsp;<\/p>\n","protected":false},"excerpt":{"rendered":"<p>En un pol\u00e9mico libro, por diversos motivos, dedicado a la C\u00e1mpora, de Laura Di Marco, a su supuesta g\u00e9nesis y &#8230; <a title=\"Wado, Selva, Ben\u00edtez, Ustarroz y m\u00e1s en un pol\u00e9mico libro sobre La C\u00e1mpora (1era entrega)\" class=\"read-more\" href=\"https:\/\/www.hoymercedes.com.ar\/principal\/2012\/03\/26\/wado-selva-benitez-ustarroz-y-mas-en-un-polemico-libro-sobre-la-campora-1era-entrega\/\" aria-label=\"Leer m\u00e1s sobre Wado, Selva, Ben\u00edtez, Ustarroz y m\u00e1s en un pol\u00e9mico libro sobre La C\u00e1mpora (1era entrega)\">Leer m\u00e1s<\/a><\/p>\n","protected":false},"author":1,"featured_media":0,"comment_status":"open","ping_status":"open","sticky":false,"template":"","format":"standard","meta":{"_monsterinsights_skip_tracking":false,"_monsterinsights_sitenote_active":false,"_monsterinsights_sitenote_note":"","_monsterinsights_sitenote_category":0,"jetpack_post_was_ever_published":false,"_jetpack_newsletter_access":"","_jetpack_dont_email_post_to_subs":false,"_jetpack_newsletter_tier_id":0,"_jetpack_memberships_contains_paywalled_content":false,"_jetpack_memberships_contains_paid_content":false,"footnotes":"","jetpack_publicize_message":"","jetpack_publicize_feature_enabled":true,"jetpack_social_post_already_shared":false,"jetpack_social_options":{"image_generator_settings":{"template":"highway","default_image_id":0,"font":"","enabled":false},"version":2},"_wpas_customize_per_network":false},"categories":[5],"tags":[469,18,1728,281],"class_list":["post-11764","post","type-post","status-publish","format-standard","hentry","category-politica","tag-benitez","tag-selva","tag-wado","tag-wado-de-pedro","generate-columns","tablet-grid-50","mobile-grid-100","grid-parent","grid-50"],"jetpack_publicize_connections":[],"jetpack_featured_media_url":"","wps_subtitle":"","jetpack_sharing_enabled":true,"_links":{"self":[{"href":"https:\/\/www.hoymercedes.com.ar\/principal\/wp-json\/wp\/v2\/posts\/11764","targetHints":{"allow":["GET"]}}],"collection":[{"href":"https:\/\/www.hoymercedes.com.ar\/principal\/wp-json\/wp\/v2\/posts"}],"about":[{"href":"https:\/\/www.hoymercedes.com.ar\/principal\/wp-json\/wp\/v2\/types\/post"}],"author":[{"embeddable":true,"href":"https:\/\/www.hoymercedes.com.ar\/principal\/wp-json\/wp\/v2\/users\/1"}],"replies":[{"embeddable":true,"href":"https:\/\/www.hoymercedes.com.ar\/principal\/wp-json\/wp\/v2\/comments?post=11764"}],"version-history":[{"count":0,"href":"https:\/\/www.hoymercedes.com.ar\/principal\/wp-json\/wp\/v2\/posts\/11764\/revisions"}],"wp:attachment":[{"href":"https:\/\/www.hoymercedes.com.ar\/principal\/wp-json\/wp\/v2\/media?parent=11764"}],"wp:term":[{"taxonomy":"category","embeddable":true,"href":"https:\/\/www.hoymercedes.com.ar\/principal\/wp-json\/wp\/v2\/categories?post=11764"},{"taxonomy":"post_tag","embeddable":true,"href":"https:\/\/www.hoymercedes.com.ar\/principal\/wp-json\/wp\/v2\/tags?post=11764"}],"curies":[{"name":"wp","href":"https:\/\/api.w.org\/{rel}","templated":true}]}}