{"id":117659,"date":"2020-09-29T10:41:38","date_gmt":"2020-09-29T13:41:38","guid":{"rendered":"http:\/\/www.hoymercedes.com.ar\/principal\/?p=117659"},"modified":"2020-09-29T10:35:21","modified_gmt":"2020-09-29T13:35:21","slug":"capacitacion-para-efectivos-del-comando-de-prevencion-rural-bonaerense","status":"publish","type":"post","link":"https:\/\/www.hoymercedes.com.ar\/principal\/2020\/09\/29\/capacitacion-para-efectivos-del-comando-de-prevencion-rural-bonaerense\/","title":{"rendered":"Capacitaci\u00f3n para efectivos del Comando de Prevenci\u00f3n Rural bonaerense"},"content":{"rendered":"\n<p>El Senasa expuso en el curso virtual destinado a m\u00e1s de 150 oficiales que desarrollan sus tareas en distintas localidades de la provincia de Buenos Aires.<\/p>\n\n\n\n<figure class=\"wp-block-image size-large\"><img loading=\"lazy\" decoding=\"async\" width=\"800\" height=\"449\" data-attachment-id=\"117661\" data-permalink=\"https:\/\/www.hoymercedes.com.ar\/principal\/2020\/09\/29\/capacitacion-para-efectivos-del-comando-de-prevencion-rural-bonaerense\/29-senasa-presentes-charla-cpr\/#main\" data-orig-file=\"https:\/\/www.hoymercedes.com.ar\/principal\/wp-content\/uploads\/2020\/09\/29-senasa-Presentes-charla-CPR.png\" data-orig-size=\"800,449\" data-comments-opened=\"0\" data-image-meta=\"{&quot;aperture&quot;:&quot;0&quot;,&quot;credit&quot;:&quot;&quot;,&quot;camera&quot;:&quot;&quot;,&quot;caption&quot;:&quot;&quot;,&quot;created_timestamp&quot;:&quot;0&quot;,&quot;copyright&quot;:&quot;&quot;,&quot;focal_length&quot;:&quot;0&quot;,&quot;iso&quot;:&quot;0&quot;,&quot;shutter_speed&quot;:&quot;0&quot;,&quot;title&quot;:&quot;&quot;,&quot;orientation&quot;:&quot;0&quot;}\" data-image-title=\"29 senasa Presentes charla CPR\" data-image-description=\"\" data-image-caption=\"\" data-large-file=\"https:\/\/www.hoymercedes.com.ar\/principal\/wp-content\/uploads\/2020\/09\/29-senasa-Presentes-charla-CPR.png\" src=\"https:\/\/www.hoymercedes.com.ar\/principal\/wp-content\/uploads\/2020\/09\/29-senasa-Presentes-charla-CPR.png\" alt=\"\" class=\"wp-image-117661\" srcset=\"https:\/\/www.hoymercedes.com.ar\/principal\/wp-content\/uploads\/2020\/09\/29-senasa-Presentes-charla-CPR.png 800w, https:\/\/www.hoymercedes.com.ar\/principal\/wp-content\/uploads\/2020\/09\/29-senasa-Presentes-charla-CPR-630x354.png 630w, https:\/\/www.hoymercedes.com.ar\/principal\/wp-content\/uploads\/2020\/09\/29-senasa-Presentes-charla-CPR-150x84.png 150w\" sizes=\"auto, (max-width: 800px) 100vw, 800px\" \/><\/figure>\n\n\n\n<p>Continuando con las actividades de extensi\u00f3n formativas, <strong>el Servicio Nacional de Sanidad y Calidad Agroalimentaria (Senasa)<\/strong>, particip\u00f3 de un doble encuentro virtual de <strong>capacitaci\u00f3n<\/strong>, organizado por el Ministerio de Desarrollo Agrario y destinado al <strong>personal del Comando de Patrulla Rural (CPR)<\/strong>, que realiza tareas de prevenci\u00f3n y control en m\u00e1s de 100 Comandos de Prevenci\u00f3n Rural (CPR) a lo largo y a lo ancho de la provincia de Buenos Aires.<\/p>\n\n\n\n<p>En esta oportunidad, el \u201ccurso b\u00e1sico sobre seguridad rural, nivel I\u201d fue coordinado por la Superintendencia de Seguridad Rural, a cargo del Comisario General, Ignacio Rosales y del \u00e1rea de Desarrollo Institucional y Capacitaciones, bajo la conducci\u00f3n de los comisarios Marcelo Palumbo y Maximiliano Tonello.<\/p>\n\n\n\n<p><strong>La participaci\u00f3n del Senasa se dio en el marco del curso \u201cSistema Ganadero\u201d, en la asignatura \u201cFaltas y Contravenciones en la Prevenci\u00f3n del Delito Rural\u201d, donde N\u00e9stor Osacar, coordinador de Sanidad Animal del Centro Regional Buenos Aires Norte.<\/strong><\/p>\n\n\n\n<p><strong>Osacar expuso sobre los alcances de la regionalizaci\u00f3n del Senasa, referenciando la presencia de los 14 centros regionales distribuidos en todo el pa\u00eds, y sobre el registro de los animales transportados, el procedimiento de confecci\u00f3n de actas, la normativa aplicable en cada caso y la documentaci\u00f3n que se debe solicitar a la hora de asegurar la adecuada trazabilidad de la mercader\u00eda trasladada.<\/strong><\/p>\n\n\n\n<figure class=\"wp-block-image size-large\"><img loading=\"lazy\" decoding=\"async\" width=\"772\" height=\"768\" data-attachment-id=\"117660\" data-permalink=\"https:\/\/www.hoymercedes.com.ar\/principal\/2020\/09\/29\/capacitacion-para-efectivos-del-comando-de-prevencion-rural-bonaerense\/29-senasa-1\/#main\" data-orig-file=\"https:\/\/www.hoymercedes.com.ar\/principal\/wp-content\/uploads\/2020\/09\/29-senasa-1.jpg\" data-orig-size=\"772,768\" data-comments-opened=\"0\" data-image-meta=\"{&quot;aperture&quot;:&quot;0&quot;,&quot;credit&quot;:&quot;&quot;,&quot;camera&quot;:&quot;&quot;,&quot;caption&quot;:&quot;&quot;,&quot;created_timestamp&quot;:&quot;0&quot;,&quot;copyright&quot;:&quot;&quot;,&quot;focal_length&quot;:&quot;0&quot;,&quot;iso&quot;:&quot;0&quot;,&quot;shutter_speed&quot;:&quot;0&quot;,&quot;title&quot;:&quot;&quot;,&quot;orientation&quot;:&quot;1&quot;}\" data-image-title=\"29 senasa 1\" data-image-description=\"\" data-image-caption=\"\" data-large-file=\"https:\/\/www.hoymercedes.com.ar\/principal\/wp-content\/uploads\/2020\/09\/29-senasa-1.jpg\" src=\"https:\/\/www.hoymercedes.com.ar\/principal\/wp-content\/uploads\/2020\/09\/29-senasa-1.jpg\" alt=\"\" class=\"wp-image-117660\" srcset=\"https:\/\/www.hoymercedes.com.ar\/principal\/wp-content\/uploads\/2020\/09\/29-senasa-1.jpg 772w, https:\/\/www.hoymercedes.com.ar\/principal\/wp-content\/uploads\/2020\/09\/29-senasa-1-623x620.jpg 623w, https:\/\/www.hoymercedes.com.ar\/principal\/wp-content\/uploads\/2020\/09\/29-senasa-1-150x150.jpg 150w\" sizes=\"auto, (max-width: 772px) 100vw, 772px\" \/><\/figure>\n\n\n\n<p>As\u00ed, describi\u00f3 las caracter\u00edsticas del Documento de Tr\u00e1nsito electr\u00f3nico (DT-e), las maneras de verificar su autenticidad (deteni\u00e9ndose en las infracciones m\u00e1s frecuentes encontradas en controles en ruta) y los requisitos para la habilitaci\u00f3n del transporte -seg\u00fan el tipo de veh\u00edculo y la mercader\u00eda trasladada- para finalizar haciendo menci\u00f3n a la importancia de los certificados de lavado de los transportes que circulan en la ruta.<\/p>\n\n\n\n<p>Concluida cada una de las etapas expositivas, se design\u00f3 un momento para preguntas y dudas, relacionadas con las dificultades que el personal policial encuentra en los procedimientos en ruta, sobre todo cuando se detectan irregularidades en el traslado de animales vivos.<\/p>\n\n\n\n<p>Tambi\u00e9n participaron de estos encuentros referentes del Ministerio de Desarrollo Agrario de la provincia de Buenos Aires y del Instituto Nacional de Tecnolog\u00eda Agropecuaria (INTA).<\/p>\n\n\n\n<p>Con la realizaci\u00f3n de estas jornadas informativas el Senasa interact\u00faa con las distintas instituciones de gobierno que tienen responsabilidad en el proceso de control de la cadena agroalimentaria.<\/p>\n\n\n\n<p><strong>De esta manera se busca trabajar en forma coordinada, estableciendo mecanismos de interacci\u00f3n r\u00e1pidos y resolutivos a la hora de realizar los controles a transportes en rutas, apelando a la responsabilidad de cada una de las partes, bajo un concepto integral de salud p\u00fablica.<\/strong><\/p>\n","protected":false},"excerpt":{"rendered":"<p>El Senasa expuso en el curso virtual destinado a m\u00e1s de 150 oficiales que desarrollan sus tareas en distintas localidades &#8230; <a title=\"Capacitaci\u00f3n para efectivos del Comando de Prevenci\u00f3n Rural bonaerense\" class=\"read-more\" href=\"https:\/\/www.hoymercedes.com.ar\/principal\/2020\/09\/29\/capacitacion-para-efectivos-del-comando-de-prevencion-rural-bonaerense\/\" aria-label=\"Leer m\u00e1s sobre Capacitaci\u00f3n para efectivos del Comando de Prevenci\u00f3n Rural bonaerense\">Leer m\u00e1s<\/a><\/p>\n","protected":false},"author":1,"featured_media":117660,"comment_status":"closed","ping_status":"open","sticky":false,"template":"","format":"standard","meta":{"_monsterinsights_skip_tracking":false,"_monsterinsights_sitenote_active":false,"_monsterinsights_sitenote_note":"","_monsterinsights_sitenote_category":0,"jetpack_post_was_ever_published":false,"_jetpack_newsletter_access":"","_jetpack_dont_email_post_to_subs":false,"_jetpack_newsletter_tier_id":0,"_jetpack_memberships_contains_paywalled_content":false,"_jetpack_memberships_contains_paid_content":false,"footnotes":"","jetpack_publicize_message":"","jetpack_publicize_feature_enabled":true,"jetpack_social_post_already_shared":true,"jetpack_social_options":{"image_generator_settings":{"template":"highway","default_image_id":0,"font":"","enabled":false},"version":2},"_wpas_customize_per_network":false},"categories":[85],"tags":[8656,12557,96,8450],"class_list":["post-117659","post","type-post","status-publish","format-standard","has-post-thumbnail","hentry","category-policial","tag-capacitacion","tag-patrulla-rural","tag-policial-2","tag-senasa","generate-columns","tablet-grid-50","mobile-grid-100","grid-parent","grid-50"],"jetpack_publicize_connections":[],"jetpack_featured_media_url":"https:\/\/www.hoymercedes.com.ar\/principal\/wp-content\/uploads\/2020\/09\/29-senasa-1.jpg","wps_subtitle":"Senasa y Polic\u00eda Rural","jetpack_sharing_enabled":true,"_links":{"self":[{"href":"https:\/\/www.hoymercedes.com.ar\/principal\/wp-json\/wp\/v2\/posts\/117659","targetHints":{"allow":["GET"]}}],"collection":[{"href":"https:\/\/www.hoymercedes.com.ar\/principal\/wp-json\/wp\/v2\/posts"}],"about":[{"href":"https:\/\/www.hoymercedes.com.ar\/principal\/wp-json\/wp\/v2\/types\/post"}],"author":[{"embeddable":true,"href":"https:\/\/www.hoymercedes.com.ar\/principal\/wp-json\/wp\/v2\/users\/1"}],"replies":[{"embeddable":true,"href":"https:\/\/www.hoymercedes.com.ar\/principal\/wp-json\/wp\/v2\/comments?post=117659"}],"version-history":[{"count":0,"href":"https:\/\/www.hoymercedes.com.ar\/principal\/wp-json\/wp\/v2\/posts\/117659\/revisions"}],"wp:featuredmedia":[{"embeddable":true,"href":"https:\/\/www.hoymercedes.com.ar\/principal\/wp-json\/wp\/v2\/media\/117660"}],"wp:attachment":[{"href":"https:\/\/www.hoymercedes.com.ar\/principal\/wp-json\/wp\/v2\/media?parent=117659"}],"wp:term":[{"taxonomy":"category","embeddable":true,"href":"https:\/\/www.hoymercedes.com.ar\/principal\/wp-json\/wp\/v2\/categories?post=117659"},{"taxonomy":"post_tag","embeddable":true,"href":"https:\/\/www.hoymercedes.com.ar\/principal\/wp-json\/wp\/v2\/tags?post=117659"}],"curies":[{"name":"wp","href":"https:\/\/api.w.org\/{rel}","templated":true}]}}