{"id":117664,"date":"2020-09-29T12:00:31","date_gmt":"2020-09-29T15:00:31","guid":{"rendered":"http:\/\/www.hoymercedes.com.ar\/principal\/?p=117664"},"modified":"2020-09-29T21:31:19","modified_gmt":"2020-09-30T00:31:19","slug":"el-hcd-reconoce-a-oscar-rossello-por-la-zamba-de-la-fiesta-del-salame-quintero","status":"publish","type":"post","link":"https:\/\/www.hoymercedes.com.ar\/principal\/2020\/09\/29\/el-hcd-reconoce-a-oscar-rossello-por-la-zamba-de-la-fiesta-del-salame-quintero\/","title":{"rendered":"El HCD reconoce a Oscar Rossello por la Zamba de la Fiesta del Salame Quintero"},"content":{"rendered":"\n<p>En los primeros minutos de la sesi\u00f3n ordinaria del Concejo Deliberante del lunes por la tarde, los legisladores hicieron efectivo el reconocimiento al m\u00fasica Oscar Rosello por su zamba que se oficializ\u00f3 como canci\u00f3n de la Fiesta Nacional del Salame Quintero. Se trata de la zamba \u00abMercedes Historia y Sabor\u00bb. <\/p>\n\n\n\n<div class=\"wp-block-image\"><figure class=\"aligncenter size-large\"><img loading=\"lazy\" decoding=\"async\" width=\"720\" height=\"498\" data-attachment-id=\"117623\" data-permalink=\"https:\/\/www.hoymercedes.com.ar\/principal\/28-rossello-1\/\" data-orig-file=\"https:\/\/www.hoymercedes.com.ar\/principal\/wp-content\/uploads\/2020\/09\/28-rossello-1.jpg\" data-orig-size=\"720,498\" data-comments-opened=\"0\" data-image-meta=\"{&quot;aperture&quot;:&quot;0&quot;,&quot;credit&quot;:&quot;&quot;,&quot;camera&quot;:&quot;&quot;,&quot;caption&quot;:&quot;&quot;,&quot;created_timestamp&quot;:&quot;0&quot;,&quot;copyright&quot;:&quot;&quot;,&quot;focal_length&quot;:&quot;0&quot;,&quot;iso&quot;:&quot;0&quot;,&quot;shutter_speed&quot;:&quot;0&quot;,&quot;title&quot;:&quot;&quot;,&quot;orientation&quot;:&quot;0&quot;}\" data-image-title=\"28 rossello 1\" data-image-description=\"\" data-image-caption=\"\" data-large-file=\"https:\/\/www.hoymercedes.com.ar\/principal\/wp-content\/uploads\/2020\/09\/28-rossello-1.jpg\" src=\"https:\/\/www.hoymercedes.com.ar\/principal\/wp-content\/uploads\/2020\/09\/28-rossello-1.jpg\" alt=\"\" class=\"wp-image-117623\" srcset=\"https:\/\/www.hoymercedes.com.ar\/principal\/wp-content\/uploads\/2020\/09\/28-rossello-1.jpg 720w, https:\/\/www.hoymercedes.com.ar\/principal\/wp-content\/uploads\/2020\/09\/28-rossello-1-630x436.jpg 630w, https:\/\/www.hoymercedes.com.ar\/principal\/wp-content\/uploads\/2020\/09\/28-rossello-1-150x104.jpg 150w\" sizes=\"auto, (max-width: 720px) 100vw, 720px\" \/><\/figure><\/div>\n\n\n\n<p>En la tarde del lunes, los legisladores de la ciudad entreg\u00f3 una placa de reconocimiento con la declaraci\u00f3n de inter\u00e9s legislativo con fecha del mes de agosto pasado, al cantautor Oscar Rossello por la Zamba de la Fiesta del Salame Quintero.<\/p>\n\n\n\n<p>Los titulares de los bloques de concejales junto al presidente le entregaron la distinci\u00f3n, y Rossello tom\u00f3 su guitarra para interpretarla en vivo, delante de los Concejales. Previamente, Oscar explic\u00f3 que el a\u00f1o hab\u00eda sido \u201cduro para todos\u201d, y confes\u00f3 que a principios de a\u00f1o hab\u00eda estado con graves problemas de salud.<\/p>\n\n\n\n<div class=\"wp-block-image\"><figure class=\"aligncenter size-large\"><img loading=\"lazy\" decoding=\"async\" width=\"960\" height=\"720\" data-attachment-id=\"117622\" data-permalink=\"https:\/\/www.hoymercedes.com.ar\/principal\/28-rossello-3\/\" data-orig-file=\"https:\/\/www.hoymercedes.com.ar\/principal\/wp-content\/uploads\/2020\/09\/28-rossello-3.jpg\" data-orig-size=\"960,720\" data-comments-opened=\"0\" data-image-meta=\"{&quot;aperture&quot;:&quot;0&quot;,&quot;credit&quot;:&quot;&quot;,&quot;camera&quot;:&quot;&quot;,&quot;caption&quot;:&quot;&quot;,&quot;created_timestamp&quot;:&quot;0&quot;,&quot;copyright&quot;:&quot;&quot;,&quot;focal_length&quot;:&quot;0&quot;,&quot;iso&quot;:&quot;0&quot;,&quot;shutter_speed&quot;:&quot;0&quot;,&quot;title&quot;:&quot;&quot;,&quot;orientation&quot;:&quot;0&quot;}\" data-image-title=\"28 rossello 3\" data-image-description=\"\" data-image-caption=\"\" data-large-file=\"https:\/\/www.hoymercedes.com.ar\/principal\/wp-content\/uploads\/2020\/09\/28-rossello-3.jpg\" src=\"https:\/\/www.hoymercedes.com.ar\/principal\/wp-content\/uploads\/2020\/09\/28-rossello-3.jpg\" alt=\"\" class=\"wp-image-117622\" srcset=\"https:\/\/www.hoymercedes.com.ar\/principal\/wp-content\/uploads\/2020\/09\/28-rossello-3.jpg 960w, https:\/\/www.hoymercedes.com.ar\/principal\/wp-content\/uploads\/2020\/09\/28-rossello-3-630x473.jpg 630w, https:\/\/www.hoymercedes.com.ar\/principal\/wp-content\/uploads\/2020\/09\/28-rossello-3-150x113.jpg 150w\" sizes=\"auto, (max-width: 960px) 100vw, 960px\" \/><\/figure><\/div>\n\n\n\n<p>\u201cEstoy feliz de la vida. A todos los amigos quiero abrazarlos. A todos los que est\u00e1n ac\u00e1. Todos nos conocemos. Ganas de tomarme un hermoso vino con cada uno de ustedes, que hace bien al coraz\u00f3n\u201d y mir\u00f3 c\u00f3mplice al Dr. Comesa\u00f1a.<\/p>\n\n\n\n<p>\u201cYa van a venir esos momentos en que podremos chocar la copa y estrecharnos en abrazos. Gracias a todos ustedes por ponerse este tema al hombro. Gracias a la vida que mi ha dado tanto, dijo Violeta\u201d, expres\u00f3 y arranc\u00f3 con la canci\u00f3n oficial de la Fiesta del Salame Quintero, dedic\u00e1ndosela a sus hijas.<\/p>\n\n\n\n<p>Asimismo, Rossello anticip\u00f3 que el s\u00e1bado 3 de octubre realizar\u00e1 un concierto en streaming con su banda. A partir de la hora 21, el recital de Rossello\u00b4s Band podr\u00e1 verse en las redes del m\u00fasico (facebook y youtube).<\/p>\n\n\n\n<figure class=\"wp-block-embed-facebook wp-block-embed\"><div class=\"wp-block-embed__wrapper\">\n<div class=\"fb-video\" data-allowfullscreen=\"true\" data-href=\"https:\/\/www.facebook.com\/watch\/?v=332220831337075&#038;extid=HkuRPdWxw8sJIhLQ\" style=\"background-color: #fff; display: inline-block;\"><\/div>\n<\/div><\/figure>\n","protected":false},"excerpt":{"rendered":"<p>En los primeros minutos de la sesi\u00f3n ordinaria del Concejo Deliberante del lunes por la tarde, los legisladores hicieron efectivo &#8230; <a title=\"El HCD reconoce a Oscar Rossello por la Zamba de la Fiesta del Salame Quintero\" class=\"read-more\" href=\"https:\/\/www.hoymercedes.com.ar\/principal\/2020\/09\/29\/el-hcd-reconoce-a-oscar-rossello-por-la-zamba-de-la-fiesta-del-salame-quintero\/\" aria-label=\"Leer m\u00e1s sobre El HCD reconoce a Oscar Rossello por la Zamba de la Fiesta del Salame Quintero\">Leer m\u00e1s<\/a><\/p>\n","protected":false},"author":1,"featured_media":117622,"comment_status":"closed","ping_status":"open","sticky":false,"template":"","format":"standard","meta":{"_monsterinsights_skip_tracking":false,"_monsterinsights_sitenote_active":false,"_monsterinsights_sitenote_note":"","_monsterinsights_sitenote_category":0,"jetpack_post_was_ever_published":false,"_jetpack_newsletter_access":"","_jetpack_dont_email_post_to_subs":false,"_jetpack_newsletter_tier_id":0,"_jetpack_memberships_contains_paywalled_content":false,"_jetpack_memberships_contains_paid_content":false,"footnotes":"","jetpack_publicize_message":"","jetpack_publicize_feature_enabled":true,"jetpack_social_post_already_shared":true,"jetpack_social_options":{"image_generator_settings":{"template":"highway","default_image_id":0,"font":"","enabled":false},"version":2},"_wpas_customize_per_network":false},"categories":[104],"tags":[7805,15,8181,7852],"class_list":["post-117664","post","type-post","status-publish","format-standard","has-post-thumbnail","hentry","category-cultura","tag-cultura","tag-hcd","tag-oscar-rossello","tag-reconocimiento","generate-columns","tablet-grid-50","mobile-grid-100","grid-parent","grid-50"],"jetpack_publicize_connections":[],"jetpack_featured_media_url":"https:\/\/www.hoymercedes.com.ar\/principal\/wp-content\/uploads\/2020\/09\/28-rossello-3.jpg","wps_subtitle":"En la sesi\u00f3n del lunes","jetpack_sharing_enabled":true,"_links":{"self":[{"href":"https:\/\/www.hoymercedes.com.ar\/principal\/wp-json\/wp\/v2\/posts\/117664","targetHints":{"allow":["GET"]}}],"collection":[{"href":"https:\/\/www.hoymercedes.com.ar\/principal\/wp-json\/wp\/v2\/posts"}],"about":[{"href":"https:\/\/www.hoymercedes.com.ar\/principal\/wp-json\/wp\/v2\/types\/post"}],"author":[{"embeddable":true,"href":"https:\/\/www.hoymercedes.com.ar\/principal\/wp-json\/wp\/v2\/users\/1"}],"replies":[{"embeddable":true,"href":"https:\/\/www.hoymercedes.com.ar\/principal\/wp-json\/wp\/v2\/comments?post=117664"}],"version-history":[{"count":0,"href":"https:\/\/www.hoymercedes.com.ar\/principal\/wp-json\/wp\/v2\/posts\/117664\/revisions"}],"wp:featuredmedia":[{"embeddable":true,"href":"https:\/\/www.hoymercedes.com.ar\/principal\/wp-json\/wp\/v2\/media\/117622"}],"wp:attachment":[{"href":"https:\/\/www.hoymercedes.com.ar\/principal\/wp-json\/wp\/v2\/media?parent=117664"}],"wp:term":[{"taxonomy":"category","embeddable":true,"href":"https:\/\/www.hoymercedes.com.ar\/principal\/wp-json\/wp\/v2\/categories?post=117664"},{"taxonomy":"post_tag","embeddable":true,"href":"https:\/\/www.hoymercedes.com.ar\/principal\/wp-json\/wp\/v2\/tags?post=117664"}],"curies":[{"name":"wp","href":"https:\/\/api.w.org\/{rel}","templated":true}]}}