{"id":117679,"date":"2020-09-29T16:08:23","date_gmt":"2020-09-29T19:08:23","guid":{"rendered":"http:\/\/www.hoymercedes.com.ar\/principal\/?p=117679"},"modified":"2020-09-29T20:57:27","modified_gmt":"2020-09-29T23:57:27","slug":"el-ex-jefe-de-bomberos-fue-distinguido-por-los-concejales","status":"publish","type":"post","link":"https:\/\/www.hoymercedes.com.ar\/principal\/2020\/09\/29\/el-ex-jefe-de-bomberos-fue-distinguido-por-los-concejales\/","title":{"rendered":"El ex Jefe de Bomberos fue distinguido por los Concejales"},"content":{"rendered":"\n<p>Ismael Alfredo Guti\u00e9rrez fue reconocido en cumplimiento de una legislaci\u00f3n que busca resaltar la labor de los Bomberos Voluntarios de Mercedes en el mes del aniversario de la instituci\u00f3n. La distinci\u00f3n se entreg\u00f3 en la tarde del lunes. <\/p>\n\n\n\n<div class=\"wp-block-image\"><figure class=\"aligncenter size-large\"><img loading=\"lazy\" decoding=\"async\" width=\"800\" height=\"600\" data-attachment-id=\"117682\" data-permalink=\"https:\/\/www.hoymercedes.com.ar\/principal\/2020\/09\/29\/el-ex-jefe-de-bomberos-fue-distinguido-por-los-concejales\/29-hcd-bomberos-1\/#main\" data-orig-file=\"https:\/\/www.hoymercedes.com.ar\/principal\/wp-content\/uploads\/2020\/09\/29-hcd-bomberos-1.jpg\" data-orig-size=\"800,600\" data-comments-opened=\"0\" data-image-meta=\"{&quot;aperture&quot;:&quot;0&quot;,&quot;credit&quot;:&quot;&quot;,&quot;camera&quot;:&quot;&quot;,&quot;caption&quot;:&quot;&quot;,&quot;created_timestamp&quot;:&quot;0&quot;,&quot;copyright&quot;:&quot;&quot;,&quot;focal_length&quot;:&quot;0&quot;,&quot;iso&quot;:&quot;0&quot;,&quot;shutter_speed&quot;:&quot;0&quot;,&quot;title&quot;:&quot;&quot;,&quot;orientation&quot;:&quot;0&quot;}\" data-image-title=\"29 hcd bomberos 1\" data-image-description=\"\" data-image-caption=\"\" data-large-file=\"https:\/\/www.hoymercedes.com.ar\/principal\/wp-content\/uploads\/2020\/09\/29-hcd-bomberos-1.jpg\" src=\"https:\/\/www.hoymercedes.com.ar\/principal\/wp-content\/uploads\/2020\/09\/29-hcd-bomberos-1.jpg\" alt=\"\" class=\"wp-image-117682\" srcset=\"https:\/\/www.hoymercedes.com.ar\/principal\/wp-content\/uploads\/2020\/09\/29-hcd-bomberos-1.jpg 800w, https:\/\/www.hoymercedes.com.ar\/principal\/wp-content\/uploads\/2020\/09\/29-hcd-bomberos-1-630x473.jpg 630w, https:\/\/www.hoymercedes.com.ar\/principal\/wp-content\/uploads\/2020\/09\/29-hcd-bomberos-1-150x113.jpg 150w\" sizes=\"auto, (max-width: 800px) 100vw, 800px\" \/><\/figure><\/div>\n\n\n\n<p>En el marco de la \u00faltima sesi\u00f3n del Concejo Deliberante, se oficializ\u00f3 un decreto aprobado el 9 de septiembre de 2019 que determina que cada a\u00f1o, en dicho mes se distinga a un Bombero Voluntario de la ciudad en el marco del aniversario de la instituci\u00f3n Central 27, que este a\u00f1o cumpli\u00f3 77 a\u00f1os.<\/p>\n\n\n\n<p>En esta oportunidad, la instituci\u00f3n Bomberos Voluntarios propuso distinguir al ex Jefe del Cuerpo Activo Ismael Alfredo Guti\u00e9rrez, que pas\u00f3 a formar parte de la reserva de Bomberos Voluntarios.<\/p>\n\n\n\n<p>Entregada la distinci\u00f3n, Guti\u00e9rrez expres\u00f3 su agradecimiento al cuerpo y a sus colegas. \u201cComo todo Bombero Voluntario, lo hacemos de vocaci\u00f3n, y de coraz\u00f3n, sabiendo que somos \u00fatiles para nuestra comunidad\u201d, dijo.<\/p>\n\n\n\n<p>\u201cLamentablemente por una cuesti\u00f3n de edad me tuve que retirar. Se puede ser Bombero hasta los 60 a\u00f1os, excepto los Jefes y Segundos Jefes que pueden quedarse hasta los 65. En noviembre los cumpl\u00ed y me vi obligado a pasar a la reserva. Para m\u00ed fue un orgullo haber sido Bombero durante 46 a\u00f1os en forma activa, m\u00e1s cuatro a\u00f1os que estuve de cadete. Entr\u00e9 a los 14 a\u00f1os a Bomberos\u201d, cont\u00f3 Ismael.<\/p>\n\n\n\n<p>\u201cPara m\u00ed fue un orgullo haber servido a la comunidad. Si lo tuviera que hacer de nuevo, lo har\u00eda de nuevo. Agradezco a todos, a todos los bloques sin distinci\u00f3n de ideas pol\u00edticas y para m\u00ed es un honor recibir algo de ustedes\u201d, resalt\u00f3 Guti\u00e9rrez entre los aplausos de los concejales y los Bomberos Voluntarios que lo acompa\u00f1aron.<\/p>\n\n\n\n<div class=\"wp-block-image\"><figure class=\"aligncenter size-large\"><img loading=\"lazy\" decoding=\"async\" width=\"800\" height=\"433\" data-attachment-id=\"117681\" data-permalink=\"https:\/\/www.hoymercedes.com.ar\/principal\/2020\/09\/29\/el-ex-jefe-de-bomberos-fue-distinguido-por-los-concejales\/29-hcd-bomberos-4-jpg\/#main\" data-orig-file=\"https:\/\/www.hoymercedes.com.ar\/principal\/wp-content\/uploads\/2020\/09\/29-hcd-bomberos-4.jpg.png\" data-orig-size=\"800,433\" data-comments-opened=\"0\" data-image-meta=\"{&quot;aperture&quot;:&quot;0&quot;,&quot;credit&quot;:&quot;&quot;,&quot;camera&quot;:&quot;&quot;,&quot;caption&quot;:&quot;&quot;,&quot;created_timestamp&quot;:&quot;0&quot;,&quot;copyright&quot;:&quot;&quot;,&quot;focal_length&quot;:&quot;0&quot;,&quot;iso&quot;:&quot;0&quot;,&quot;shutter_speed&quot;:&quot;0&quot;,&quot;title&quot;:&quot;&quot;,&quot;orientation&quot;:&quot;0&quot;}\" data-image-title=\"29 hcd bomberos 4.jpg\" data-image-description=\"\" data-image-caption=\"\" data-large-file=\"https:\/\/www.hoymercedes.com.ar\/principal\/wp-content\/uploads\/2020\/09\/29-hcd-bomberos-4.jpg.png\" src=\"https:\/\/www.hoymercedes.com.ar\/principal\/wp-content\/uploads\/2020\/09\/29-hcd-bomberos-4.jpg.png\" alt=\"\" class=\"wp-image-117681\" srcset=\"https:\/\/www.hoymercedes.com.ar\/principal\/wp-content\/uploads\/2020\/09\/29-hcd-bomberos-4.jpg.png 800w, https:\/\/www.hoymercedes.com.ar\/principal\/wp-content\/uploads\/2020\/09\/29-hcd-bomberos-4.jpg-630x341.png 630w, https:\/\/www.hoymercedes.com.ar\/principal\/wp-content\/uploads\/2020\/09\/29-hcd-bomberos-4.jpg-150x81.png 150w\" sizes=\"auto, (max-width: 800px) 100vw, 800px\" \/><\/figure><\/div>\n","protected":false},"excerpt":{"rendered":"<p>Ismael Alfredo Guti\u00e9rrez fue reconocido en cumplimiento de una legislaci\u00f3n que busca resaltar la labor de los Bomberos Voluntarios de &#8230; <a title=\"El ex Jefe de Bomberos fue distinguido por los Concejales\" class=\"read-more\" href=\"https:\/\/www.hoymercedes.com.ar\/principal\/2020\/09\/29\/el-ex-jefe-de-bomberos-fue-distinguido-por-los-concejales\/\" aria-label=\"Leer m\u00e1s sobre El ex Jefe de Bomberos fue distinguido por los Concejales\">Leer m\u00e1s<\/a><\/p>\n","protected":false},"author":5,"featured_media":117680,"comment_status":"closed","ping_status":"open","sticky":false,"template":"","format":"standard","meta":{"_monsterinsights_skip_tracking":false,"_monsterinsights_sitenote_active":false,"_monsterinsights_sitenote_note":"","_monsterinsights_sitenote_category":0,"jetpack_post_was_ever_published":false,"_jetpack_newsletter_access":"","_jetpack_dont_email_post_to_subs":false,"_jetpack_newsletter_tier_id":0,"_jetpack_memberships_contains_paywalled_content":false,"_jetpack_memberships_contains_paid_content":false,"footnotes":"","jetpack_publicize_message":"","jetpack_publicize_feature_enabled":true,"jetpack_social_post_already_shared":true,"jetpack_social_options":{"image_generator_settings":{"template":"highway","default_image_id":0,"font":"","enabled":false},"version":2},"_wpas_customize_per_network":false},"categories":[8],"tags":[865,9956,15,17155],"class_list":["post-117679","post","type-post","status-publish","format-standard","has-post-thumbnail","hentry","category-sociedad","tag-bomberos-voluntarios","tag-distincion","tag-hcd","tag-jefe-ismail-gutierrez","generate-columns","tablet-grid-50","mobile-grid-100","grid-parent","grid-50"],"jetpack_publicize_connections":[],"jetpack_featured_media_url":"https:\/\/www.hoymercedes.com.ar\/principal\/wp-content\/uploads\/2020\/09\/29-hcd-bomberos-21.jpg.png","wps_subtitle":"Mes aniversario del cuerpo de bomberos voluntarios","jetpack_sharing_enabled":true,"_links":{"self":[{"href":"https:\/\/www.hoymercedes.com.ar\/principal\/wp-json\/wp\/v2\/posts\/117679","targetHints":{"allow":["GET"]}}],"collection":[{"href":"https:\/\/www.hoymercedes.com.ar\/principal\/wp-json\/wp\/v2\/posts"}],"about":[{"href":"https:\/\/www.hoymercedes.com.ar\/principal\/wp-json\/wp\/v2\/types\/post"}],"author":[{"embeddable":true,"href":"https:\/\/www.hoymercedes.com.ar\/principal\/wp-json\/wp\/v2\/users\/5"}],"replies":[{"embeddable":true,"href":"https:\/\/www.hoymercedes.com.ar\/principal\/wp-json\/wp\/v2\/comments?post=117679"}],"version-history":[{"count":0,"href":"https:\/\/www.hoymercedes.com.ar\/principal\/wp-json\/wp\/v2\/posts\/117679\/revisions"}],"wp:featuredmedia":[{"embeddable":true,"href":"https:\/\/www.hoymercedes.com.ar\/principal\/wp-json\/wp\/v2\/media\/117680"}],"wp:attachment":[{"href":"https:\/\/www.hoymercedes.com.ar\/principal\/wp-json\/wp\/v2\/media?parent=117679"}],"wp:term":[{"taxonomy":"category","embeddable":true,"href":"https:\/\/www.hoymercedes.com.ar\/principal\/wp-json\/wp\/v2\/categories?post=117679"},{"taxonomy":"post_tag","embeddable":true,"href":"https:\/\/www.hoymercedes.com.ar\/principal\/wp-json\/wp\/v2\/tags?post=117679"}],"curies":[{"name":"wp","href":"https:\/\/api.w.org\/{rel}","templated":true}]}}