{"id":117695,"date":"2020-09-29T20:47:15","date_gmt":"2020-09-29T23:47:15","guid":{"rendered":"http:\/\/www.hoymercedes.com.ar\/principal\/?p=117695"},"modified":"2020-09-29T20:50:11","modified_gmt":"2020-09-29T23:50:11","slug":"el-partido-obrero-a-un-ano-de-la-explosion-de-sigma","status":"publish","type":"post","link":"https:\/\/www.hoymercedes.com.ar\/principal\/2020\/09\/29\/el-partido-obrero-a-un-ano-de-la-explosion-de-sigma\/","title":{"rendered":"El Partido Obrero a un a\u00f1o de la explosi\u00f3n de SIGMA"},"content":{"rendered":"\n<p>A trav\u00e9s de una comunicaci\u00f3n enviada a los medios de comunicaci\u00f3n de la ciudad, el Partido Obrero expresa su an\u00e1lisis y opini\u00f3n sobre el a\u00f1o transcurrido de la explosi\u00f3n en la empresa de La Verde. A continuaci\u00f3n el mensaje enviado: <\/p>\n\n\n\n<p>\u00abPaso un a\u00f1o de la explosi\u00f3n que\u00a0conmociono\u00a0a toda la zona. Por aquel entonces, el gobierno local de\u00a0Ustarroz\u00a0que iba por su reelecci\u00f3n y el gobierno de Vidal,\u00a0que se acercaba a la derrota, cerraron la grieta y definieron como un \u201cerror\u201d\u00a0de la\u00a0burocracia\u00a0\u00a0la\u00a0explosi\u00f3n\u00a0que se\u00a0llevo\u00a0la vida del trabajador Rub\u00e9n\u00a0Ponce.\u00a0<\/p>\n\n\n\n<p>&nbsp;Lejos de esto, desde el Partido Obrero se\u00f1al\u00e1bamos lo que los vecinos de la Verde ven\u00edan indicando en sus denuncias: la f\u00e1brica de&nbsp;agrotoxicos&nbsp;era un punto de contaminaci\u00f3n desde hace a\u00f1os, y los gobiernos que pasaron por provincia hac\u00edan vista gorda, al igual&nbsp;que&nbsp; los&nbsp;locales (Selva,&nbsp;Ustarroz).&nbsp;<\/p>\n\n\n\n<p>&nbsp;Pero la explosi\u00f3n de&nbsp;Sigma&nbsp;adem\u00e1s&nbsp;fue el&nbsp;&nbsp;prologo&nbsp;de una pol\u00edtica basada en la depredaci\u00f3n ambiental, como expresi\u00f3n de salida a una crisis econ\u00f3mica que deb\u00eda remontarse incorporando capitales, y para esto, el gobierno que asumi\u00f3 a fines del 2019 no&nbsp;tuvo&nbsp; problemas&nbsp;de acentuar la orientaci\u00f3n&nbsp;extractivista&nbsp;y&nbsp;agrosojera&nbsp;del modelo.&nbsp;<\/p>\n\n\n\n<p>&nbsp; Todo capital contaminante que ande dando vueltas,&nbsp;ten\u00eda las puestas abiertas en Argentina. Esto se colocaba muy lejos de la idea de un saneamiento de la econom\u00eda a partir de la producci\u00f3n de bienes y del desarrollo tecnol\u00f3gico.&nbsp;<\/p>\n\n\n\n<p>&nbsp;Es por esto que estallaron rebeliones en Mendoza contra la&nbsp;mega miner\u00eda, en todo el pa\u00eds contra el acuerdo porcino con China, en las zonas afectadas por los incendios contra el avance de&nbsp;la frontera sojera.&nbsp;<\/p>\n\n\n\n<p>&nbsp;&nbsp; Sigma fue la punta del&nbsp;Iceberg, la confirmaci\u00f3n de que la degradaci\u00f3n del capital se convierte en degradaci\u00f3n ambiental de la mano de los gobiernos que sostienen esta&nbsp;orientacion&nbsp;<\/p>\n\n\n\n<p>&nbsp; Pero esto no termina&nbsp;ac\u00e1, y el primer aniversario&nbsp;de Sigma&nbsp;no debe pasar inadvertido.&nbsp;Porque&nbsp;Ustarroz,&nbsp;aprovechando&nbsp;la pandemia (que paradoja) y en estrecha compa\u00f1\u00eda de la oposici\u00f3n Cambista, logra meter en la ciudad a la firma&nbsp;Zschimmer&nbsp;y&nbsp;Schwarz&nbsp;(Energy&nbsp;one) productores de coadyuvantes que se utilizan para la producci\u00f3n de agroqu\u00edmicos. Los empresarios que no encontraban lugar en otra parte, encontraron en el&nbsp;Kirchnerismo&nbsp;local un aliado, seguramente&nbsp;no&nbsp; se&nbsp;les&nbsp;escapa&nbsp;a los inversores de la firma&nbsp;el antecedente de Sigma, todo lo&nbsp;contrario&nbsp;es la demostraci\u00f3n de lo filtrable y vulnerable que son los controles.&nbsp;<\/p>\n\n\n\n<p>Desde el\u00a0Partido Obrero de Mercedes decimos.\u00a0<br>A un a\u00f1o de la Explosi\u00f3n de Sigma:\u00a0<br>&#8211; Saneamiento inmediato de la zona afectada por la explosi\u00f3n.\u00a0<br>&#8211; El Estado Municipal y provincial son responsable!\u00a0<br>&#8211; Justicia para Rub\u00e9n Ponce\u00bb\u00a0<\/p>\n","protected":false},"excerpt":{"rendered":"<p>A trav\u00e9s de una comunicaci\u00f3n enviada a los medios de comunicaci\u00f3n de la ciudad, el Partido Obrero expresa su an\u00e1lisis &#8230; <a title=\"El Partido Obrero a un a\u00f1o de la explosi\u00f3n de SIGMA\" class=\"read-more\" href=\"https:\/\/www.hoymercedes.com.ar\/principal\/2020\/09\/29\/el-partido-obrero-a-un-ano-de-la-explosion-de-sigma\/\" aria-label=\"Leer m\u00e1s sobre El Partido Obrero a un a\u00f1o de la explosi\u00f3n de SIGMA\">Leer m\u00e1s<\/a><\/p>\n","protected":false},"author":5,"featured_media":100534,"comment_status":"closed","ping_status":"open","sticky":false,"template":"","format":"standard","meta":{"_monsterinsights_skip_tracking":false,"_monsterinsights_sitenote_active":false,"_monsterinsights_sitenote_note":"","_monsterinsights_sitenote_category":0,"jetpack_post_was_ever_published":false,"_jetpack_newsletter_access":"","_jetpack_dont_email_post_to_subs":false,"_jetpack_newsletter_tier_id":0,"_jetpack_memberships_contains_paywalled_content":false,"_jetpack_memberships_contains_paid_content":false,"footnotes":"","jetpack_publicize_message":"","jetpack_publicize_feature_enabled":true,"jetpack_social_post_already_shared":true,"jetpack_social_options":{"image_generator_settings":{"template":"highway","default_image_id":0,"font":"","enabled":false},"version":2},"_wpas_customize_per_network":false},"categories":[5],"tags":[14174,8748,5319,15843],"class_list":["post-117695","post","type-post","status-publish","format-standard","has-post-thumbnail","hentry","category-politica","tag-explosion","tag-opinion","tag-politica-2","tag-sigma","generate-columns","tablet-grid-50","mobile-grid-100","grid-parent","grid-50"],"jetpack_publicize_connections":[],"jetpack_featured_media_url":"https:\/\/www.hoymercedes.com.ar\/principal\/wp-content\/uploads\/2019\/09\/Incendio-La-Verde-1.jpeg","wps_subtitle":"Comunicaci\u00f3n del partido de izquierda","jetpack_sharing_enabled":true,"_links":{"self":[{"href":"https:\/\/www.hoymercedes.com.ar\/principal\/wp-json\/wp\/v2\/posts\/117695","targetHints":{"allow":["GET"]}}],"collection":[{"href":"https:\/\/www.hoymercedes.com.ar\/principal\/wp-json\/wp\/v2\/posts"}],"about":[{"href":"https:\/\/www.hoymercedes.com.ar\/principal\/wp-json\/wp\/v2\/types\/post"}],"author":[{"embeddable":true,"href":"https:\/\/www.hoymercedes.com.ar\/principal\/wp-json\/wp\/v2\/users\/5"}],"replies":[{"embeddable":true,"href":"https:\/\/www.hoymercedes.com.ar\/principal\/wp-json\/wp\/v2\/comments?post=117695"}],"version-history":[{"count":0,"href":"https:\/\/www.hoymercedes.com.ar\/principal\/wp-json\/wp\/v2\/posts\/117695\/revisions"}],"wp:featuredmedia":[{"embeddable":true,"href":"https:\/\/www.hoymercedes.com.ar\/principal\/wp-json\/wp\/v2\/media\/100534"}],"wp:attachment":[{"href":"https:\/\/www.hoymercedes.com.ar\/principal\/wp-json\/wp\/v2\/media?parent=117695"}],"wp:term":[{"taxonomy":"category","embeddable":true,"href":"https:\/\/www.hoymercedes.com.ar\/principal\/wp-json\/wp\/v2\/categories?post=117695"},{"taxonomy":"post_tag","embeddable":true,"href":"https:\/\/www.hoymercedes.com.ar\/principal\/wp-json\/wp\/v2\/tags?post=117695"}],"curies":[{"name":"wp","href":"https:\/\/api.w.org\/{rel}","templated":true}]}}